{"id":37361,"date":"2024-09-14T02:15:10","date_gmt":"2024-09-14T00:15:10","guid":{"rendered":"https:\/\/manipogo.de\/?p=37361"},"modified":"2024-10-11T18:52:09","modified_gmt":"2024-10-11T16:52:09","slug":"erklaert-pereira","status":"publish","type":"post","link":"https:\/\/manipogo.de\/?p=37361","title":{"rendered":"Erkl\u00e4rt Pereira"},"content":{"rendered":"<p>In den drei Links, die ich gestern anbrachte, kommt immer der Film <em>Erkl\u00e4rt Pereira<\/em> nach Antonio Tabucchi vor, und nie hatte ich \u00fcber ihn geschrieben. Man kann ihn auf <em>Youtube<\/em> sehen, leider nur in einer schlechten italienischen Fassung mit spanischen Untertiteln. Roberto Faenza hat ihn 1995 mit Marcello Mastroianni in der Titelrolle gedreht, der im Jahr darauf starb. Der Trailer kommt <a href=\"https:\/\/www.youtube.com\/watch?v=6TSPjA7vSAE\">hier<\/a>. <!--more--><\/p>\n<p>Eine Stimme aus dem Off sagt, w\u00e4hrend wir Mastroianni sehen, von Zeit zu Zeit: \u00bbPereira erkl\u00e4rt, dass er &#8230; \u00ab Pereira hat Grunds\u00e4tze und ein geregeltes Leben mit einem befriedigenden Job, der ihn nicht allzusehr anstrengt (ein bi\u00dfchen wie Herr Jos\u00e9) : Er schreibt Kulturberichte f\u00fcr eine Zeitung in Lissabon. Allerdings ist es die Zeit um 1940; seit 1932 herrscht mit General Salazar ein harter, autorit\u00e4rer Mann, der zu Deutschland Beziehungen pflegt und sich neutral gibt. Geht das? Das m\u00e4chtige Spanien hat gerade seinen blutigen B\u00fcrgerkrieg hinter sich gebracht, die Deutschen sind in Paris einmarschiert, und Lissabon ist f\u00fcr alle wichtig, die den Kontinent in Richtung Amerika verlassen wollen. Lissabon ist eine Hoffnung.<\/p>\n<p>Pereira hat seine Frau verloren und spricht jeden Tag mit ihr (mit ihrem Bild unterh\u00e4lt er sich) und schreibt seine Berichte, besucht wegen seiner Gesundheit die Thermen, kn\u00fcpft eine Beziehung zu einem begabten jungen Schreiber an und lernt eine junge Widerst\u00e4ndlerin kennen. Der scheue, der Kultur hingegebene Redakteur Pereira h\u00e4lt sich aber aus allem raus &#8230; bis der junge Journalist einen Freund anschleppt, den Pereira verbergen soll. Er ist ja ein gutm\u00fctiger Mann, der jedoch bald die Fratze des B\u00f6sen kennenlernen wird und pl\u00f6tzlich emp\u00f6rt ist. Der scheinbar unpolitische Feuilletonist erkennt, dass alles Politik ist und dass er die Pflicht hat, zu handeln.<\/p>\n<p>Mastroianni spielt den Pereira wunderbar, mit all seinen Marotten und Tagtr\u00e4umen. Wir sehen ihn am Ende, wie er fluchtartig seine Wohnung verl\u00e4sst, auf der Flucht auch er. Seine Tat mag nicht viel ver\u00e4ndert haben, aber f\u00fcr ihn war sie wichtig, er kann hocherhobenen Hauptes weitergehen, hat sich seine W\u00fcrde und sein Menschsein bewahrt. Wie viele waren nicht kleinm\u00fctig, arrangierten sich, kamen durch damit, \u00fcberlebten, doch sie wussten selber, dass sie versagt hatten angesichts der Gewalt und dass es daf\u00fcr keine Entschuldigung gibt. Also wieder, wie gestern, eine Geschichte aus Lissabon, das ich nicht kenne und heute eine Hauptstadt mit viel Tourismus ist, aber auch voll mit Geschichte.<\/p>\n<p>Salazar unterhielt sein Regime mit harter Hand bis 1968, als er erkrankte, und das ihm folgende Milit\u00e4rregime blieb bis zum April 1974, als die <a href=\"https:\/\/de.wikipedia.org\/wiki\/Nelkenrevolution\"><em>Nelkenrevolution<\/em><\/a> begann: alles in allem eine \u00e4hnliche Geschichte wie im gro\u00dfen Nachbarland Spanien, das Diktator Franco sogar problemlos von 1933 bis 1975 regierte. Bis beide L\u00e4nder demokratisiert waren, hat es einige Zeit gedauert. Auch dabei brauchte man Menschen mit Zivilcourage.<\/p>\n<p>&nbsp;<\/p>\n<p>&nbsp;<\/p>\n","protected":false},"excerpt":{"rendered":"<p>In den drei Links, die ich gestern anbrachte, kommt immer der Film Erkl\u00e4rt Pereira nach Antonio Tabucchi vor, und nie hatte ich \u00fcber ihn geschrieben. Man kann ihn auf Youtube sehen, leider nur in einer schlechten italienischen Fassung mit spanischen Untertiteln. Roberto Faenza hat ihn 1995 mit Marcello Mastroianni in der Titelrolle gedreht, der im [&hellip;]<\/p>\n","protected":false},"author":1,"featured_media":0,"comment_status":"closed","ping_status":"closed","sticky":false,"template":"","format":"standard","meta":{"footnotes":""},"categories":[1239],"tags":[2651,1964],"class_list":["post-37361","post","type-post","status-publish","format-standard","hentry","category-film","tag-diktatur","tag-portugal"],"yoast_head":"<!-- This site is optimized with the Yoast SEO plugin v27.3 - https:\/\/yoast.com\/product\/yoast-seo-wordpress\/ -->\n<title>Erkl\u00e4rt Pereira - manipogo<\/title>\n<meta name=\"description\" content=\"&quot;Erkl\u00e4rt Pereira&quot; ist ein italienische Film von 1995, gedreht von Roberto Faenza mit Marcello Mastroianni als Kulturredakteur Pereira, der in Lissabon die Realit\u00e4ten des Faschismus nicht sehen will und dann doch begreift, dass er handeln muss.\" \/>\n<meta name=\"robots\" content=\"index, follow, max-snippet:-1, max-image-preview:large, max-video-preview:-1\" \/>\n<link rel=\"canonical\" href=\"https:\/\/manipogo.de\/?p=37361\" \/>\n<meta property=\"og:locale\" content=\"de_DE\" \/>\n<meta property=\"og:type\" content=\"article\" \/>\n<meta property=\"og:title\" content=\"Erkl\u00e4rt Pereira - manipogo\" \/>\n<meta property=\"og:description\" content=\"&quot;Erkl\u00e4rt Pereira&quot; ist ein italienische Film von 1995, gedreht von Roberto Faenza mit Marcello Mastroianni als Kulturredakteur Pereira, der in Lissabon die Realit\u00e4ten des Faschismus nicht sehen will und dann doch begreift, dass er handeln muss.\" \/>\n<meta property=\"og:url\" content=\"https:\/\/manipogo.de\/?p=37361\" \/>\n<meta property=\"og:site_name\" content=\"manipogo\" \/>\n<meta property=\"article:published_time\" content=\"2024-09-14T00:15:10+00:00\" \/>\n<meta property=\"article:modified_time\" content=\"2024-10-11T16:52:09+00:00\" \/>\n<meta name=\"author\" content=\"web108\" \/>\n<meta name=\"twitter:card\" content=\"summary_large_image\" \/>\n<meta name=\"twitter:label1\" content=\"Verfasst von\" \/>\n\t<meta name=\"twitter:data1\" content=\"web108\" \/>\n\t<meta name=\"twitter:label2\" content=\"Gesch\u00e4tzte Lesezeit\" \/>\n\t<meta name=\"twitter:data2\" content=\"3\u00a0Minuten\" \/>\n<script type=\"application\/ld+json\" class=\"yoast-schema-graph\">{\"@context\":\"https:\\\/\\\/schema.org\",\"@graph\":[{\"@type\":\"Article\",\"@id\":\"https:\\\/\\\/manipogo.de\\\/?p=37361#article\",\"isPartOf\":{\"@id\":\"https:\\\/\\\/manipogo.de\\\/?p=37361\"},\"author\":{\"name\":\"web108\",\"@id\":\"https:\\\/\\\/manipogo.de\\\/#\\\/schema\\\/person\\\/991913de0e39267877f234553fd7f58d\"},\"headline\":\"Erkl\u00e4rt Pereira\",\"datePublished\":\"2024-09-14T00:15:10+00:00\",\"dateModified\":\"2024-10-11T16:52:09+00:00\",\"mainEntityOfPage\":{\"@id\":\"https:\\\/\\\/manipogo.de\\\/?p=37361\"},\"wordCount\":471,\"keywords\":[\"Diktatur\",\"Portugal\"],\"articleSection\":[\"Film\"],\"inLanguage\":\"de\"},{\"@type\":\"WebPage\",\"@id\":\"https:\\\/\\\/manipogo.de\\\/?p=37361\",\"url\":\"https:\\\/\\\/manipogo.de\\\/?p=37361\",\"name\":\"Erkl\u00e4rt Pereira - manipogo\",\"isPartOf\":{\"@id\":\"https:\\\/\\\/manipogo.de\\\/#website\"},\"datePublished\":\"2024-09-14T00:15:10+00:00\",\"dateModified\":\"2024-10-11T16:52:09+00:00\",\"author\":{\"@id\":\"https:\\\/\\\/manipogo.de\\\/#\\\/schema\\\/person\\\/991913de0e39267877f234553fd7f58d\"},\"description\":\"\\\"Erkl\u00e4rt Pereira\\\" ist ein italienische Film von 1995, gedreht von Roberto Faenza mit Marcello Mastroianni als Kulturredakteur Pereira, der in Lissabon die Realit\u00e4ten des Faschismus nicht sehen will und dann doch begreift, dass er handeln muss.\",\"breadcrumb\":{\"@id\":\"https:\\\/\\\/manipogo.de\\\/?p=37361#breadcrumb\"},\"inLanguage\":\"de\",\"potentialAction\":[{\"@type\":\"ReadAction\",\"target\":[\"https:\\\/\\\/manipogo.de\\\/?p=37361\"]}]},{\"@type\":\"BreadcrumbList\",\"@id\":\"https:\\\/\\\/manipogo.de\\\/?p=37361#breadcrumb\",\"itemListElement\":[{\"@type\":\"ListItem\",\"position\":1,\"name\":\"Startseite\",\"item\":\"https:\\\/\\\/manipogo.de\\\/\"},{\"@type\":\"ListItem\",\"position\":2,\"name\":\"Erkl\u00e4rt Pereira\"}]},{\"@type\":\"WebSite\",\"@id\":\"https:\\\/\\\/manipogo.de\\\/#website\",\"url\":\"https:\\\/\\\/manipogo.de\\\/\",\"name\":\"manipogo\",\"description\":\"Gott und die Welt\",\"potentialAction\":[{\"@type\":\"SearchAction\",\"target\":{\"@type\":\"EntryPoint\",\"urlTemplate\":\"https:\\\/\\\/manipogo.de\\\/?s={search_term_string}\"},\"query-input\":{\"@type\":\"PropertyValueSpecification\",\"valueRequired\":true,\"valueName\":\"search_term_string\"}}],\"inLanguage\":\"de\"},{\"@type\":\"Person\",\"@id\":\"https:\\\/\\\/manipogo.de\\\/#\\\/schema\\\/person\\\/991913de0e39267877f234553fd7f58d\",\"name\":\"web108\",\"url\":\"https:\\\/\\\/manipogo.de\\\/?author=1\"}]}<\/script>\n<!-- \/ Yoast SEO plugin. -->","yoast_head_json":{"title":"Erkl\u00e4rt Pereira - manipogo","description":"\"Erkl\u00e4rt Pereira\" ist ein italienische Film von 1995, gedreht von Roberto Faenza mit Marcello Mastroianni als Kulturredakteur Pereira, der in Lissabon die Realit\u00e4ten des Faschismus nicht sehen will und dann doch begreift, dass er handeln muss.","robots":{"index":"index","follow":"follow","max-snippet":"max-snippet:-1","max-image-preview":"max-image-preview:large","max-video-preview":"max-video-preview:-1"},"canonical":"https:\/\/manipogo.de\/?p=37361","og_locale":"de_DE","og_type":"article","og_title":"Erkl\u00e4rt Pereira - manipogo","og_description":"\"Erkl\u00e4rt Pereira\" ist ein italienische Film von 1995, gedreht von Roberto Faenza mit Marcello Mastroianni als Kulturredakteur Pereira, der in Lissabon die Realit\u00e4ten des Faschismus nicht sehen will und dann doch begreift, dass er handeln muss.","og_url":"https:\/\/manipogo.de\/?p=37361","og_site_name":"manipogo","article_published_time":"2024-09-14T00:15:10+00:00","article_modified_time":"2024-10-11T16:52:09+00:00","author":"web108","twitter_card":"summary_large_image","twitter_misc":{"Verfasst von":"web108","Gesch\u00e4tzte Lesezeit":"3\u00a0Minuten"},"schema":{"@context":"https:\/\/schema.org","@graph":[{"@type":"Article","@id":"https:\/\/manipogo.de\/?p=37361#article","isPartOf":{"@id":"https:\/\/manipogo.de\/?p=37361"},"author":{"name":"web108","@id":"https:\/\/manipogo.de\/#\/schema\/person\/991913de0e39267877f234553fd7f58d"},"headline":"Erkl\u00e4rt Pereira","datePublished":"2024-09-14T00:15:10+00:00","dateModified":"2024-10-11T16:52:09+00:00","mainEntityOfPage":{"@id":"https:\/\/manipogo.de\/?p=37361"},"wordCount":471,"keywords":["Diktatur","Portugal"],"articleSection":["Film"],"inLanguage":"de"},{"@type":"WebPage","@id":"https:\/\/manipogo.de\/?p=37361","url":"https:\/\/manipogo.de\/?p=37361","name":"Erkl\u00e4rt Pereira - manipogo","isPartOf":{"@id":"https:\/\/manipogo.de\/#website"},"datePublished":"2024-09-14T00:15:10+00:00","dateModified":"2024-10-11T16:52:09+00:00","author":{"@id":"https:\/\/manipogo.de\/#\/schema\/person\/991913de0e39267877f234553fd7f58d"},"description":"\"Erkl\u00e4rt Pereira\" ist ein italienische Film von 1995, gedreht von Roberto Faenza mit Marcello Mastroianni als Kulturredakteur Pereira, der in Lissabon die Realit\u00e4ten des Faschismus nicht sehen will und dann doch begreift, dass er handeln muss.","breadcrumb":{"@id":"https:\/\/manipogo.de\/?p=37361#breadcrumb"},"inLanguage":"de","potentialAction":[{"@type":"ReadAction","target":["https:\/\/manipogo.de\/?p=37361"]}]},{"@type":"BreadcrumbList","@id":"https:\/\/manipogo.de\/?p=37361#breadcrumb","itemListElement":[{"@type":"ListItem","position":1,"name":"Startseite","item":"https:\/\/manipogo.de\/"},{"@type":"ListItem","position":2,"name":"Erkl\u00e4rt Pereira"}]},{"@type":"WebSite","@id":"https:\/\/manipogo.de\/#website","url":"https:\/\/manipogo.de\/","name":"manipogo","description":"Gott und die Welt","potentialAction":[{"@type":"SearchAction","target":{"@type":"EntryPoint","urlTemplate":"https:\/\/manipogo.de\/?s={search_term_string}"},"query-input":{"@type":"PropertyValueSpecification","valueRequired":true,"valueName":"search_term_string"}}],"inLanguage":"de"},{"@type":"Person","@id":"https:\/\/manipogo.de\/#\/schema\/person\/991913de0e39267877f234553fd7f58d","name":"web108","url":"https:\/\/manipogo.de\/?author=1"}]}},"_links":{"self":[{"href":"https:\/\/manipogo.de\/index.php?rest_route=\/wp\/v2\/posts\/37361","targetHints":{"allow":["GET"]}}],"collection":[{"href":"https:\/\/manipogo.de\/index.php?rest_route=\/wp\/v2\/posts"}],"about":[{"href":"https:\/\/manipogo.de\/index.php?rest_route=\/wp\/v2\/types\/post"}],"author":[{"embeddable":true,"href":"https:\/\/manipogo.de\/index.php?rest_route=\/wp\/v2\/users\/1"}],"replies":[{"embeddable":true,"href":"https:\/\/manipogo.de\/index.php?rest_route=%2Fwp%2Fv2%2Fcomments&post=37361"}],"version-history":[{"count":7,"href":"https:\/\/manipogo.de\/index.php?rest_route=\/wp\/v2\/posts\/37361\/revisions"}],"predecessor-version":[{"id":38274,"href":"https:\/\/manipogo.de\/index.php?rest_route=\/wp\/v2\/posts\/37361\/revisions\/38274"}],"wp:attachment":[{"href":"https:\/\/manipogo.de\/index.php?rest_route=%2Fwp%2Fv2%2Fmedia&parent=37361"}],"wp:term":[{"taxonomy":"category","embeddable":true,"href":"https:\/\/manipogo.de\/index.php?rest_route=%2Fwp%2Fv2%2Fcategories&post=37361"},{"taxonomy":"post_tag","embeddable":true,"href":"https:\/\/manipogo.de\/index.php?rest_route=%2Fwp%2Fv2%2Ftags&post=37361"}],"curies":[{"name":"wp","href":"https:\/\/api.w.org\/{rel}","templated":true}]}}