{"id":37712,"date":"2024-08-31T02:13:48","date_gmt":"2024-08-31T00:13:48","guid":{"rendered":"https:\/\/manipogo.de\/?p=37712"},"modified":"2024-08-31T09:20:48","modified_gmt":"2024-08-31T07:20:48","slug":"wahlen-in-deutschland","status":"publish","type":"post","link":"https:\/\/manipogo.de\/?p=37712","title":{"rendered":"Die Wahlen morgen im Osten: Was die NY Times schreibt"},"content":{"rendered":"<p>Vor dem Schreibwarenladen <em>Buntstift<\/em> in Sulzburg wartete in einem St\u00e4nder die <em>New York Times<\/em> auf mich: vom selben Tag, Freitag, 30. August! Die internationale Ausgabe! In New York ist es 6 Stunden fr\u00fcher, so erkl\u00e4rt sich das. Die gro\u00dfe Zeitung hat auch einen Artikel zu den Wahlen in Th\u00fcringen und Sachsen morgen, und der interessiert uns. <!--more--><\/p>\n<p>Dazu muss ich noch sagen, dass Uwe Johnson in seinem 1600-Seiten-Buch <em>Jahrestage<\/em> die New York Times immer verehrte. Sie war f\u00fcr ihn die alte Tante, der man vertrauen kann. Das Buch beginnt ja am 20. August 1967 und behandelt ein Jahr in Manhattan, wo Gesine Cresspahl mit ihrer kleinen Tochter Marie lebt. Ein gro\u00dfes Werk. F\u00fcr den 30. August (1967) vermerkt er:<\/p>\n<p><em>Der Vietcong brach in ein Gef\u00e4ngnis in Quangngai und befreite 800 Gefangene. Die Zeitung (The New York Times) nennt die Namen von vier amtlichen Kriegstoten aus der n\u00e4heren Umgebung, nicht aber die Zahl aller. Dem toten Nazi wurde der Weg zum Grab im Nationalfriedhof von Culpeper, Virginia, von einer Einheit Soldaten versperrt, weil die Partei nicht das Hakenkreuz vom Leichenwagen nehmen wollte; jetzt liegt er wieder beim Bestatter. (&#8230;) \u00a0<\/em><\/p>\n<p><a href=\"https:\/\/manipogo.de\/wp-content\/uploads\/20240831_002153-scaled.jpg\"><img loading=\"lazy\" decoding=\"async\" class=\"aligncenter wp-image-37716\" src=\"https:\/\/manipogo.de\/wp-content\/uploads\/20240831_002153-1024x576.jpg\" alt=\"\" width=\"540\" height=\"304\" srcset=\"https:\/\/manipogo.de\/wp-content\/uploads\/20240831_002153-1024x576.jpg 1024w, https:\/\/manipogo.de\/wp-content\/uploads\/20240831_002153-300x169.jpg 300w, https:\/\/manipogo.de\/wp-content\/uploads\/20240831_002153-768x432.jpg 768w, https:\/\/manipogo.de\/wp-content\/uploads\/20240831_002153-1536x864.jpg 1536w, https:\/\/manipogo.de\/wp-content\/uploads\/20240831_002153-2048x1152.jpg 2048w\" sizes=\"auto, (max-width: 540px) 100vw, 540px\" \/><\/a><\/p>\n<p>Der Artikel am 30. August 2024 steht auf der Seite <em>Opinion<\/em> (Meinung), ist von <strong>Peter Kuras<\/strong> und tr\u00e4gt den Titel <strong><em>The specter of Nazism is haunting Germany<\/em>.<\/strong> Das hei\u00dft: <em>Das Gespenst des Nationalsozialismus verfolgt Deutschland<\/em>. Die \u00fcbliche Panikmache? Ich informierte mich \u00fcber Peter Kuras und stie\u00df zuerst auf einen FDP-Politiker dieses Namens, der 7 Jahre B\u00fcrgermeister von Dessau war. Doch der Autor ist zum Gl\u00fcck ein anderer, der einen Doktor von der Princeton-Universit\u00e4t hat, in Berlin lebt und bereits f\u00fcr die <em>Times<\/em> und den <em>Guardian<\/em> geschrieben hat. Dieser Artikel f\u00fcr die <em>New York Times<\/em> ist anscheinend seine Premiere in dieser Zeitung. Schauen wir genauer hin.<\/p>\n<p>Nichts zu sagen: Es ist eine kluge, hellsichtige Analyse. Der Autor denkt an ein Bild aus dem Jahr 1992, als rechtsradikale Elemente Fl\u00fcchtlingsheime in Rostock \u00fcberfielen. Ein Mann, Harald Ewert, war abgebildet, der den Hitlergru\u00df darbot. Daf\u00fcr wurde er sp\u00e4ter verurteilt, weil das Foto um die Welt ging; andere im Hintergrund aber kamen ungeschoren davon. Das ist Kuras&#8216; Motiv: In Deutschland werden Hakenkreuz und Hitlergru\u00df verfolgt, aber sonst sei man irgendwie ratlos und \u00fcberlasse der Rechten viel Terrain. Oberfl\u00e4chliches Herumtun, wenig Substanz. Der Autor \u00fcberlegt:<\/p>\n<p><em>Politische Symbole sind wichtig, aber es wird problematisch, wenn sie politische Inhalte ersetzen. Es ist gut zu erkennen, dass der Hitlergru\u00df und das Hakenkreuz b\u00f6se sind. Aber manchmal hat man den Eindruck, dass die deutsche Sensibilit\u00e4t f\u00fcr die politischen Symbole den Deutschen eher dazu dient, vergessen zu wollen, was ihre Vorv\u00e4ter angerichtet haben, statt sich daran zu erinnern.<\/em><\/p>\n<p>Auch die Opposition gegen\u00fcber den Rechten von der AfD wirke eher dem Image geschuldet, als dass sie Substanz h\u00e4tte. Man konzentriere sich auf die b\u00f6sen Symbole und ignoriere die brutale Durchsetzung neuer Asylpraktiken, das Gekeife in den Medien und den Durchmarsch rechter Parteien. Eine geh\u00e4ssige Sprache pr\u00e4ge nun die deutsche Politik. Nach dem 7. Oktober, als die Hamas Israel angriff, und nach den Morden von Solingen ging es sofort wieder um mehr H\u00e4rte gegen\u00fcber Emigranten. Die D\u00e4monen der Vergangenheit wirkten immer noch, das Gespenst des Nationalsozialismus verfolge Deutschland bis heute. \u2014 Das kann man kaum bestreiten.<\/p>\n<p>\u2295<\/p>\n<p>Auf der Titelseite links schreibt Nicholas Kristof \u00fcber Europa: Modell oder Warnung? Er hebt hervor, dass bei uns die Menschen weniger arbeiten und mehr sozial abgesichert sind als in den USA, doch technisch und digital hinke Europa hinterher. Wenig Wirtschaftswachstum, wenig Dynamik. Hier m\u00fcssen wir nicht lange nachdenken: Europa ist ein Modell. Lasst uns ruhig dahinleben! Wachstum und Vorndranseinwollen und Turbokapitalismus setzen die Menschen unter Druck und Mutter Erde auch. Und der Reichtum kommt immer nur wenigen zugute, Take it easy. Und w\u00e4hlt Ms. Harris!<\/p>\n<p>&nbsp;<\/p>\n","protected":false},"excerpt":{"rendered":"<p>Vor dem Schreibwarenladen Buntstift in Sulzburg wartete in einem St\u00e4nder die New York Times auf mich: vom selben Tag, Freitag, 30. August! Die internationale Ausgabe! In New York ist es 6 Stunden fr\u00fcher, so erkl\u00e4rt sich das. Die gro\u00dfe Zeitung hat auch einen Artikel zu den Wahlen in Th\u00fcringen und Sachsen morgen, und der interessiert [&hellip;]<\/p>\n","protected":false},"author":1,"featured_media":0,"comment_status":"closed","ping_status":"closed","sticky":false,"template":"","format":"standard","meta":{"footnotes":""},"categories":[5],"tags":[558,351],"class_list":["post-37712","post","type-post","status-publish","format-standard","hentry","category-leben-heute","tag-nationalsozialismus","tag-wahlen"],"yoast_head":"<!-- This site is optimized with the Yoast SEO plugin v27.3 - https:\/\/yoast.com\/product\/yoast-seo-wordpress\/ -->\n<title>Die Wahlen morgen im Osten: Was die NY Times schreibt - manipogo<\/title>\n<meta name=\"description\" content=\"In Th\u00fcringen und Sachsen wird am Sonntag gew\u00e4hlt, und die &quot;New York Times&quot; \u00e4u\u00dfert sich dazu. Ihr Autor, Peter Kuras, findet, dass der Widerstand gegen Rechts sich in oberfl\u00e4chlichen Aktionen ersch\u00f6pft, aber keine Substanz habe. Die Vergangenheit wirke weiter.\" \/>\n<meta name=\"robots\" content=\"index, follow, max-snippet:-1, max-image-preview:large, max-video-preview:-1\" \/>\n<link rel=\"canonical\" href=\"https:\/\/manipogo.de\/?p=37712\" \/>\n<meta property=\"og:locale\" content=\"de_DE\" \/>\n<meta property=\"og:type\" content=\"article\" \/>\n<meta property=\"og:title\" content=\"Die Wahlen morgen im Osten: Was die NY Times schreibt - manipogo\" \/>\n<meta property=\"og:description\" content=\"In Th\u00fcringen und Sachsen wird am Sonntag gew\u00e4hlt, und die &quot;New York Times&quot; \u00e4u\u00dfert sich dazu. Ihr Autor, Peter Kuras, findet, dass der Widerstand gegen Rechts sich in oberfl\u00e4chlichen Aktionen ersch\u00f6pft, aber keine Substanz habe. Die Vergangenheit wirke weiter.\" \/>\n<meta property=\"og:url\" content=\"https:\/\/manipogo.de\/?p=37712\" \/>\n<meta property=\"og:site_name\" content=\"manipogo\" \/>\n<meta property=\"article:published_time\" content=\"2024-08-31T00:13:48+00:00\" \/>\n<meta property=\"article:modified_time\" content=\"2024-08-31T07:20:48+00:00\" \/>\n<meta property=\"og:image\" content=\"https:\/\/manipogo.de\/wp-content\/uploads\/20240831_002153-1024x576.jpg\" \/>\n<meta name=\"author\" content=\"web108\" \/>\n<meta name=\"twitter:card\" content=\"summary_large_image\" \/>\n<meta name=\"twitter:label1\" content=\"Verfasst von\" \/>\n\t<meta name=\"twitter:data1\" content=\"web108\" \/>\n\t<meta name=\"twitter:label2\" content=\"Gesch\u00e4tzte Lesezeit\" \/>\n\t<meta name=\"twitter:data2\" content=\"4\u00a0Minuten\" \/>\n<script type=\"application\/ld+json\" class=\"yoast-schema-graph\">{\"@context\":\"https:\\\/\\\/schema.org\",\"@graph\":[{\"@type\":\"Article\",\"@id\":\"https:\\\/\\\/manipogo.de\\\/?p=37712#article\",\"isPartOf\":{\"@id\":\"https:\\\/\\\/manipogo.de\\\/?p=37712\"},\"author\":{\"name\":\"web108\",\"@id\":\"https:\\\/\\\/manipogo.de\\\/#\\\/schema\\\/person\\\/991913de0e39267877f234553fd7f58d\"},\"headline\":\"Die Wahlen morgen im Osten: Was die NY Times schreibt\",\"datePublished\":\"2024-08-31T00:13:48+00:00\",\"dateModified\":\"2024-08-31T07:20:48+00:00\",\"mainEntityOfPage\":{\"@id\":\"https:\\\/\\\/manipogo.de\\\/?p=37712\"},\"wordCount\":648,\"image\":{\"@id\":\"https:\\\/\\\/manipogo.de\\\/?p=37712#primaryimage\"},\"thumbnailUrl\":\"https:\\\/\\\/manipogo.de\\\/wp-content\\\/uploads\\\/20240831_002153-1024x576.jpg\",\"keywords\":[\"Nationalsozialismus\",\"Wahlen\"],\"articleSection\":[\"Leben heute\"],\"inLanguage\":\"de\"},{\"@type\":\"WebPage\",\"@id\":\"https:\\\/\\\/manipogo.de\\\/?p=37712\",\"url\":\"https:\\\/\\\/manipogo.de\\\/?p=37712\",\"name\":\"Die Wahlen morgen im Osten: Was die NY Times schreibt - manipogo\",\"isPartOf\":{\"@id\":\"https:\\\/\\\/manipogo.de\\\/#website\"},\"primaryImageOfPage\":{\"@id\":\"https:\\\/\\\/manipogo.de\\\/?p=37712#primaryimage\"},\"image\":{\"@id\":\"https:\\\/\\\/manipogo.de\\\/?p=37712#primaryimage\"},\"thumbnailUrl\":\"https:\\\/\\\/manipogo.de\\\/wp-content\\\/uploads\\\/20240831_002153-1024x576.jpg\",\"datePublished\":\"2024-08-31T00:13:48+00:00\",\"dateModified\":\"2024-08-31T07:20:48+00:00\",\"author\":{\"@id\":\"https:\\\/\\\/manipogo.de\\\/#\\\/schema\\\/person\\\/991913de0e39267877f234553fd7f58d\"},\"description\":\"In Th\u00fcringen und Sachsen wird am Sonntag gew\u00e4hlt, und die \\\"New York Times\\\" \u00e4u\u00dfert sich dazu. Ihr Autor, Peter Kuras, findet, dass der Widerstand gegen Rechts sich in oberfl\u00e4chlichen Aktionen ersch\u00f6pft, aber keine Substanz habe. Die Vergangenheit wirke weiter.\",\"breadcrumb\":{\"@id\":\"https:\\\/\\\/manipogo.de\\\/?p=37712#breadcrumb\"},\"inLanguage\":\"de\",\"potentialAction\":[{\"@type\":\"ReadAction\",\"target\":[\"https:\\\/\\\/manipogo.de\\\/?p=37712\"]}]},{\"@type\":\"ImageObject\",\"inLanguage\":\"de\",\"@id\":\"https:\\\/\\\/manipogo.de\\\/?p=37712#primaryimage\",\"url\":\"https:\\\/\\\/manipogo.de\\\/wp-content\\\/uploads\\\/20240831_002153-scaled.jpg\",\"contentUrl\":\"https:\\\/\\\/manipogo.de\\\/wp-content\\\/uploads\\\/20240831_002153-scaled.jpg\",\"width\":2560,\"height\":1440},{\"@type\":\"BreadcrumbList\",\"@id\":\"https:\\\/\\\/manipogo.de\\\/?p=37712#breadcrumb\",\"itemListElement\":[{\"@type\":\"ListItem\",\"position\":1,\"name\":\"Startseite\",\"item\":\"https:\\\/\\\/manipogo.de\\\/\"},{\"@type\":\"ListItem\",\"position\":2,\"name\":\"Die Wahlen morgen im Osten: Was die NY Times schreibt\"}]},{\"@type\":\"WebSite\",\"@id\":\"https:\\\/\\\/manipogo.de\\\/#website\",\"url\":\"https:\\\/\\\/manipogo.de\\\/\",\"name\":\"manipogo\",\"description\":\"Gott und die Welt\",\"potentialAction\":[{\"@type\":\"SearchAction\",\"target\":{\"@type\":\"EntryPoint\",\"urlTemplate\":\"https:\\\/\\\/manipogo.de\\\/?s={search_term_string}\"},\"query-input\":{\"@type\":\"PropertyValueSpecification\",\"valueRequired\":true,\"valueName\":\"search_term_string\"}}],\"inLanguage\":\"de\"},{\"@type\":\"Person\",\"@id\":\"https:\\\/\\\/manipogo.de\\\/#\\\/schema\\\/person\\\/991913de0e39267877f234553fd7f58d\",\"name\":\"web108\",\"url\":\"https:\\\/\\\/manipogo.de\\\/?author=1\"}]}<\/script>\n<!-- \/ Yoast SEO plugin. -->","yoast_head_json":{"title":"Die Wahlen morgen im Osten: Was die NY Times schreibt - manipogo","description":"In Th\u00fcringen und Sachsen wird am Sonntag gew\u00e4hlt, und die \"New York Times\" \u00e4u\u00dfert sich dazu. Ihr Autor, Peter Kuras, findet, dass der Widerstand gegen Rechts sich in oberfl\u00e4chlichen Aktionen ersch\u00f6pft, aber keine Substanz habe. Die Vergangenheit wirke weiter.","robots":{"index":"index","follow":"follow","max-snippet":"max-snippet:-1","max-image-preview":"max-image-preview:large","max-video-preview":"max-video-preview:-1"},"canonical":"https:\/\/manipogo.de\/?p=37712","og_locale":"de_DE","og_type":"article","og_title":"Die Wahlen morgen im Osten: Was die NY Times schreibt - manipogo","og_description":"In Th\u00fcringen und Sachsen wird am Sonntag gew\u00e4hlt, und die \"New York Times\" \u00e4u\u00dfert sich dazu. Ihr Autor, Peter Kuras, findet, dass der Widerstand gegen Rechts sich in oberfl\u00e4chlichen Aktionen ersch\u00f6pft, aber keine Substanz habe. Die Vergangenheit wirke weiter.","og_url":"https:\/\/manipogo.de\/?p=37712","og_site_name":"manipogo","article_published_time":"2024-08-31T00:13:48+00:00","article_modified_time":"2024-08-31T07:20:48+00:00","og_image":[{"url":"https:\/\/manipogo.de\/wp-content\/uploads\/20240831_002153-1024x576.jpg","type":"","width":"","height":""}],"author":"web108","twitter_card":"summary_large_image","twitter_misc":{"Verfasst von":"web108","Gesch\u00e4tzte Lesezeit":"4\u00a0Minuten"},"schema":{"@context":"https:\/\/schema.org","@graph":[{"@type":"Article","@id":"https:\/\/manipogo.de\/?p=37712#article","isPartOf":{"@id":"https:\/\/manipogo.de\/?p=37712"},"author":{"name":"web108","@id":"https:\/\/manipogo.de\/#\/schema\/person\/991913de0e39267877f234553fd7f58d"},"headline":"Die Wahlen morgen im Osten: Was die NY Times schreibt","datePublished":"2024-08-31T00:13:48+00:00","dateModified":"2024-08-31T07:20:48+00:00","mainEntityOfPage":{"@id":"https:\/\/manipogo.de\/?p=37712"},"wordCount":648,"image":{"@id":"https:\/\/manipogo.de\/?p=37712#primaryimage"},"thumbnailUrl":"https:\/\/manipogo.de\/wp-content\/uploads\/20240831_002153-1024x576.jpg","keywords":["Nationalsozialismus","Wahlen"],"articleSection":["Leben heute"],"inLanguage":"de"},{"@type":"WebPage","@id":"https:\/\/manipogo.de\/?p=37712","url":"https:\/\/manipogo.de\/?p=37712","name":"Die Wahlen morgen im Osten: Was die NY Times schreibt - manipogo","isPartOf":{"@id":"https:\/\/manipogo.de\/#website"},"primaryImageOfPage":{"@id":"https:\/\/manipogo.de\/?p=37712#primaryimage"},"image":{"@id":"https:\/\/manipogo.de\/?p=37712#primaryimage"},"thumbnailUrl":"https:\/\/manipogo.de\/wp-content\/uploads\/20240831_002153-1024x576.jpg","datePublished":"2024-08-31T00:13:48+00:00","dateModified":"2024-08-31T07:20:48+00:00","author":{"@id":"https:\/\/manipogo.de\/#\/schema\/person\/991913de0e39267877f234553fd7f58d"},"description":"In Th\u00fcringen und Sachsen wird am Sonntag gew\u00e4hlt, und die \"New York Times\" \u00e4u\u00dfert sich dazu. Ihr Autor, Peter Kuras, findet, dass der Widerstand gegen Rechts sich in oberfl\u00e4chlichen Aktionen ersch\u00f6pft, aber keine Substanz habe. Die Vergangenheit wirke weiter.","breadcrumb":{"@id":"https:\/\/manipogo.de\/?p=37712#breadcrumb"},"inLanguage":"de","potentialAction":[{"@type":"ReadAction","target":["https:\/\/manipogo.de\/?p=37712"]}]},{"@type":"ImageObject","inLanguage":"de","@id":"https:\/\/manipogo.de\/?p=37712#primaryimage","url":"https:\/\/manipogo.de\/wp-content\/uploads\/20240831_002153-scaled.jpg","contentUrl":"https:\/\/manipogo.de\/wp-content\/uploads\/20240831_002153-scaled.jpg","width":2560,"height":1440},{"@type":"BreadcrumbList","@id":"https:\/\/manipogo.de\/?p=37712#breadcrumb","itemListElement":[{"@type":"ListItem","position":1,"name":"Startseite","item":"https:\/\/manipogo.de\/"},{"@type":"ListItem","position":2,"name":"Die Wahlen morgen im Osten: Was die NY Times schreibt"}]},{"@type":"WebSite","@id":"https:\/\/manipogo.de\/#website","url":"https:\/\/manipogo.de\/","name":"manipogo","description":"Gott und die Welt","potentialAction":[{"@type":"SearchAction","target":{"@type":"EntryPoint","urlTemplate":"https:\/\/manipogo.de\/?s={search_term_string}"},"query-input":{"@type":"PropertyValueSpecification","valueRequired":true,"valueName":"search_term_string"}}],"inLanguage":"de"},{"@type":"Person","@id":"https:\/\/manipogo.de\/#\/schema\/person\/991913de0e39267877f234553fd7f58d","name":"web108","url":"https:\/\/manipogo.de\/?author=1"}]}},"_links":{"self":[{"href":"https:\/\/manipogo.de\/index.php?rest_route=\/wp\/v2\/posts\/37712","targetHints":{"allow":["GET"]}}],"collection":[{"href":"https:\/\/manipogo.de\/index.php?rest_route=\/wp\/v2\/posts"}],"about":[{"href":"https:\/\/manipogo.de\/index.php?rest_route=\/wp\/v2\/types\/post"}],"author":[{"embeddable":true,"href":"https:\/\/manipogo.de\/index.php?rest_route=\/wp\/v2\/users\/1"}],"replies":[{"embeddable":true,"href":"https:\/\/manipogo.de\/index.php?rest_route=%2Fwp%2Fv2%2Fcomments&post=37712"}],"version-history":[{"count":6,"href":"https:\/\/manipogo.de\/index.php?rest_route=\/wp\/v2\/posts\/37712\/revisions"}],"predecessor-version":[{"id":37720,"href":"https:\/\/manipogo.de\/index.php?rest_route=\/wp\/v2\/posts\/37712\/revisions\/37720"}],"wp:attachment":[{"href":"https:\/\/manipogo.de\/index.php?rest_route=%2Fwp%2Fv2%2Fmedia&parent=37712"}],"wp:term":[{"taxonomy":"category","embeddable":true,"href":"https:\/\/manipogo.de\/index.php?rest_route=%2Fwp%2Fv2%2Fcategories&post=37712"},{"taxonomy":"post_tag","embeddable":true,"href":"https:\/\/manipogo.de\/index.php?rest_route=%2Fwp%2Fv2%2Ftags&post=37712"}],"curies":[{"name":"wp","href":"https:\/\/api.w.org\/{rel}","templated":true}]}}