{"id":38030,"date":"2024-10-01T01:31:35","date_gmt":"2024-09-30T23:31:35","guid":{"rendered":"https:\/\/manipogo.de\/?p=38030"},"modified":"2024-09-30T23:41:25","modified_gmt":"2024-09-30T21:41:25","slug":"der-grosse-mythen","status":"publish","type":"post","link":"https:\/\/manipogo.de\/?p=38030","title":{"rendered":"Der Grosse Mythen"},"content":{"rendered":"<p>Vor acht Tagen stand ich auf dem Gro\u00dfen Mythen. Ich war von unten geradezu hochgespurtet, \u00fcber die 47 Kehren hinauf auf 1898 Meter. Man sieht von dort hin\u00fcber zum Rigi und hinunter auf Lauerzer und Vierwaldst\u00e4tter See, von dem aus der Berg deutlich zu sehen ist: Er ragt deutlich empor neben seinem Verwandten, dem Kleinen Mythen. <!--more--><\/p>\n<p>Beide wirken wie M\u00f6nche, die ihre Kapuze \u00fcber den Kopf gezogen haben. Ihre glatten Felsw\u00e4nde wecken Achtung. Einmal (die beiden oberen Bilder) habe ich sie sch\u00f6n fotografiert, von Schwyz aus. Das war Ende September 2011, als ich (in Hochform) den Klausenpass fuhr und hinterher \u00fcber Rotthenthurm zum Z\u00fcrichsee und dann auch noch heim.<\/p>\n<p><a href=\"https:\/\/manipogo.de\/wp-content\/uploads\/DSCN2977.jpg\"><img loading=\"lazy\" decoding=\"async\" class=\"aligncenter size-full wp-image-38100\" src=\"https:\/\/manipogo.de\/wp-content\/uploads\/DSCN2977.jpg\" alt=\"\" width=\"540\" height=\"461\" srcset=\"https:\/\/manipogo.de\/wp-content\/uploads\/DSCN2977.jpg 540w, https:\/\/manipogo.de\/wp-content\/uploads\/DSCN2977-300x256.jpg 300w\" sizes=\"auto, (max-width: 540px) 100vw, 540px\" \/><\/a><\/p>\n<p><a href=\"https:\/\/manipogo.de\/wp-content\/uploads\/DSCN2976.jpg\"><img loading=\"lazy\" decoding=\"async\" class=\"aligncenter size-full wp-image-38101\" src=\"https:\/\/manipogo.de\/wp-content\/uploads\/DSCN2976.jpg\" alt=\"\" width=\"540\" height=\"408\" srcset=\"https:\/\/manipogo.de\/wp-content\/uploads\/DSCN2976.jpg 540w, https:\/\/manipogo.de\/wp-content\/uploads\/DSCN2976-300x227.jpg 300w\" sizes=\"auto, (max-width: 540px) 100vw, 540px\" \/><\/a><\/p>\n<p><a href=\"https:\/\/manipogo.de\/wp-content\/uploads\/IMG_20240922_132053-scaled.jpg\"><img loading=\"lazy\" decoding=\"async\" class=\"aligncenter wp-image-38032\" src=\"https:\/\/manipogo.de\/wp-content\/uploads\/IMG_20240922_132053-768x1024.jpg\" alt=\"\" width=\"540\" height=\"720\" srcset=\"https:\/\/manipogo.de\/wp-content\/uploads\/IMG_20240922_132053-768x1024.jpg 768w, https:\/\/manipogo.de\/wp-content\/uploads\/IMG_20240922_132053-225x300.jpg 225w, https:\/\/manipogo.de\/wp-content\/uploads\/IMG_20240922_132053-1152x1536.jpg 1152w, https:\/\/manipogo.de\/wp-content\/uploads\/IMG_20240922_132053-1536x2048.jpg 1536w, https:\/\/manipogo.de\/wp-content\/uploads\/IMG_20240922_132053-scaled.jpg 1920w\" sizes=\"auto, (max-width: 540px) 100vw, 540px\" \/><\/a><\/p>\n<p>Vielleicht stammt der Name von der Mitra ab, der Bischofsm\u00fctze? Johann Wolfgang von Goethe sah die beiden Berge 1775 und 1797, bei seinen beiden Reisen in die Schweiz. Am 30. September 1797 wanderte er von Einsiedeln nach Schwyz, an den beiden Bergriesen vorbei, an denen \u00bbdie Wolken sinkend hinstrichen. Die Mythen waren klar. &#8230; Herrlicher R\u00fcckblick auf die ernsten Mythen.\u00ab<\/p>\n<p><a href=\"https:\/\/manipogo.de\/wp-content\/uploads\/IMG_20240922_150438-scaled.jpg\"><img loading=\"lazy\" decoding=\"async\" class=\"aligncenter wp-image-38033\" src=\"https:\/\/manipogo.de\/wp-content\/uploads\/IMG_20240922_150438-768x1024.jpg\" alt=\"\" width=\"540\" height=\"720\" srcset=\"https:\/\/manipogo.de\/wp-content\/uploads\/IMG_20240922_150438-768x1024.jpg 768w, https:\/\/manipogo.de\/wp-content\/uploads\/IMG_20240922_150438-225x300.jpg 225w, https:\/\/manipogo.de\/wp-content\/uploads\/IMG_20240922_150438-1152x1536.jpg 1152w, https:\/\/manipogo.de\/wp-content\/uploads\/IMG_20240922_150438-1536x2048.jpg 1536w, https:\/\/manipogo.de\/wp-content\/uploads\/IMG_20240922_150438-scaled.jpg 1920w\" sizes=\"auto, (max-width: 540px) 100vw, 540px\" \/><\/a><\/p>\n<p><a href=\"https:\/\/manipogo.de\/wp-content\/uploads\/IMG_20240922_142237-scaled.jpg\"><img loading=\"lazy\" decoding=\"async\" class=\"aligncenter wp-image-38034\" src=\"https:\/\/manipogo.de\/wp-content\/uploads\/IMG_20240922_142237-1024x768.jpg\" alt=\"\" width=\"540\" height=\"405\" srcset=\"https:\/\/manipogo.de\/wp-content\/uploads\/IMG_20240922_142237-1024x768.jpg 1024w, https:\/\/manipogo.de\/wp-content\/uploads\/IMG_20240922_142237-300x225.jpg 300w, https:\/\/manipogo.de\/wp-content\/uploads\/IMG_20240922_142237-768x576.jpg 768w, https:\/\/manipogo.de\/wp-content\/uploads\/IMG_20240922_142237-1536x1152.jpg 1536w, https:\/\/manipogo.de\/wp-content\/uploads\/IMG_20240922_142237-2048x1536.jpg 2048w\" sizes=\"auto, (max-width: 540px) 100vw, 540px\" \/><\/a><a href=\"https:\/\/manipogo.de\/wp-content\/uploads\/IMG_20240922_141914-scaled.jpg\"><img loading=\"lazy\" decoding=\"async\" class=\"aligncenter wp-image-38035\" src=\"https:\/\/manipogo.de\/wp-content\/uploads\/IMG_20240922_141914-1024x768.jpg\" alt=\"\" width=\"540\" height=\"405\" srcset=\"https:\/\/manipogo.de\/wp-content\/uploads\/IMG_20240922_141914-1024x768.jpg 1024w, https:\/\/manipogo.de\/wp-content\/uploads\/IMG_20240922_141914-300x225.jpg 300w, https:\/\/manipogo.de\/wp-content\/uploads\/IMG_20240922_141914-768x576.jpg 768w, https:\/\/manipogo.de\/wp-content\/uploads\/IMG_20240922_141914-1536x1152.jpg 1536w, https:\/\/manipogo.de\/wp-content\/uploads\/IMG_20240922_141914-2048x1536.jpg 2048w\" sizes=\"auto, (max-width: 540px) 100vw, 540px\" \/><\/a><\/p>\n<p>Wir sehen auf dem obigen Bild links den Vierwaldst\u00e4tter See und rechts den Lauerzer, hinter dem sich der (oder die?) Rigi erhebt, den man auch einmal besteigen sollte. Leider war es etwas dunstig, doch zum Hochsteigen ideal, da nicht zu hei\u00df. Die Kehren sind mit Kreide notiert, und so hat man Erfolgserlebnisse. Um 13.45 Uhr war ich an Kehre 22, um 14.00 Uhr an Nummer 35, um 14.10 oben, jenseits der 47. Kehre.<\/p>\n<p>Der Untergrund besteht aus unregelm\u00e4\u00dfig aneinandergef\u00fcgten Felsst\u00fccken, die man nach Art der Gemse \u00fcberwindet. Nach oben werden die Kehren knapper und steiler. Beim Heruntergehen muss man selbstverst\u00e4ndlich aufpassen. Drei Tage taten mir danach die Oberschenkel weh. \u2014 Unten sehen wir eine \u00dcbersichtskarte, aufgenommen am Restaurant auf der Holzegg. Die Mythen sind der wei\u00dfe Fleck, weiter oben der Sihlsee und ganz oben der Z\u00fcrichsee.<\/p>\n<p><a href=\"https:\/\/manipogo.de\/wp-content\/uploads\/IMG_20240922_162605-scaled.jpg\"><img loading=\"lazy\" decoding=\"async\" class=\"aligncenter wp-image-38037\" src=\"https:\/\/manipogo.de\/wp-content\/uploads\/IMG_20240922_162605-1024x768.jpg\" alt=\"\" width=\"540\" height=\"405\" srcset=\"https:\/\/manipogo.de\/wp-content\/uploads\/IMG_20240922_162605-1024x768.jpg 1024w, https:\/\/manipogo.de\/wp-content\/uploads\/IMG_20240922_162605-300x225.jpg 300w, https:\/\/manipogo.de\/wp-content\/uploads\/IMG_20240922_162605-768x576.jpg 768w, https:\/\/manipogo.de\/wp-content\/uploads\/IMG_20240922_162605-1536x1152.jpg 1536w, https:\/\/manipogo.de\/wp-content\/uploads\/IMG_20240922_162605-2048x1536.jpg 2048w\" sizes=\"auto, (max-width: 540px) 100vw, 540px\" \/><\/a><\/p>\n<p>&nbsp;<\/p>\n","protected":false},"excerpt":{"rendered":"<p>Vor acht Tagen stand ich auf dem Gro\u00dfen Mythen. Ich war von unten geradezu hochgespurtet, \u00fcber die 47 Kehren hinauf auf 1898 Meter. Man sieht von dort hin\u00fcber zum Rigi und hinunter auf Lauerzer und Vierwaldst\u00e4tter See, von dem aus der Berg deutlich zu sehen ist: Er ragt deutlich empor neben seinem Verwandten, dem Kleinen [&hellip;]<\/p>\n","protected":false},"author":1,"featured_media":0,"comment_status":"closed","ping_status":"closed","sticky":false,"template":"","format":"standard","meta":{"footnotes":""},"categories":[1227],"tags":[32,960],"class_list":["post-38030","post","type-post","status-publish","format-standard","hentry","category-reisen","tag-schweiz","tag-wandern"],"yoast_head":"<!-- This site is optimized with the Yoast SEO plugin v27.3 - https:\/\/yoast.com\/product\/yoast-seo-wordpress\/ -->\n<title>Der Grosse Mythen - manipogo<\/title>\n<meta name=\"description\" content=\"Der Grosse Mythen ist 1898 Meter hoch und erhebt sich n\u00f6rdlich von Schwyz neben seinem Kompagnong, dem Kleinen Mythen. 47 Kehren f\u00fchren hoch, und dann blickt man hinab auf den Vierwaldst\u00e4tter See, den Rigi und ist verzaubert und gl\u00fccklich.\" \/>\n<meta name=\"robots\" content=\"index, follow, max-snippet:-1, max-image-preview:large, max-video-preview:-1\" \/>\n<link rel=\"canonical\" href=\"https:\/\/manipogo.de\/?p=38030\" \/>\n<meta property=\"og:locale\" content=\"de_DE\" \/>\n<meta property=\"og:type\" content=\"article\" \/>\n<meta property=\"og:title\" content=\"Der Grosse Mythen - manipogo\" \/>\n<meta property=\"og:description\" content=\"Der Grosse Mythen ist 1898 Meter hoch und erhebt sich n\u00f6rdlich von Schwyz neben seinem Kompagnong, dem Kleinen Mythen. 47 Kehren f\u00fchren hoch, und dann blickt man hinab auf den Vierwaldst\u00e4tter See, den Rigi und ist verzaubert und gl\u00fccklich.\" \/>\n<meta property=\"og:url\" content=\"https:\/\/manipogo.de\/?p=38030\" \/>\n<meta property=\"og:site_name\" content=\"manipogo\" \/>\n<meta property=\"article:published_time\" content=\"2024-09-30T23:31:35+00:00\" \/>\n<meta property=\"og:image\" content=\"https:\/\/manipogo.de\/wp-content\/uploads\/DSCN2977.jpg\" \/>\n<meta name=\"author\" content=\"web108\" \/>\n<meta name=\"twitter:card\" content=\"summary_large_image\" \/>\n<meta name=\"twitter:label1\" content=\"Verfasst von\" \/>\n\t<meta name=\"twitter:data1\" content=\"web108\" \/>\n\t<meta name=\"twitter:label2\" content=\"Gesch\u00e4tzte Lesezeit\" \/>\n\t<meta name=\"twitter:data2\" content=\"4\u00a0Minuten\" \/>\n<script type=\"application\/ld+json\" class=\"yoast-schema-graph\">{\"@context\":\"https:\\\/\\\/schema.org\",\"@graph\":[{\"@type\":\"Article\",\"@id\":\"https:\\\/\\\/manipogo.de\\\/?p=38030#article\",\"isPartOf\":{\"@id\":\"https:\\\/\\\/manipogo.de\\\/?p=38030\"},\"author\":{\"name\":\"web108\",\"@id\":\"https:\\\/\\\/manipogo.de\\\/#\\\/schema\\\/person\\\/991913de0e39267877f234553fd7f58d\"},\"headline\":\"Der Grosse Mythen\",\"datePublished\":\"2024-09-30T23:31:35+00:00\",\"mainEntityOfPage\":{\"@id\":\"https:\\\/\\\/manipogo.de\\\/?p=38030\"},\"wordCount\":310,\"image\":{\"@id\":\"https:\\\/\\\/manipogo.de\\\/?p=38030#primaryimage\"},\"thumbnailUrl\":\"https:\\\/\\\/manipogo.de\\\/wp-content\\\/uploads\\\/DSCN2977.jpg\",\"keywords\":[\"Schweiz\",\"Wandern\"],\"articleSection\":[\"Reisen\"],\"inLanguage\":\"de\"},{\"@type\":\"WebPage\",\"@id\":\"https:\\\/\\\/manipogo.de\\\/?p=38030\",\"url\":\"https:\\\/\\\/manipogo.de\\\/?p=38030\",\"name\":\"Der Grosse Mythen - manipogo\",\"isPartOf\":{\"@id\":\"https:\\\/\\\/manipogo.de\\\/#website\"},\"primaryImageOfPage\":{\"@id\":\"https:\\\/\\\/manipogo.de\\\/?p=38030#primaryimage\"},\"image\":{\"@id\":\"https:\\\/\\\/manipogo.de\\\/?p=38030#primaryimage\"},\"thumbnailUrl\":\"https:\\\/\\\/manipogo.de\\\/wp-content\\\/uploads\\\/DSCN2977.jpg\",\"datePublished\":\"2024-09-30T23:31:35+00:00\",\"author\":{\"@id\":\"https:\\\/\\\/manipogo.de\\\/#\\\/schema\\\/person\\\/991913de0e39267877f234553fd7f58d\"},\"description\":\"Der Grosse Mythen ist 1898 Meter hoch und erhebt sich n\u00f6rdlich von Schwyz neben seinem Kompagnong, dem Kleinen Mythen. 47 Kehren f\u00fchren hoch, und dann blickt man hinab auf den Vierwaldst\u00e4tter See, den Rigi und ist verzaubert und gl\u00fccklich.\",\"breadcrumb\":{\"@id\":\"https:\\\/\\\/manipogo.de\\\/?p=38030#breadcrumb\"},\"inLanguage\":\"de\",\"potentialAction\":[{\"@type\":\"ReadAction\",\"target\":[\"https:\\\/\\\/manipogo.de\\\/?p=38030\"]}]},{\"@type\":\"ImageObject\",\"inLanguage\":\"de\",\"@id\":\"https:\\\/\\\/manipogo.de\\\/?p=38030#primaryimage\",\"url\":\"https:\\\/\\\/manipogo.de\\\/wp-content\\\/uploads\\\/DSCN2977.jpg\",\"contentUrl\":\"https:\\\/\\\/manipogo.de\\\/wp-content\\\/uploads\\\/DSCN2977.jpg\"},{\"@type\":\"BreadcrumbList\",\"@id\":\"https:\\\/\\\/manipogo.de\\\/?p=38030#breadcrumb\",\"itemListElement\":[{\"@type\":\"ListItem\",\"position\":1,\"name\":\"Startseite\",\"item\":\"https:\\\/\\\/manipogo.de\\\/\"},{\"@type\":\"ListItem\",\"position\":2,\"name\":\"Der Grosse Mythen\"}]},{\"@type\":\"WebSite\",\"@id\":\"https:\\\/\\\/manipogo.de\\\/#website\",\"url\":\"https:\\\/\\\/manipogo.de\\\/\",\"name\":\"manipogo\",\"description\":\"Gott und die Welt\",\"potentialAction\":[{\"@type\":\"SearchAction\",\"target\":{\"@type\":\"EntryPoint\",\"urlTemplate\":\"https:\\\/\\\/manipogo.de\\\/?s={search_term_string}\"},\"query-input\":{\"@type\":\"PropertyValueSpecification\",\"valueRequired\":true,\"valueName\":\"search_term_string\"}}],\"inLanguage\":\"de\"},{\"@type\":\"Person\",\"@id\":\"https:\\\/\\\/manipogo.de\\\/#\\\/schema\\\/person\\\/991913de0e39267877f234553fd7f58d\",\"name\":\"web108\",\"url\":\"https:\\\/\\\/manipogo.de\\\/?author=1\"}]}<\/script>\n<!-- \/ Yoast SEO plugin. -->","yoast_head_json":{"title":"Der Grosse Mythen - manipogo","description":"Der Grosse Mythen ist 1898 Meter hoch und erhebt sich n\u00f6rdlich von Schwyz neben seinem Kompagnong, dem Kleinen Mythen. 47 Kehren f\u00fchren hoch, und dann blickt man hinab auf den Vierwaldst\u00e4tter See, den Rigi und ist verzaubert und gl\u00fccklich.","robots":{"index":"index","follow":"follow","max-snippet":"max-snippet:-1","max-image-preview":"max-image-preview:large","max-video-preview":"max-video-preview:-1"},"canonical":"https:\/\/manipogo.de\/?p=38030","og_locale":"de_DE","og_type":"article","og_title":"Der Grosse Mythen - manipogo","og_description":"Der Grosse Mythen ist 1898 Meter hoch und erhebt sich n\u00f6rdlich von Schwyz neben seinem Kompagnong, dem Kleinen Mythen. 47 Kehren f\u00fchren hoch, und dann blickt man hinab auf den Vierwaldst\u00e4tter See, den Rigi und ist verzaubert und gl\u00fccklich.","og_url":"https:\/\/manipogo.de\/?p=38030","og_site_name":"manipogo","article_published_time":"2024-09-30T23:31:35+00:00","og_image":[{"url":"https:\/\/manipogo.de\/wp-content\/uploads\/DSCN2977.jpg","type":"","width":"","height":""}],"author":"web108","twitter_card":"summary_large_image","twitter_misc":{"Verfasst von":"web108","Gesch\u00e4tzte Lesezeit":"4\u00a0Minuten"},"schema":{"@context":"https:\/\/schema.org","@graph":[{"@type":"Article","@id":"https:\/\/manipogo.de\/?p=38030#article","isPartOf":{"@id":"https:\/\/manipogo.de\/?p=38030"},"author":{"name":"web108","@id":"https:\/\/manipogo.de\/#\/schema\/person\/991913de0e39267877f234553fd7f58d"},"headline":"Der Grosse Mythen","datePublished":"2024-09-30T23:31:35+00:00","mainEntityOfPage":{"@id":"https:\/\/manipogo.de\/?p=38030"},"wordCount":310,"image":{"@id":"https:\/\/manipogo.de\/?p=38030#primaryimage"},"thumbnailUrl":"https:\/\/manipogo.de\/wp-content\/uploads\/DSCN2977.jpg","keywords":["Schweiz","Wandern"],"articleSection":["Reisen"],"inLanguage":"de"},{"@type":"WebPage","@id":"https:\/\/manipogo.de\/?p=38030","url":"https:\/\/manipogo.de\/?p=38030","name":"Der Grosse Mythen - manipogo","isPartOf":{"@id":"https:\/\/manipogo.de\/#website"},"primaryImageOfPage":{"@id":"https:\/\/manipogo.de\/?p=38030#primaryimage"},"image":{"@id":"https:\/\/manipogo.de\/?p=38030#primaryimage"},"thumbnailUrl":"https:\/\/manipogo.de\/wp-content\/uploads\/DSCN2977.jpg","datePublished":"2024-09-30T23:31:35+00:00","author":{"@id":"https:\/\/manipogo.de\/#\/schema\/person\/991913de0e39267877f234553fd7f58d"},"description":"Der Grosse Mythen ist 1898 Meter hoch und erhebt sich n\u00f6rdlich von Schwyz neben seinem Kompagnong, dem Kleinen Mythen. 47 Kehren f\u00fchren hoch, und dann blickt man hinab auf den Vierwaldst\u00e4tter See, den Rigi und ist verzaubert und gl\u00fccklich.","breadcrumb":{"@id":"https:\/\/manipogo.de\/?p=38030#breadcrumb"},"inLanguage":"de","potentialAction":[{"@type":"ReadAction","target":["https:\/\/manipogo.de\/?p=38030"]}]},{"@type":"ImageObject","inLanguage":"de","@id":"https:\/\/manipogo.de\/?p=38030#primaryimage","url":"https:\/\/manipogo.de\/wp-content\/uploads\/DSCN2977.jpg","contentUrl":"https:\/\/manipogo.de\/wp-content\/uploads\/DSCN2977.jpg"},{"@type":"BreadcrumbList","@id":"https:\/\/manipogo.de\/?p=38030#breadcrumb","itemListElement":[{"@type":"ListItem","position":1,"name":"Startseite","item":"https:\/\/manipogo.de\/"},{"@type":"ListItem","position":2,"name":"Der Grosse Mythen"}]},{"@type":"WebSite","@id":"https:\/\/manipogo.de\/#website","url":"https:\/\/manipogo.de\/","name":"manipogo","description":"Gott und die Welt","potentialAction":[{"@type":"SearchAction","target":{"@type":"EntryPoint","urlTemplate":"https:\/\/manipogo.de\/?s={search_term_string}"},"query-input":{"@type":"PropertyValueSpecification","valueRequired":true,"valueName":"search_term_string"}}],"inLanguage":"de"},{"@type":"Person","@id":"https:\/\/manipogo.de\/#\/schema\/person\/991913de0e39267877f234553fd7f58d","name":"web108","url":"https:\/\/manipogo.de\/?author=1"}]}},"_links":{"self":[{"href":"https:\/\/manipogo.de\/index.php?rest_route=\/wp\/v2\/posts\/38030","targetHints":{"allow":["GET"]}}],"collection":[{"href":"https:\/\/manipogo.de\/index.php?rest_route=\/wp\/v2\/posts"}],"about":[{"href":"https:\/\/manipogo.de\/index.php?rest_route=\/wp\/v2\/types\/post"}],"author":[{"embeddable":true,"href":"https:\/\/manipogo.de\/index.php?rest_route=\/wp\/v2\/users\/1"}],"replies":[{"embeddable":true,"href":"https:\/\/manipogo.de\/index.php?rest_route=%2Fwp%2Fv2%2Fcomments&post=38030"}],"version-history":[{"count":6,"href":"https:\/\/manipogo.de\/index.php?rest_route=\/wp\/v2\/posts\/38030\/revisions"}],"predecessor-version":[{"id":38103,"href":"https:\/\/manipogo.de\/index.php?rest_route=\/wp\/v2\/posts\/38030\/revisions\/38103"}],"wp:attachment":[{"href":"https:\/\/manipogo.de\/index.php?rest_route=%2Fwp%2Fv2%2Fmedia&parent=38030"}],"wp:term":[{"taxonomy":"category","embeddable":true,"href":"https:\/\/manipogo.de\/index.php?rest_route=%2Fwp%2Fv2%2Fcategories&post=38030"},{"taxonomy":"post_tag","embeddable":true,"href":"https:\/\/manipogo.de\/index.php?rest_route=%2Fwp%2Fv2%2Ftags&post=38030"}],"curies":[{"name":"wp","href":"https:\/\/api.w.org\/{rel}","templated":true}]}}