{"id":3828,"date":"2013-08-01T00:50:06","date_gmt":"2013-07-31T22:50:06","guid":{"rendered":"http:\/\/manipogo.de\/?p=3828"},"modified":"2016-03-26T20:19:26","modified_gmt":"2016-03-26T19:19:26","slug":"schweiz-reisli","status":"publish","type":"post","link":"https:\/\/manipogo.de\/?p=3828","title":{"rendered":"Schweiz-Reisli"},"content":{"rendered":"<p><span style=\"font-size: small;\">Vor einer Woche habe ich mich und mein Rennrad vom Zug nach Basel transportieren lassen und bin Richtung Sundgau gefahren. Heute ist ja der Schweizer Nationalfeiertag, darum dieser Beitrag. Die Schweizer Eidgenossenschaft begann im Jahr 1291. Sechs Jahre danach starb der persische Dichter Rumi, und zehn Jahre danach schrieb Dante seine <em>G\u00f6ttliche Kom\u00f6die<\/em>. Das ist mein poetisches Geschichtsbild. <!--more--><\/span><\/p>\n<p><span style=\"font-size: small;\">Das Reisli ist eine Schweizer Verniedlichung. Ich erinnere mich noch an einen schrecklichen Skandal in der Schweiz, als Mitte der 1990-er Jahre einige Parlamentarier eine Reise unternahmen, die sie sich von \u00f6ffentlichen Mitteln bezahlen lie\u00dfen. Die <em>Weltwoche<\/em> und die <em>NZZ <\/em>schrieben emp\u00f6rt dar\u00fcber, und das war immer der Skandal \u00fcber \u00bbdas Spanien-Reisli\u00ab.\u00a0<\/span><span style=\"font-size: small;\">\u00a0<\/span><\/p>\n<p><span style=\"font-size: small;\">Ich war nur in den Au\u00dfenbezirken der Schweiz. Eigentlich hatte ich von Basel SBB (dem Schweizer Bahnhof) einen Zug nach Del\u00e9mont nehmen wollen, aber an den Schaltern lief es schleppend, der 10.37 war nicht mehr zu kriegen, also fuhr ich mit dem Rennrad gleich hinaus, traf ein Emmentaler Radler-Paar, und gemeinsam fuhren wir Richtung Westen, durch ruhige Viertel und dann bald durch Weizenfelder und gr\u00fcnes Land. Auf der Stra\u00dfe nach Lucelle ist man entlang der Grenze unterwegs und kommt aus der Schweiz nach Frankreich, wieder in die Schweiz und wieder nach Frankreich \u2026 und wieder in die Schweiz. <\/span><\/p>\n<p><span style=\"font-size: small;\">Hier unten das Schweizerkreuz an der Grenze und ein Hinweis auf das August-Feuerwerk. (Die Zeitung <em>20 Minuten<\/em> warnte sp\u00e4ter: \u00bbSchweiz strohtrocken. August-Fest ohne Feuerwerk?\u00ab Doch nach den Regenf\u00e4llen vom 29. Juli gab der Kantonale Forstdienst Entwarnung: Feuer frei!)\u00a0 <\/span><\/p>\n<p><span style=\"font-size: small;\"><a href=\"https:\/\/manipogo.de\/wp-content\/uploads\/DSCN4704.jpg\"><img loading=\"lazy\" decoding=\"async\" class=\"alignleft size-full wp-image-3829\" title=\"DSCN4704\" src=\"https:\/\/manipogo.de\/wp-content\/uploads\/DSCN4704.jpg\" alt=\"\" width=\"540\" height=\"398\" srcset=\"https:\/\/manipogo.de\/wp-content\/uploads\/DSCN4704.jpg 540w, https:\/\/manipogo.de\/wp-content\/uploads\/DSCN4704-300x221.jpg 300w\" sizes=\"auto, (max-width: 540px) 100vw, 540px\" \/><\/a>\u00a0<\/span><\/p>\n<p><span style=\"font-size: small;\">Ich konnte es nicht erwarten, mich wieder einmal auszutoben, und ich wusste, dass es da einen H\u00f6henzug gab. Vor Lucelle konnte ich bei sengender Hitze ein anstrengendes St\u00fcck hochfahren und dann eine Seitenstra\u00dfe nehmen. Wir sind im Sundgau, und da trifft man wie im Elsass in den D\u00f6rfern niemanden an. Ein Traum war Asuel, ein Bilderbuch-Dorf mit gleich vier blumengeschm\u00fcckten Brunnen, wo der Quadratmeter Bauland 29 Euro kostet. Leider habe ich es nicht fotografiert.\u00a0<\/span><span style=\"font-size: small;\">\u00a0<\/span><\/p>\n<p><span style=\"font-size: small;\">Wieder hoch hinauf und in Richtung Del\u00e9mont. Nach rechts deutete ein Wegweiser ins Tal, da lag St. Ursanne, sch\u00f6ner Name, da wollte ich etwas essen und dann ganz bis Basel zur\u00fcckfahren. Ich rauschte hinunter, Kilometer um Kilometer, bis mich ein komisches Gef\u00fchl beschlich: \u00dcber mir waren pl\u00f6tzlich jede Menge Wolken. Wo waren die hergekommen? Ich strich St. Ursanne, hielt an und fuhr wieder das hoch, was ich heruntergefahren war. Mit dem ersten wenigen Regentropfen erreichte ich Del\u00e9mont. Flaggen der Kantone empfangen einen in der Innenstadt, Menschen gibt es kaum. <\/span><\/p>\n<p><span style=\"font-size: small;\"><a href=\"https:\/\/manipogo.de\/wp-content\/uploads\/DSCN4708.jpg\"><img loading=\"lazy\" decoding=\"async\" class=\"alignleft size-full wp-image-3830\" title=\"DSCN4708\" src=\"https:\/\/manipogo.de\/wp-content\/uploads\/DSCN4708.jpg\" alt=\"\" width=\"540\" height=\"376\" srcset=\"https:\/\/manipogo.de\/wp-content\/uploads\/DSCN4708.jpg 540w, https:\/\/manipogo.de\/wp-content\/uploads\/DSCN4708-300x208.jpg 300w\" sizes=\"auto, (max-width: 540px) 100vw, 540px\" \/><\/a>\u00a0<\/span><\/p>\n<p><span style=\"font-size: small;\">Ich fuhr gleich zum Bahnhof, und kaum hatte ich ihn betreten, rauschte ein gewaltiger Regenguss nieder. <\/span><\/p>\n<p><span style=\"font-size: small;\"><a href=\"https:\/\/manipogo.de\/wp-content\/uploads\/DSCN4709.jpg\"><img loading=\"lazy\" decoding=\"async\" class=\"alignleft size-full wp-image-3831\" title=\"DSCN4709\" src=\"https:\/\/manipogo.de\/wp-content\/uploads\/DSCN4709.jpg\" alt=\"\" width=\"540\" height=\"317\" srcset=\"https:\/\/manipogo.de\/wp-content\/uploads\/DSCN4709.jpg 540w, https:\/\/manipogo.de\/wp-content\/uploads\/DSCN4709-300x176.jpg 300w\" sizes=\"auto, (max-width: 540px) 100vw, 540px\" \/><\/a>\u00a0<\/span><\/p>\n<p><span style=\"font-size: small;\">Ich trank ein Bier und ass einen Hot-Dog, nahm dann den Zug nach Basel und einen n\u00e4chsten in meine Gegend. Es regnete die ganze Zeit in Str\u00f6men, bis zehn Kilometer vor meinem Ort. Da stieg ich aus, alles war trocken, und der Rest war ein Kinderspiel. <\/span><\/p>\n","protected":false},"excerpt":{"rendered":"<p>Vor einer Woche habe ich mich und mein Rennrad vom Zug nach Basel transportieren lassen und bin Richtung Sundgau gefahren. Heute ist ja der Schweizer Nationalfeiertag, darum dieser Beitrag. Die Schweizer Eidgenossenschaft begann im Jahr 1291. Sechs Jahre danach starb der persische Dichter Rumi, und zehn Jahre danach schrieb Dante seine G\u00f6ttliche Kom\u00f6die. Das ist [&hellip;]<\/p>\n","protected":false},"author":1,"featured_media":0,"comment_status":"open","ping_status":"open","sticky":false,"template":"","format":"standard","meta":{"footnotes":""},"categories":[1227],"tags":[430,32],"class_list":["post-3828","post","type-post","status-publish","format-standard","hentry","category-reisen","tag-reise","tag-schweiz"],"yoast_head":"<!-- This site is optimized with the Yoast SEO plugin v27.3 - https:\/\/yoast.com\/product\/yoast-seo-wordpress\/ -->\n<title>Schweiz-Reisli - manipogo<\/title>\n<meta name=\"robots\" content=\"index, follow, max-snippet:-1, max-image-preview:large, max-video-preview:-1\" \/>\n<link rel=\"canonical\" href=\"https:\/\/manipogo.de\/?p=3828\" \/>\n<meta property=\"og:locale\" content=\"de_DE\" \/>\n<meta property=\"og:type\" content=\"article\" \/>\n<meta property=\"og:title\" content=\"Schweiz-Reisli - manipogo\" \/>\n<meta property=\"og:description\" content=\"Vor einer Woche habe ich mich und mein Rennrad vom Zug nach Basel transportieren lassen und bin Richtung Sundgau gefahren. Heute ist ja der Schweizer Nationalfeiertag, darum dieser Beitrag. Die Schweizer Eidgenossenschaft begann im Jahr 1291. Sechs Jahre danach starb der persische Dichter Rumi, und zehn Jahre danach schrieb Dante seine G\u00f6ttliche Kom\u00f6die. Das ist [&hellip;]\" \/>\n<meta property=\"og:url\" content=\"https:\/\/manipogo.de\/?p=3828\" \/>\n<meta property=\"og:site_name\" content=\"manipogo\" \/>\n<meta property=\"article:published_time\" content=\"2013-07-31T22:50:06+00:00\" \/>\n<meta property=\"article:modified_time\" content=\"2016-03-26T19:19:26+00:00\" \/>\n<meta property=\"og:image\" content=\"http:\/\/manipogo.de\/wp-content\/uploads\/DSCN4704.jpg\" \/>\n<meta name=\"author\" content=\"web108\" \/>\n<meta name=\"twitter:card\" content=\"summary_large_image\" \/>\n<meta name=\"twitter:label1\" content=\"Verfasst von\" \/>\n\t<meta name=\"twitter:data1\" content=\"web108\" \/>\n\t<meta name=\"twitter:label2\" content=\"Gesch\u00e4tzte Lesezeit\" \/>\n\t<meta name=\"twitter:data2\" content=\"2\u00a0Minuten\" \/>\n<script type=\"application\/ld+json\" class=\"yoast-schema-graph\">{\"@context\":\"https:\\\/\\\/schema.org\",\"@graph\":[{\"@type\":\"Article\",\"@id\":\"https:\\\/\\\/manipogo.de\\\/?p=3828#article\",\"isPartOf\":{\"@id\":\"https:\\\/\\\/manipogo.de\\\/?p=3828\"},\"author\":{\"name\":\"web108\",\"@id\":\"https:\\\/\\\/manipogo.de\\\/#\\\/schema\\\/person\\\/991913de0e39267877f234553fd7f58d\"},\"headline\":\"Schweiz-Reisli\",\"datePublished\":\"2013-07-31T22:50:06+00:00\",\"dateModified\":\"2016-03-26T19:19:26+00:00\",\"mainEntityOfPage\":{\"@id\":\"https:\\\/\\\/manipogo.de\\\/?p=3828\"},\"wordCount\":490,\"commentCount\":0,\"image\":{\"@id\":\"https:\\\/\\\/manipogo.de\\\/?p=3828#primaryimage\"},\"thumbnailUrl\":\"http:\\\/\\\/manipogo.de\\\/wp-content\\\/uploads\\\/DSCN4704.jpg\",\"keywords\":[\"Reise\",\"Schweiz\"],\"articleSection\":[\"Reisen\"],\"inLanguage\":\"de\",\"potentialAction\":[{\"@type\":\"CommentAction\",\"name\":\"Comment\",\"target\":[\"https:\\\/\\\/manipogo.de\\\/?p=3828#respond\"]}]},{\"@type\":\"WebPage\",\"@id\":\"https:\\\/\\\/manipogo.de\\\/?p=3828\",\"url\":\"https:\\\/\\\/manipogo.de\\\/?p=3828\",\"name\":\"Schweiz-Reisli - manipogo\",\"isPartOf\":{\"@id\":\"https:\\\/\\\/manipogo.de\\\/#website\"},\"primaryImageOfPage\":{\"@id\":\"https:\\\/\\\/manipogo.de\\\/?p=3828#primaryimage\"},\"image\":{\"@id\":\"https:\\\/\\\/manipogo.de\\\/?p=3828#primaryimage\"},\"thumbnailUrl\":\"http:\\\/\\\/manipogo.de\\\/wp-content\\\/uploads\\\/DSCN4704.jpg\",\"datePublished\":\"2013-07-31T22:50:06+00:00\",\"dateModified\":\"2016-03-26T19:19:26+00:00\",\"author\":{\"@id\":\"https:\\\/\\\/manipogo.de\\\/#\\\/schema\\\/person\\\/991913de0e39267877f234553fd7f58d\"},\"breadcrumb\":{\"@id\":\"https:\\\/\\\/manipogo.de\\\/?p=3828#breadcrumb\"},\"inLanguage\":\"de\",\"potentialAction\":[{\"@type\":\"ReadAction\",\"target\":[\"https:\\\/\\\/manipogo.de\\\/?p=3828\"]}]},{\"@type\":\"ImageObject\",\"inLanguage\":\"de\",\"@id\":\"https:\\\/\\\/manipogo.de\\\/?p=3828#primaryimage\",\"url\":\"http:\\\/\\\/manipogo.de\\\/wp-content\\\/uploads\\\/DSCN4704.jpg\",\"contentUrl\":\"http:\\\/\\\/manipogo.de\\\/wp-content\\\/uploads\\\/DSCN4704.jpg\"},{\"@type\":\"BreadcrumbList\",\"@id\":\"https:\\\/\\\/manipogo.de\\\/?p=3828#breadcrumb\",\"itemListElement\":[{\"@type\":\"ListItem\",\"position\":1,\"name\":\"Startseite\",\"item\":\"https:\\\/\\\/manipogo.de\\\/\"},{\"@type\":\"ListItem\",\"position\":2,\"name\":\"Schweiz-Reisli\"}]},{\"@type\":\"WebSite\",\"@id\":\"https:\\\/\\\/manipogo.de\\\/#website\",\"url\":\"https:\\\/\\\/manipogo.de\\\/\",\"name\":\"manipogo\",\"description\":\"Gott und die Welt\",\"potentialAction\":[{\"@type\":\"SearchAction\",\"target\":{\"@type\":\"EntryPoint\",\"urlTemplate\":\"https:\\\/\\\/manipogo.de\\\/?s={search_term_string}\"},\"query-input\":{\"@type\":\"PropertyValueSpecification\",\"valueRequired\":true,\"valueName\":\"search_term_string\"}}],\"inLanguage\":\"de\"},{\"@type\":\"Person\",\"@id\":\"https:\\\/\\\/manipogo.de\\\/#\\\/schema\\\/person\\\/991913de0e39267877f234553fd7f58d\",\"name\":\"web108\",\"url\":\"https:\\\/\\\/manipogo.de\\\/?author=1\"}]}<\/script>\n<!-- \/ Yoast SEO plugin. -->","yoast_head_json":{"title":"Schweiz-Reisli - manipogo","robots":{"index":"index","follow":"follow","max-snippet":"max-snippet:-1","max-image-preview":"max-image-preview:large","max-video-preview":"max-video-preview:-1"},"canonical":"https:\/\/manipogo.de\/?p=3828","og_locale":"de_DE","og_type":"article","og_title":"Schweiz-Reisli - manipogo","og_description":"Vor einer Woche habe ich mich und mein Rennrad vom Zug nach Basel transportieren lassen und bin Richtung Sundgau gefahren. Heute ist ja der Schweizer Nationalfeiertag, darum dieser Beitrag. Die Schweizer Eidgenossenschaft begann im Jahr 1291. Sechs Jahre danach starb der persische Dichter Rumi, und zehn Jahre danach schrieb Dante seine G\u00f6ttliche Kom\u00f6die. Das ist [&hellip;]","og_url":"https:\/\/manipogo.de\/?p=3828","og_site_name":"manipogo","article_published_time":"2013-07-31T22:50:06+00:00","article_modified_time":"2016-03-26T19:19:26+00:00","og_image":[{"url":"http:\/\/manipogo.de\/wp-content\/uploads\/DSCN4704.jpg","type":"","width":"","height":""}],"author":"web108","twitter_card":"summary_large_image","twitter_misc":{"Verfasst von":"web108","Gesch\u00e4tzte Lesezeit":"2\u00a0Minuten"},"schema":{"@context":"https:\/\/schema.org","@graph":[{"@type":"Article","@id":"https:\/\/manipogo.de\/?p=3828#article","isPartOf":{"@id":"https:\/\/manipogo.de\/?p=3828"},"author":{"name":"web108","@id":"https:\/\/manipogo.de\/#\/schema\/person\/991913de0e39267877f234553fd7f58d"},"headline":"Schweiz-Reisli","datePublished":"2013-07-31T22:50:06+00:00","dateModified":"2016-03-26T19:19:26+00:00","mainEntityOfPage":{"@id":"https:\/\/manipogo.de\/?p=3828"},"wordCount":490,"commentCount":0,"image":{"@id":"https:\/\/manipogo.de\/?p=3828#primaryimage"},"thumbnailUrl":"http:\/\/manipogo.de\/wp-content\/uploads\/DSCN4704.jpg","keywords":["Reise","Schweiz"],"articleSection":["Reisen"],"inLanguage":"de","potentialAction":[{"@type":"CommentAction","name":"Comment","target":["https:\/\/manipogo.de\/?p=3828#respond"]}]},{"@type":"WebPage","@id":"https:\/\/manipogo.de\/?p=3828","url":"https:\/\/manipogo.de\/?p=3828","name":"Schweiz-Reisli - manipogo","isPartOf":{"@id":"https:\/\/manipogo.de\/#website"},"primaryImageOfPage":{"@id":"https:\/\/manipogo.de\/?p=3828#primaryimage"},"image":{"@id":"https:\/\/manipogo.de\/?p=3828#primaryimage"},"thumbnailUrl":"http:\/\/manipogo.de\/wp-content\/uploads\/DSCN4704.jpg","datePublished":"2013-07-31T22:50:06+00:00","dateModified":"2016-03-26T19:19:26+00:00","author":{"@id":"https:\/\/manipogo.de\/#\/schema\/person\/991913de0e39267877f234553fd7f58d"},"breadcrumb":{"@id":"https:\/\/manipogo.de\/?p=3828#breadcrumb"},"inLanguage":"de","potentialAction":[{"@type":"ReadAction","target":["https:\/\/manipogo.de\/?p=3828"]}]},{"@type":"ImageObject","inLanguage":"de","@id":"https:\/\/manipogo.de\/?p=3828#primaryimage","url":"http:\/\/manipogo.de\/wp-content\/uploads\/DSCN4704.jpg","contentUrl":"http:\/\/manipogo.de\/wp-content\/uploads\/DSCN4704.jpg"},{"@type":"BreadcrumbList","@id":"https:\/\/manipogo.de\/?p=3828#breadcrumb","itemListElement":[{"@type":"ListItem","position":1,"name":"Startseite","item":"https:\/\/manipogo.de\/"},{"@type":"ListItem","position":2,"name":"Schweiz-Reisli"}]},{"@type":"WebSite","@id":"https:\/\/manipogo.de\/#website","url":"https:\/\/manipogo.de\/","name":"manipogo","description":"Gott und die Welt","potentialAction":[{"@type":"SearchAction","target":{"@type":"EntryPoint","urlTemplate":"https:\/\/manipogo.de\/?s={search_term_string}"},"query-input":{"@type":"PropertyValueSpecification","valueRequired":true,"valueName":"search_term_string"}}],"inLanguage":"de"},{"@type":"Person","@id":"https:\/\/manipogo.de\/#\/schema\/person\/991913de0e39267877f234553fd7f58d","name":"web108","url":"https:\/\/manipogo.de\/?author=1"}]}},"_links":{"self":[{"href":"https:\/\/manipogo.de\/index.php?rest_route=\/wp\/v2\/posts\/3828","targetHints":{"allow":["GET"]}}],"collection":[{"href":"https:\/\/manipogo.de\/index.php?rest_route=\/wp\/v2\/posts"}],"about":[{"href":"https:\/\/manipogo.de\/index.php?rest_route=\/wp\/v2\/types\/post"}],"author":[{"embeddable":true,"href":"https:\/\/manipogo.de\/index.php?rest_route=\/wp\/v2\/users\/1"}],"replies":[{"embeddable":true,"href":"https:\/\/manipogo.de\/index.php?rest_route=%2Fwp%2Fv2%2Fcomments&post=3828"}],"version-history":[{"count":6,"href":"https:\/\/manipogo.de\/index.php?rest_route=\/wp\/v2\/posts\/3828\/revisions"}],"predecessor-version":[{"id":10719,"href":"https:\/\/manipogo.de\/index.php?rest_route=\/wp\/v2\/posts\/3828\/revisions\/10719"}],"wp:attachment":[{"href":"https:\/\/manipogo.de\/index.php?rest_route=%2Fwp%2Fv2%2Fmedia&parent=3828"}],"wp:term":[{"taxonomy":"category","embeddable":true,"href":"https:\/\/manipogo.de\/index.php?rest_route=%2Fwp%2Fv2%2Fcategories&post=3828"},{"taxonomy":"post_tag","embeddable":true,"href":"https:\/\/manipogo.de\/index.php?rest_route=%2Fwp%2Fv2%2Ftags&post=3828"}],"curies":[{"name":"wp","href":"https:\/\/api.w.org\/{rel}","templated":true}]}}