{"id":40020,"date":"2025-03-14T01:13:58","date_gmt":"2025-03-14T00:13:58","guid":{"rendered":"https:\/\/manipogo.de\/?p=40020"},"modified":"2025-03-13T21:44:45","modified_gmt":"2025-03-13T20:44:45","slug":"die-masern","status":"publish","type":"post","link":"https:\/\/manipogo.de\/?p=40020","title":{"rendered":"Die Masern"},"content":{"rendered":"<p>Gestern bekam ich einen Anruf des Gesundheitsamts. Ob ich in dem Flug von Bangkok nach Z\u00fcrich am 9. M\u00e4rz gesessen h\u00e4tte? \u2013 Ja. \u2013 In dem Flugzeug sei ein Mann mit Masern gewesen, ob ich die Krankheit gehabt h\u00e4tte? \u2013 Ich denke schon; aber genau wei\u00df ich es nicht. (Die vor 1970 Geborenen hatten sie vermutlich, die Masern. Und pl\u00f6tzlich war Corona wieder da!)\u00a0 <!--more--><\/p>\n<p>Ja, pl\u00f6tzlich f\u00fchlte ich mich in die Corona-Zeit (M\u00e4rz 2020 \u2013 M\u00e4rz 2023) zur\u00fcckkatapultiert und stellte fest, dass exakt heute vor 5 Jahren ich einen Artikel \u00fcber das leere Rom hatte, die Ewige Stadt. Ich hatte damals gar nicht erkl\u00e4rt, warum Rom leer sei; anscheinend verstand sich das von selbst, denn wenige Tage zuvor waren in Deutschland Schulen und Kitas geschlossen worden, und dann kamen die Altenheime dran. Am 20. M\u00e4rz 2020 schrieb ich, dass wir unsere Mutter nicht mehr besuchen durften. (Die Links unten.)<\/p>\n<p><a href=\"https:\/\/manipogo.de\/wp-content\/uploads\/SDC10523.jpg\"><img loading=\"lazy\" decoding=\"async\" class=\"alignright size-thumbnail wp-image-40021\" src=\"https:\/\/manipogo.de\/wp-content\/uploads\/SDC10523-150x150.jpg\" alt=\"\" width=\"150\" height=\"150\" \/><\/a>Ich bin gestern dann einfach zu meiner Haus\u00e4rztin nebenan gegangen, die mir Blut abnehmen lie\u00df, um festzustellen, ob ich die Antik\u00f6rper habe. Vermutlich schon. Damals dauerte es bis 8. Dezember 2020, dass ich positiv war: als erster Mitarbeiter des Heims. Und bis Weihnachten starben 10 Bewohner. Drei Jahre musste ich die Maske tragen, und als ich in Rente ging, konnte man am Tag darauf wieder ohne eine solche in die R\u00e4ume treten.<\/p>\n<p><a href=\"https:\/\/manipogo.de\/wp-content\/uploads\/SDC11154-1.jpg\"><img loading=\"lazy\" decoding=\"async\" class=\"alignleft size-thumbnail wp-image-40022\" src=\"https:\/\/manipogo.de\/wp-content\/uploads\/SDC11154-1-150x150.jpg\" alt=\"\" width=\"150\" height=\"150\" \/><\/a>Und heute wirkt es so, als h\u00e4tte es diese \u00fcble Periode nie gegeben. Eine mehrmals angek\u00fcndigte Aufarbeitung fand noch nicht statt. Das Covid-19-Virus beeintr\u00e4chtigte ja fast alle L\u00e4nder dieser Erde, doch manche Entwicklungen gaben einem zu denken: die Arroganz der Virologen; die Drohgeb\u00e4rden der Massenmedien, die agierten wie ferngesteuert; die Intoleranz gegen\u00fcber anderen Meinungen; die absurden b\u00fcrokratischen Regeln, die ins Privatleben eingriffen; die Allmacht der Politik.<\/p>\n<p>Da war nichts mehr von Demokratie. Man kann einwenden, dass das Virus neu war und Leben bedrohte, was au\u00dfergew\u00f6hnliche Ma\u00dfnahmen erforderte. Doch manches h\u00e4tte man auch der Verantwortung des B\u00fcrgers \u00fcberlassen k\u00f6nnen. Und dann die Impfpflicht und die Entlassungen, wenn jemand nicht bereit war, sich impfen zu lassen! Reiseverbote und Bescheinigungen, sinnlose Antigen-Tests und zu viele Impfungen! Auch ungekl\u00e4rte Todesf\u00e4lle von vorher gesunden Menschen gab es. In jenen drei Jahren taten sich Abgr\u00fcnde auf.<\/p>\n<p><em>Verwandte Artikel:<\/em><\/p>\n<p><a href=\"https:\/\/manipogo.de\/?p=25307\">Zwei Jahre Covid\/Corona<\/a> \u2013 <a href=\"https:\/\/manipogo.de\/?p=21519\">Hom\u00f6opathie und Covid-19<\/a> \u2013 <a href=\"https:\/\/manipogo.de\/?p=24546\">Zoonosen<\/a> \u2013 <a href=\"https:\/\/manipogo.de\/?p=24495\">Der gro\u00dfe Umbruch<\/a> \u2013 <a href=\"https:\/\/manipogo.de\/?p=20317\">Ostafrika und der Lockdown<\/a> \u2013 <a href=\"https:\/\/manipogo.de\/?p=17654\">N\u00e4he und Distanz<\/a> \u2013 <a href=\"https:\/\/manipogo.de\/?p=17581\">Staufen, Breisgau<\/a> \u2013 <a href=\"https:\/\/manipogo.de\/?p=17559\">Roma vuota<\/a><\/p>\n","protected":false},"excerpt":{"rendered":"<p>Gestern bekam ich einen Anruf des Gesundheitsamts. Ob ich in dem Flug von Bangkok nach Z\u00fcrich am 9. M\u00e4rz gesessen h\u00e4tte? \u2013 Ja. \u2013 In dem Flugzeug sei ein Mann mit Masern gewesen, ob ich die Krankheit gehabt h\u00e4tte? \u2013 Ich denke schon; aber genau wei\u00df ich es nicht. (Die vor 1970 Geborenen hatten sie [&hellip;]<\/p>\n","protected":false},"author":1,"featured_media":0,"comment_status":"closed","ping_status":"closed","sticky":false,"template":"","format":"standard","meta":{"footnotes":""},"categories":[6],"tags":[170,1734],"class_list":["post-40020","post","type-post","status-publish","format-standard","hentry","category-alte-wege","tag-geschichte","tag-virus"],"yoast_head":"<!-- This site is optimized with the Yoast SEO plugin v27.3 - https:\/\/yoast.com\/product\/yoast-seo-wordpress\/ -->\n<title>Die Masern - manipogo<\/title>\n<meta name=\"robots\" content=\"index, follow, max-snippet:-1, max-image-preview:large, max-video-preview:-1\" \/>\n<link rel=\"canonical\" href=\"https:\/\/manipogo.de\/?p=40020\" \/>\n<meta property=\"og:locale\" content=\"de_DE\" \/>\n<meta property=\"og:type\" content=\"article\" \/>\n<meta property=\"og:title\" content=\"Die Masern - manipogo\" \/>\n<meta property=\"og:description\" content=\"Gestern bekam ich einen Anruf des Gesundheitsamts. Ob ich in dem Flug von Bangkok nach Z\u00fcrich am 9. M\u00e4rz gesessen h\u00e4tte? \u2013 Ja. \u2013 In dem Flugzeug sei ein Mann mit Masern gewesen, ob ich die Krankheit gehabt h\u00e4tte? \u2013 Ich denke schon; aber genau wei\u00df ich es nicht. (Die vor 1970 Geborenen hatten sie [&hellip;]\" \/>\n<meta property=\"og:url\" content=\"https:\/\/manipogo.de\/?p=40020\" \/>\n<meta property=\"og:site_name\" content=\"manipogo\" \/>\n<meta property=\"article:published_time\" content=\"2025-03-14T00:13:58+00:00\" \/>\n<meta property=\"og:image\" content=\"https:\/\/manipogo.de\/wp-content\/uploads\/SDC10523.jpg\" \/>\n\t<meta property=\"og:image:width\" content=\"580\" \/>\n\t<meta property=\"og:image:height\" content=\"628\" \/>\n\t<meta property=\"og:image:type\" content=\"image\/jpeg\" \/>\n<meta name=\"author\" content=\"web108\" \/>\n<meta name=\"twitter:card\" content=\"summary_large_image\" \/>\n<meta name=\"twitter:label1\" content=\"Verfasst von\" \/>\n\t<meta name=\"twitter:data1\" content=\"web108\" \/>\n\t<meta name=\"twitter:label2\" content=\"Gesch\u00e4tzte Lesezeit\" \/>\n\t<meta name=\"twitter:data2\" content=\"3\u00a0Minuten\" \/>\n<script type=\"application\/ld+json\" class=\"yoast-schema-graph\">{\"@context\":\"https:\\\/\\\/schema.org\",\"@graph\":[{\"@type\":\"Article\",\"@id\":\"https:\\\/\\\/manipogo.de\\\/?p=40020#article\",\"isPartOf\":{\"@id\":\"https:\\\/\\\/manipogo.de\\\/?p=40020\"},\"author\":{\"name\":\"web108\",\"@id\":\"https:\\\/\\\/manipogo.de\\\/#\\\/schema\\\/person\\\/991913de0e39267877f234553fd7f58d\"},\"headline\":\"Die Masern\",\"datePublished\":\"2025-03-14T00:13:58+00:00\",\"mainEntityOfPage\":{\"@id\":\"https:\\\/\\\/manipogo.de\\\/?p=40020\"},\"wordCount\":408,\"image\":{\"@id\":\"https:\\\/\\\/manipogo.de\\\/?p=40020#primaryimage\"},\"thumbnailUrl\":\"https:\\\/\\\/manipogo.de\\\/wp-content\\\/uploads\\\/SDC10523-150x150.jpg\",\"keywords\":[\"Geschichte\",\"Virus\"],\"articleSection\":[\"Alte Wege\"],\"inLanguage\":\"de\"},{\"@type\":\"WebPage\",\"@id\":\"https:\\\/\\\/manipogo.de\\\/?p=40020\",\"url\":\"https:\\\/\\\/manipogo.de\\\/?p=40020\",\"name\":\"Die Masern - manipogo\",\"isPartOf\":{\"@id\":\"https:\\\/\\\/manipogo.de\\\/#website\"},\"primaryImageOfPage\":{\"@id\":\"https:\\\/\\\/manipogo.de\\\/?p=40020#primaryimage\"},\"image\":{\"@id\":\"https:\\\/\\\/manipogo.de\\\/?p=40020#primaryimage\"},\"thumbnailUrl\":\"https:\\\/\\\/manipogo.de\\\/wp-content\\\/uploads\\\/SDC10523-150x150.jpg\",\"datePublished\":\"2025-03-14T00:13:58+00:00\",\"author\":{\"@id\":\"https:\\\/\\\/manipogo.de\\\/#\\\/schema\\\/person\\\/991913de0e39267877f234553fd7f58d\"},\"breadcrumb\":{\"@id\":\"https:\\\/\\\/manipogo.de\\\/?p=40020#breadcrumb\"},\"inLanguage\":\"de\",\"potentialAction\":[{\"@type\":\"ReadAction\",\"target\":[\"https:\\\/\\\/manipogo.de\\\/?p=40020\"]}]},{\"@type\":\"ImageObject\",\"inLanguage\":\"de\",\"@id\":\"https:\\\/\\\/manipogo.de\\\/?p=40020#primaryimage\",\"url\":\"https:\\\/\\\/manipogo.de\\\/wp-content\\\/uploads\\\/SDC10523.jpg\",\"contentUrl\":\"https:\\\/\\\/manipogo.de\\\/wp-content\\\/uploads\\\/SDC10523.jpg\",\"width\":580,\"height\":628},{\"@type\":\"BreadcrumbList\",\"@id\":\"https:\\\/\\\/manipogo.de\\\/?p=40020#breadcrumb\",\"itemListElement\":[{\"@type\":\"ListItem\",\"position\":1,\"name\":\"Startseite\",\"item\":\"https:\\\/\\\/manipogo.de\\\/\"},{\"@type\":\"ListItem\",\"position\":2,\"name\":\"Die Masern\"}]},{\"@type\":\"WebSite\",\"@id\":\"https:\\\/\\\/manipogo.de\\\/#website\",\"url\":\"https:\\\/\\\/manipogo.de\\\/\",\"name\":\"manipogo\",\"description\":\"Gott und die Welt\",\"potentialAction\":[{\"@type\":\"SearchAction\",\"target\":{\"@type\":\"EntryPoint\",\"urlTemplate\":\"https:\\\/\\\/manipogo.de\\\/?s={search_term_string}\"},\"query-input\":{\"@type\":\"PropertyValueSpecification\",\"valueRequired\":true,\"valueName\":\"search_term_string\"}}],\"inLanguage\":\"de\"},{\"@type\":\"Person\",\"@id\":\"https:\\\/\\\/manipogo.de\\\/#\\\/schema\\\/person\\\/991913de0e39267877f234553fd7f58d\",\"name\":\"web108\",\"url\":\"https:\\\/\\\/manipogo.de\\\/?author=1\"}]}<\/script>\n<!-- \/ Yoast SEO plugin. -->","yoast_head_json":{"title":"Die Masern - manipogo","robots":{"index":"index","follow":"follow","max-snippet":"max-snippet:-1","max-image-preview":"max-image-preview:large","max-video-preview":"max-video-preview:-1"},"canonical":"https:\/\/manipogo.de\/?p=40020","og_locale":"de_DE","og_type":"article","og_title":"Die Masern - manipogo","og_description":"Gestern bekam ich einen Anruf des Gesundheitsamts. Ob ich in dem Flug von Bangkok nach Z\u00fcrich am 9. M\u00e4rz gesessen h\u00e4tte? \u2013 Ja. \u2013 In dem Flugzeug sei ein Mann mit Masern gewesen, ob ich die Krankheit gehabt h\u00e4tte? \u2013 Ich denke schon; aber genau wei\u00df ich es nicht. (Die vor 1970 Geborenen hatten sie [&hellip;]","og_url":"https:\/\/manipogo.de\/?p=40020","og_site_name":"manipogo","article_published_time":"2025-03-14T00:13:58+00:00","og_image":[{"width":580,"height":628,"url":"https:\/\/manipogo.de\/wp-content\/uploads\/SDC10523.jpg","type":"image\/jpeg"}],"author":"web108","twitter_card":"summary_large_image","twitter_misc":{"Verfasst von":"web108","Gesch\u00e4tzte Lesezeit":"3\u00a0Minuten"},"schema":{"@context":"https:\/\/schema.org","@graph":[{"@type":"Article","@id":"https:\/\/manipogo.de\/?p=40020#article","isPartOf":{"@id":"https:\/\/manipogo.de\/?p=40020"},"author":{"name":"web108","@id":"https:\/\/manipogo.de\/#\/schema\/person\/991913de0e39267877f234553fd7f58d"},"headline":"Die Masern","datePublished":"2025-03-14T00:13:58+00:00","mainEntityOfPage":{"@id":"https:\/\/manipogo.de\/?p=40020"},"wordCount":408,"image":{"@id":"https:\/\/manipogo.de\/?p=40020#primaryimage"},"thumbnailUrl":"https:\/\/manipogo.de\/wp-content\/uploads\/SDC10523-150x150.jpg","keywords":["Geschichte","Virus"],"articleSection":["Alte Wege"],"inLanguage":"de"},{"@type":"WebPage","@id":"https:\/\/manipogo.de\/?p=40020","url":"https:\/\/manipogo.de\/?p=40020","name":"Die Masern - manipogo","isPartOf":{"@id":"https:\/\/manipogo.de\/#website"},"primaryImageOfPage":{"@id":"https:\/\/manipogo.de\/?p=40020#primaryimage"},"image":{"@id":"https:\/\/manipogo.de\/?p=40020#primaryimage"},"thumbnailUrl":"https:\/\/manipogo.de\/wp-content\/uploads\/SDC10523-150x150.jpg","datePublished":"2025-03-14T00:13:58+00:00","author":{"@id":"https:\/\/manipogo.de\/#\/schema\/person\/991913de0e39267877f234553fd7f58d"},"breadcrumb":{"@id":"https:\/\/manipogo.de\/?p=40020#breadcrumb"},"inLanguage":"de","potentialAction":[{"@type":"ReadAction","target":["https:\/\/manipogo.de\/?p=40020"]}]},{"@type":"ImageObject","inLanguage":"de","@id":"https:\/\/manipogo.de\/?p=40020#primaryimage","url":"https:\/\/manipogo.de\/wp-content\/uploads\/SDC10523.jpg","contentUrl":"https:\/\/manipogo.de\/wp-content\/uploads\/SDC10523.jpg","width":580,"height":628},{"@type":"BreadcrumbList","@id":"https:\/\/manipogo.de\/?p=40020#breadcrumb","itemListElement":[{"@type":"ListItem","position":1,"name":"Startseite","item":"https:\/\/manipogo.de\/"},{"@type":"ListItem","position":2,"name":"Die Masern"}]},{"@type":"WebSite","@id":"https:\/\/manipogo.de\/#website","url":"https:\/\/manipogo.de\/","name":"manipogo","description":"Gott und die Welt","potentialAction":[{"@type":"SearchAction","target":{"@type":"EntryPoint","urlTemplate":"https:\/\/manipogo.de\/?s={search_term_string}"},"query-input":{"@type":"PropertyValueSpecification","valueRequired":true,"valueName":"search_term_string"}}],"inLanguage":"de"},{"@type":"Person","@id":"https:\/\/manipogo.de\/#\/schema\/person\/991913de0e39267877f234553fd7f58d","name":"web108","url":"https:\/\/manipogo.de\/?author=1"}]}},"_links":{"self":[{"href":"https:\/\/manipogo.de\/index.php?rest_route=\/wp\/v2\/posts\/40020","targetHints":{"allow":["GET"]}}],"collection":[{"href":"https:\/\/manipogo.de\/index.php?rest_route=\/wp\/v2\/posts"}],"about":[{"href":"https:\/\/manipogo.de\/index.php?rest_route=\/wp\/v2\/types\/post"}],"author":[{"embeddable":true,"href":"https:\/\/manipogo.de\/index.php?rest_route=\/wp\/v2\/users\/1"}],"replies":[{"embeddable":true,"href":"https:\/\/manipogo.de\/index.php?rest_route=%2Fwp%2Fv2%2Fcomments&post=40020"}],"version-history":[{"count":3,"href":"https:\/\/manipogo.de\/index.php?rest_route=\/wp\/v2\/posts\/40020\/revisions"}],"predecessor-version":[{"id":40025,"href":"https:\/\/manipogo.de\/index.php?rest_route=\/wp\/v2\/posts\/40020\/revisions\/40025"}],"wp:attachment":[{"href":"https:\/\/manipogo.de\/index.php?rest_route=%2Fwp%2Fv2%2Fmedia&parent=40020"}],"wp:term":[{"taxonomy":"category","embeddable":true,"href":"https:\/\/manipogo.de\/index.php?rest_route=%2Fwp%2Fv2%2Fcategories&post=40020"},{"taxonomy":"post_tag","embeddable":true,"href":"https:\/\/manipogo.de\/index.php?rest_route=%2Fwp%2Fv2%2Ftags&post=40020"}],"curies":[{"name":"wp","href":"https:\/\/api.w.org\/{rel}","templated":true}]}}