{"id":40944,"date":"2025-08-16T01:18:40","date_gmt":"2025-08-15T23:18:40","guid":{"rendered":"https:\/\/manipogo.de\/?p=40944"},"modified":"2025-08-12T22:58:18","modified_gmt":"2025-08-12T20:58:18","slug":"psychiatrie-3","status":"publish","type":"post","link":"https:\/\/manipogo.de\/?p=40944","title":{"rendered":"Leben im Manicomio"},"content":{"rendered":"<p>Da gestern Florian Langegger erw\u00e4hnt wurde, der so klug \u00fcber das Verr\u00fccktsein schreibt, kann ich endlich den Monolog eines Psychiaters vorstellen, der seit langem hier im Wartestand liegt. Er ist aud dem Buch <em>Il cacciatore ricoperto di campanelli<\/em> von Giuseppe Lo Presti. Der kleine Roman war 1990 in Italien ein \u00dcberraschungserfolg. Aldo Busi, der Kritiker, entdeckte den Autor. <!--more-->Lo Presti wurde am 20. Januar 1958 geboren (ein Jahr j\u00fcnger als ich!), starb aber schon 1995, 37 Jahre alt. Er schloss sich fr\u00fch der radikalen Rechten an und war an diversen Attentaten beteiligt, was ihm 12 Jahre Gef\u00e4ngnis eintrug. (<em>Wie in Deutschland waren die Jahre von 1977 bis 1987 dunkle Jahre mit Anschl\u00e4gen von Terroristen, bei denen Hunderte Menschen starben<\/em>.) Busi fand den Text au\u00dfergew\u00f6hnlich gut, \u00e4u\u00dferte sich aber abf\u00e4llig \u00fcber den Autor. Das Buch \u00fcber den J\u00e4ger wurde zum Kultbuch. Irgendwo ist der Titel erl\u00e4utert: Ein mit Glocken beh\u00e4ngter J\u00e4ger wird nat\u00fcrlich nicht besonders erfolgreich sein, weil man ihn von weitem h\u00f6rt.<\/p>\n<div id=\"attachment_41086\" style=\"width: 550px\" class=\"wp-caption aligncenter\"><a href=\"https:\/\/manipogo.de\/wp-content\/uploads\/DSCN2368-1.jpg\"><img loading=\"lazy\" decoding=\"async\" aria-describedby=\"caption-attachment-41086\" class=\"wp-image-41086 size-full\" src=\"https:\/\/manipogo.de\/wp-content\/uploads\/DSCN2368-1.jpg\" alt=\"\" width=\"540\" height=\"405\" srcset=\"https:\/\/manipogo.de\/wp-content\/uploads\/DSCN2368-1.jpg 540w, https:\/\/manipogo.de\/wp-content\/uploads\/DSCN2368-1-300x225.jpg 300w\" sizes=\"auto, (max-width: 540px) 100vw, 540px\" \/><\/a><p id=\"caption-attachment-41086\" class=\"wp-caption-text\">Eine Kneipe in Berlin<\/p><\/div>\n<p>Das Buch ist halb biografisch. Der Erz\u00e4hler ist ein Au\u00dfenseiter und Rebell, und mehrmals wird er in die Psychiatrie eingewiesen. Sein Lieblingsfeind ist Doktor \u00bbA\u00ab, den er am Ende auch zum Tod verurteilt. Zur Ausf\u00fchrung des Urteils kommt es nicht; man bringt ihn wieder hinter Klinikmauern. Der Arzt wirft dem jungen Mann vor, er k\u00e4mpfe gegen eine Schim\u00e4re und verspiele sich seine Freiheit. Ich \u00fcbersetze:<\/p>\n<p><em>\u00bbDas Wort Freiheit, Doktor, hat f\u00fcr mich nicht dieselbe Bedeutung wie f\u00fcr Sie. Glauben Sie, dass ich nicht wei\u00df, auf welche Sache ich mich eingelassen habe?\u00ab<\/em><br \/>\n<em>\u00bbGut!\u00ab sagte er. \u00bbGut! Ich beschreibe Ihnen also das Leben im Irrenhaus. Keine bestimmte Behandlung, das ist nicht vorgesehen. Die Verr\u00fcckten, die Dementen, die Zur\u00fcckgebliebenen verbleiben in \u00fcberwachter Freiheit in der Einrichtung. Diejenigen, bei denen man antisoziale Handlungen bef\u00fcrchtet \u2013 zu denen geh\u00f6ren Sie \u2013, werden in die Zellen eingeschlossen. Sie sind sozusagen sich selber \u00fcberlassen. Von Zeit zu Zeit werden sie Studenten vorgef\u00fchrt. Sie sind definitiv aus der Welt der Lebenden entfernt. Sie haben aufgeh\u00f6rt, zur menschlichen Spezies zu z\u00e4hlen. Verwechseln Sie das nicht mit der Routine im Gef\u00e4ngnis, lieber Freund: Dort bleibt allenfalls noch Hoffnung. Hier nicht! Es ist schlicht und einfach eine Amputation. Die Erfahrung hat uns gelehrt, dass wir vorsichtig sein m\u00fcssen. F\u00fcr die Abweichler gibt es kein Zeugnis guter F\u00fchrung. Sie sind, um einen milit\u00e4rischen Ausdruck zu verwenden, definitiv nicht wiedereingliederungsf\u00e4hig. Ein Affe im Zoo hat mehr sozialen Wert als sie &#8230; Da wir nicht wissen, was in jenen Gehirnen vor sich geht, begraben wir sie lebend. Es ist das Mindeste, was wir tun k\u00f6nnen. Diejenigen, die nur desorientiert sind, werden v\u00f6llig verr\u00fcckt. Kein normaler Geist ertr\u00e4gt diese Behandlung. Der Verfall geht um so rascher vor sich, je kultivierter der Mensch zu Beginn war. Bei Ihnen w\u00fcrden da ein paar Monate ausreichen.\u00ab<\/em><br \/>\n<em>\u00bbAufh\u00f6ren, Doktor, Schluss!\u00ab schrie ich. \u00bbSeien sie still.\u00ab<\/em><\/p>\n<div id=\"attachment_40946\" style=\"width: 550px\" class=\"wp-caption aligncenter\"><a href=\"https:\/\/manipogo.de\/wp-content\/uploads\/DSCN5120-1.jpg\"><img loading=\"lazy\" decoding=\"async\" aria-describedby=\"caption-attachment-40946\" class=\"wp-image-40946 size-full\" src=\"https:\/\/manipogo.de\/wp-content\/uploads\/DSCN5120-1.jpg\" alt=\"\" width=\"540\" height=\"405\" srcset=\"https:\/\/manipogo.de\/wp-content\/uploads\/DSCN5120-1.jpg 540w, https:\/\/manipogo.de\/wp-content\/uploads\/DSCN5120-1-300x225.jpg 300w\" sizes=\"auto, (max-width: 540px) 100vw, 540px\" \/><\/a><p id=\"caption-attachment-40946\" class=\"wp-caption-text\">Stasi-Gef\u00e4ngnis Hohensch\u00f6nhausen, Berlin<\/p><\/div>\n<p>&nbsp;<\/p>\n<p>Die Ausf\u00fchrungen des Psychiaters beschreiben auch das Vorgehen von Unrechtsregimes.\u00a0 In Konzentrations-, Umerziehungs- und Straf-Lagern versuchte man, die Pers\u00f6nlichkeit der Inhaftierten zu brechen. Einzelhaft zerm\u00fcrbte sie, die Behandlung war unmenschlich, weil die M\u00e4chtigen und deren ausf\u00fchrenden Organe sie nicht als Menschen sehen wollten. Mit der Entmenschlichung und D\u00e4monisierung beginnt der Weg in den Terror. Wer anders denkt, wird ausgel\u00f6scht. Es ist ein dunkles Kapitel der Menschheitsgeschichte; doch es ist noch nicht zu Ende.<\/p>\n<p>&nbsp;<\/p>\n","protected":false},"excerpt":{"rendered":"<p>Da gestern Florian Langegger erw\u00e4hnt wurde, der so klug \u00fcber das Verr\u00fccktsein schreibt, kann ich endlich den Monolog eines Psychiaters vorstellen, der seit langem hier im Wartestand liegt. Er ist aud dem Buch Il cacciatore ricoperto di campanelli von Giuseppe Lo Presti. Der kleine Roman war 1990 in Italien ein \u00dcberraschungserfolg. Aldo Busi, der Kritiker, [&hellip;]<\/p>\n","protected":false},"author":1,"featured_media":0,"comment_status":"closed","ping_status":"closed","sticky":false,"template":"","format":"standard","meta":{"footnotes":""},"categories":[5],"tags":[2325,91],"class_list":["post-40944","post","type-post","status-publish","format-standard","hentry","category-leben-heute","tag-gefaengnis","tag-psychiatrie"],"yoast_head":"<!-- This site is optimized with the Yoast SEO plugin v27.3 - https:\/\/yoast.com\/product\/yoast-seo-wordpress\/ -->\n<title>Leben im Manicomio - manipogo<\/title>\n<meta name=\"description\" content=\"Giuseppe Lo Presti l\u00e4sst in einem Roman einen Psychiater aus dem Irrenhaus erz\u00e4hlen. Er schildert, wie Insassen weggesperrt und gebrochen werden - wie auch heute noch in Lagern und Haftanstalten.\" \/>\n<meta name=\"robots\" content=\"index, follow, max-snippet:-1, max-image-preview:large, max-video-preview:-1\" \/>\n<link rel=\"canonical\" href=\"https:\/\/manipogo.de\/?p=40944\" \/>\n<meta property=\"og:locale\" content=\"de_DE\" \/>\n<meta property=\"og:type\" content=\"article\" \/>\n<meta property=\"og:title\" content=\"Leben im Manicomio - manipogo\" \/>\n<meta property=\"og:description\" content=\"Giuseppe Lo Presti l\u00e4sst in einem Roman einen Psychiater aus dem Irrenhaus erz\u00e4hlen. Er schildert, wie Insassen weggesperrt und gebrochen werden - wie auch heute noch in Lagern und Haftanstalten.\" \/>\n<meta property=\"og:url\" content=\"https:\/\/manipogo.de\/?p=40944\" \/>\n<meta property=\"og:site_name\" content=\"manipogo\" \/>\n<meta property=\"article:published_time\" content=\"2025-08-15T23:18:40+00:00\" \/>\n<meta property=\"og:image\" content=\"https:\/\/manipogo.de\/wp-content\/uploads\/DSCN2368-1.jpg\" \/>\n\t<meta property=\"og:image:width\" content=\"540\" \/>\n\t<meta property=\"og:image:height\" content=\"405\" \/>\n\t<meta property=\"og:image:type\" content=\"image\/jpeg\" \/>\n<meta name=\"author\" content=\"web108\" \/>\n<meta name=\"twitter:card\" content=\"summary_large_image\" \/>\n<meta name=\"twitter:label1\" content=\"Verfasst von\" \/>\n\t<meta name=\"twitter:data1\" content=\"web108\" \/>\n\t<meta name=\"twitter:label2\" content=\"Gesch\u00e4tzte Lesezeit\" \/>\n\t<meta name=\"twitter:data2\" content=\"4\u00a0Minuten\" \/>\n<script type=\"application\/ld+json\" class=\"yoast-schema-graph\">{\"@context\":\"https:\\\/\\\/schema.org\",\"@graph\":[{\"@type\":\"Article\",\"@id\":\"https:\\\/\\\/manipogo.de\\\/?p=40944#article\",\"isPartOf\":{\"@id\":\"https:\\\/\\\/manipogo.de\\\/?p=40944\"},\"author\":{\"name\":\"web108\",\"@id\":\"https:\\\/\\\/manipogo.de\\\/#\\\/schema\\\/person\\\/991913de0e39267877f234553fd7f58d\"},\"headline\":\"Leben im Manicomio\",\"datePublished\":\"2025-08-15T23:18:40+00:00\",\"mainEntityOfPage\":{\"@id\":\"https:\\\/\\\/manipogo.de\\\/?p=40944\"},\"wordCount\":607,\"image\":{\"@id\":\"https:\\\/\\\/manipogo.de\\\/?p=40944#primaryimage\"},\"thumbnailUrl\":\"https:\\\/\\\/manipogo.de\\\/wp-content\\\/uploads\\\/DSCN2368-1.jpg\",\"keywords\":[\"Gef\u00e4ngnis\",\"Psychiatrie\"],\"articleSection\":[\"Leben heute\"],\"inLanguage\":\"de\"},{\"@type\":\"WebPage\",\"@id\":\"https:\\\/\\\/manipogo.de\\\/?p=40944\",\"url\":\"https:\\\/\\\/manipogo.de\\\/?p=40944\",\"name\":\"Leben im Manicomio - manipogo\",\"isPartOf\":{\"@id\":\"https:\\\/\\\/manipogo.de\\\/#website\"},\"primaryImageOfPage\":{\"@id\":\"https:\\\/\\\/manipogo.de\\\/?p=40944#primaryimage\"},\"image\":{\"@id\":\"https:\\\/\\\/manipogo.de\\\/?p=40944#primaryimage\"},\"thumbnailUrl\":\"https:\\\/\\\/manipogo.de\\\/wp-content\\\/uploads\\\/DSCN2368-1.jpg\",\"datePublished\":\"2025-08-15T23:18:40+00:00\",\"author\":{\"@id\":\"https:\\\/\\\/manipogo.de\\\/#\\\/schema\\\/person\\\/991913de0e39267877f234553fd7f58d\"},\"description\":\"Giuseppe Lo Presti l\u00e4sst in einem Roman einen Psychiater aus dem Irrenhaus erz\u00e4hlen. Er schildert, wie Insassen weggesperrt und gebrochen werden - wie auch heute noch in Lagern und Haftanstalten.\",\"breadcrumb\":{\"@id\":\"https:\\\/\\\/manipogo.de\\\/?p=40944#breadcrumb\"},\"inLanguage\":\"de\",\"potentialAction\":[{\"@type\":\"ReadAction\",\"target\":[\"https:\\\/\\\/manipogo.de\\\/?p=40944\"]}]},{\"@type\":\"ImageObject\",\"inLanguage\":\"de\",\"@id\":\"https:\\\/\\\/manipogo.de\\\/?p=40944#primaryimage\",\"url\":\"https:\\\/\\\/manipogo.de\\\/wp-content\\\/uploads\\\/DSCN2368-1.jpg\",\"contentUrl\":\"https:\\\/\\\/manipogo.de\\\/wp-content\\\/uploads\\\/DSCN2368-1.jpg\"},{\"@type\":\"BreadcrumbList\",\"@id\":\"https:\\\/\\\/manipogo.de\\\/?p=40944#breadcrumb\",\"itemListElement\":[{\"@type\":\"ListItem\",\"position\":1,\"name\":\"Startseite\",\"item\":\"https:\\\/\\\/manipogo.de\\\/\"},{\"@type\":\"ListItem\",\"position\":2,\"name\":\"Leben im Manicomio\"}]},{\"@type\":\"WebSite\",\"@id\":\"https:\\\/\\\/manipogo.de\\\/#website\",\"url\":\"https:\\\/\\\/manipogo.de\\\/\",\"name\":\"manipogo\",\"description\":\"Gott und die Welt\",\"potentialAction\":[{\"@type\":\"SearchAction\",\"target\":{\"@type\":\"EntryPoint\",\"urlTemplate\":\"https:\\\/\\\/manipogo.de\\\/?s={search_term_string}\"},\"query-input\":{\"@type\":\"PropertyValueSpecification\",\"valueRequired\":true,\"valueName\":\"search_term_string\"}}],\"inLanguage\":\"de\"},{\"@type\":\"Person\",\"@id\":\"https:\\\/\\\/manipogo.de\\\/#\\\/schema\\\/person\\\/991913de0e39267877f234553fd7f58d\",\"name\":\"web108\",\"url\":\"https:\\\/\\\/manipogo.de\\\/?author=1\"}]}<\/script>\n<!-- \/ Yoast SEO plugin. -->","yoast_head_json":{"title":"Leben im Manicomio - manipogo","description":"Giuseppe Lo Presti l\u00e4sst in einem Roman einen Psychiater aus dem Irrenhaus erz\u00e4hlen. Er schildert, wie Insassen weggesperrt und gebrochen werden - wie auch heute noch in Lagern und Haftanstalten.","robots":{"index":"index","follow":"follow","max-snippet":"max-snippet:-1","max-image-preview":"max-image-preview:large","max-video-preview":"max-video-preview:-1"},"canonical":"https:\/\/manipogo.de\/?p=40944","og_locale":"de_DE","og_type":"article","og_title":"Leben im Manicomio - manipogo","og_description":"Giuseppe Lo Presti l\u00e4sst in einem Roman einen Psychiater aus dem Irrenhaus erz\u00e4hlen. Er schildert, wie Insassen weggesperrt und gebrochen werden - wie auch heute noch in Lagern und Haftanstalten.","og_url":"https:\/\/manipogo.de\/?p=40944","og_site_name":"manipogo","article_published_time":"2025-08-15T23:18:40+00:00","og_image":[{"width":540,"height":405,"url":"https:\/\/manipogo.de\/wp-content\/uploads\/DSCN2368-1.jpg","type":"image\/jpeg"}],"author":"web108","twitter_card":"summary_large_image","twitter_misc":{"Verfasst von":"web108","Gesch\u00e4tzte Lesezeit":"4\u00a0Minuten"},"schema":{"@context":"https:\/\/schema.org","@graph":[{"@type":"Article","@id":"https:\/\/manipogo.de\/?p=40944#article","isPartOf":{"@id":"https:\/\/manipogo.de\/?p=40944"},"author":{"name":"web108","@id":"https:\/\/manipogo.de\/#\/schema\/person\/991913de0e39267877f234553fd7f58d"},"headline":"Leben im Manicomio","datePublished":"2025-08-15T23:18:40+00:00","mainEntityOfPage":{"@id":"https:\/\/manipogo.de\/?p=40944"},"wordCount":607,"image":{"@id":"https:\/\/manipogo.de\/?p=40944#primaryimage"},"thumbnailUrl":"https:\/\/manipogo.de\/wp-content\/uploads\/DSCN2368-1.jpg","keywords":["Gef\u00e4ngnis","Psychiatrie"],"articleSection":["Leben heute"],"inLanguage":"de"},{"@type":"WebPage","@id":"https:\/\/manipogo.de\/?p=40944","url":"https:\/\/manipogo.de\/?p=40944","name":"Leben im Manicomio - manipogo","isPartOf":{"@id":"https:\/\/manipogo.de\/#website"},"primaryImageOfPage":{"@id":"https:\/\/manipogo.de\/?p=40944#primaryimage"},"image":{"@id":"https:\/\/manipogo.de\/?p=40944#primaryimage"},"thumbnailUrl":"https:\/\/manipogo.de\/wp-content\/uploads\/DSCN2368-1.jpg","datePublished":"2025-08-15T23:18:40+00:00","author":{"@id":"https:\/\/manipogo.de\/#\/schema\/person\/991913de0e39267877f234553fd7f58d"},"description":"Giuseppe Lo Presti l\u00e4sst in einem Roman einen Psychiater aus dem Irrenhaus erz\u00e4hlen. Er schildert, wie Insassen weggesperrt und gebrochen werden - wie auch heute noch in Lagern und Haftanstalten.","breadcrumb":{"@id":"https:\/\/manipogo.de\/?p=40944#breadcrumb"},"inLanguage":"de","potentialAction":[{"@type":"ReadAction","target":["https:\/\/manipogo.de\/?p=40944"]}]},{"@type":"ImageObject","inLanguage":"de","@id":"https:\/\/manipogo.de\/?p=40944#primaryimage","url":"https:\/\/manipogo.de\/wp-content\/uploads\/DSCN2368-1.jpg","contentUrl":"https:\/\/manipogo.de\/wp-content\/uploads\/DSCN2368-1.jpg"},{"@type":"BreadcrumbList","@id":"https:\/\/manipogo.de\/?p=40944#breadcrumb","itemListElement":[{"@type":"ListItem","position":1,"name":"Startseite","item":"https:\/\/manipogo.de\/"},{"@type":"ListItem","position":2,"name":"Leben im Manicomio"}]},{"@type":"WebSite","@id":"https:\/\/manipogo.de\/#website","url":"https:\/\/manipogo.de\/","name":"manipogo","description":"Gott und die Welt","potentialAction":[{"@type":"SearchAction","target":{"@type":"EntryPoint","urlTemplate":"https:\/\/manipogo.de\/?s={search_term_string}"},"query-input":{"@type":"PropertyValueSpecification","valueRequired":true,"valueName":"search_term_string"}}],"inLanguage":"de"},{"@type":"Person","@id":"https:\/\/manipogo.de\/#\/schema\/person\/991913de0e39267877f234553fd7f58d","name":"web108","url":"https:\/\/manipogo.de\/?author=1"}]}},"_links":{"self":[{"href":"https:\/\/manipogo.de\/index.php?rest_route=\/wp\/v2\/posts\/40944","targetHints":{"allow":["GET"]}}],"collection":[{"href":"https:\/\/manipogo.de\/index.php?rest_route=\/wp\/v2\/posts"}],"about":[{"href":"https:\/\/manipogo.de\/index.php?rest_route=\/wp\/v2\/types\/post"}],"author":[{"embeddable":true,"href":"https:\/\/manipogo.de\/index.php?rest_route=\/wp\/v2\/users\/1"}],"replies":[{"embeddable":true,"href":"https:\/\/manipogo.de\/index.php?rest_route=%2Fwp%2Fv2%2Fcomments&post=40944"}],"version-history":[{"count":7,"href":"https:\/\/manipogo.de\/index.php?rest_route=\/wp\/v2\/posts\/40944\/revisions"}],"predecessor-version":[{"id":41953,"href":"https:\/\/manipogo.de\/index.php?rest_route=\/wp\/v2\/posts\/40944\/revisions\/41953"}],"wp:attachment":[{"href":"https:\/\/manipogo.de\/index.php?rest_route=%2Fwp%2Fv2%2Fmedia&parent=40944"}],"wp:term":[{"taxonomy":"category","embeddable":true,"href":"https:\/\/manipogo.de\/index.php?rest_route=%2Fwp%2Fv2%2Fcategories&post=40944"},{"taxonomy":"post_tag","embeddable":true,"href":"https:\/\/manipogo.de\/index.php?rest_route=%2Fwp%2Fv2%2Ftags&post=40944"}],"curies":[{"name":"wp","href":"https:\/\/api.w.org\/{rel}","templated":true}]}}