{"id":41400,"date":"2025-11-30T00:36:04","date_gmt":"2025-11-29T23:36:04","guid":{"rendered":"https:\/\/manipogo.de\/?p=41400"},"modified":"2025-11-30T13:24:50","modified_gmt":"2025-11-30T12:24:50","slug":"naechtliche-prozession","status":"publish","type":"post","link":"https:\/\/manipogo.de\/?p=41400","title":{"rendered":"Die n\u00e4chtliche Prozession"},"content":{"rendered":"<p>Nach eineinhalb Jahren wieder ein Beitrag aus der Zeitschrift <em>Magikon<\/em>, die Justinus Kerner (1786-1862) von 1840 bis 1853 herausgab. Doch hat <em>manipogo<\/em> Magikon bereits \u00fcberholt: Wir feierten am 9. August den 13. Geburtstag &#8230; und machen weiter! Heute schlie\u00dfen wir an die beiden Beitr\u00e4ge von gestern und vorgestern an: Prozessionen zum Kirchhof! <!--more--><\/p>\n<p><strong>Die n\u00e4chtliche Prozession.<\/strong><br \/>\n(<em>aus Mainz mitgetheilt<\/em>.)<\/p>\n<p>\u2014<\/p>\n<p>Zwei Pfarrer, der eine D. in M. am Rheine, der andere K. in E., einem Pfarrdorfe, 2 Stunden davon, beide allgemein hochgeachtete, in der Seelsorge ergraute, ehrw\u00fcrdie M\u00e4nner, erz\u00e4hlten bei ihrem Leben dem Schreiber dieses und so vielen andern Leuten nahestehendes ihnen selbst begegnete Ereigni\u00df:<\/p>\n<p>\u00bbAnfangs der 1790er Jahre, erz\u00e4hlte D., war ich mit K. in dem erzbisch\u00f6flichen Seminar in M. An einem Sommerabende nach 9 Uhr stiegen wir auf den Speicher der dortigen Kapelle, frische Luft zu sch\u00f6pfen. Aus dem Guckloche \u00fcbersahen wir die etwas schr\u00e4g gegen\u00fcberliegende, nur durch eine schmale Stra\u00dfe gesonderte St. Christophskirche, und vor uns den damalig daransto\u00dfendne Kirchhof sehr deutlich und bestimmt.\u00ab<\/p>\n<p>\u00bbSo dastehend unterhielten wir uns eine lange Weile \u00fcber verschiedene Gegenst\u00e4nde, als ich bemerkte, dass die dunkle Kirche nach und nach von Innen erleuchtet wurde, und zwar so hell, wie wenn nun ein feierlicher Gottesdienst beginnen sollte. Ich machte meinen neben mir stehenden Freund hierauf aufmerksam, der Gleiches mit mir bemerkt hatte, und gleich begierig war, zu sehen die Dinge, die da kommen sollten.\u00ab<\/p>\n<p><a href=\"https:\/\/manipogo.de\/wp-content\/uploads\/2025-06-25-0001.jpg\"><img loading=\"lazy\" decoding=\"async\" class=\"aligncenter size-full wp-image-41430\" src=\"https:\/\/manipogo.de\/wp-content\/uploads\/2025-06-25-0001.jpg\" alt=\"\" width=\"540\" height=\"467\" srcset=\"https:\/\/manipogo.de\/wp-content\/uploads\/2025-06-25-0001.jpg 540w, https:\/\/manipogo.de\/wp-content\/uploads\/2025-06-25-0001-300x259.jpg 300w\" sizes=\"auto, (max-width: 540px) 100vw, 540px\" \/><\/a><\/p>\n<p>\u00bbAuf einmal \u00f6ffnete sich das gro\u00dfe Portal, das zum Kirchhof f\u00fchrt, und heraustraten paarweise verh\u00fcllte Figuren mit einem brennenden Licht in der Hand, gleich einer Prozession, die, aus vielen Gliedern bestehend, sich auf den Kirchhof begab, wo sie sich nicht weit von einem l\u00e4ngst errichteten Grabsteine in einen gro\u00dfen Haufen vereinten. Was war nun nat\u00fcrlicher, als anzunehmen, dass nach der damalig noch herrschenden Sitte irgend ein Reicher oder Vornehmer der Stadt in der Stille beerdigt werde? Doch nach einiger Zeit l\u00f6ste sich der Haufen Lichtertr\u00e4ger wieder auf, und ging in der n\u00e4mlichen Ordnung in die Kirche zur\u00fcck, wie er gekommen war; man sah die Kirche wieder hell werden, wie zuvor, als auf einmal alles Licht verschwand, und das alte Dunkel der Kirchenfenster vor wie nach zur\u00fcckblieb.\u00ab<\/p>\n<p>\u00bbBegierig, wer da begraben worden seyn m\u00f6chte, sprachen wir im Herabsteigen von unserer Schaub\u00fchne den festen Vorsatz aus, am Fr\u00fchmorgen des kommenden Tages den K\u00fcster der fraglischen Kirche zu sprechen.\u00ab<\/p>\n<p>\u00bbAm andern Morgen erhielten wir auf unsere Frage vom K\u00fcster zur Antwort, dasss er von einer Begr\u00e4bni\u00df in besagter Zeit nichts wisse, und auf den Kirchhof gef\u00fchrt, entdeckten wir am bemerkten Platze, wo sich der Haufen aufgestellt hatte, auch nicht eine Spur von einem neuen Grabe oder aufgegrabener Erde, sondern alles war gleich eben und unumgearbeitet.\u00ab<\/p>\n<p>\u00bbWer erkl\u00e4rt uns die\u00df?\u00ab fragten diese M\u00e4nner nach jeder Erz\u00e4hlung dieser Geschichte. \u2014<\/p>\n<p>&nbsp;<\/p>\n<p>(aus: Magikon, erstes Heft 1841, S. 218, digital in der Universit\u00e4tsbibliothek Freiburg)<\/p>\n<p>Verwandte Artikel:<\/p>\n<p><a href=\"https:\/\/manipogo.de\/?p=40684\">Die Abzuberufenden<\/a> \u2013\u00a0<a href=\"https:\/\/manipogo.de\/?p=22985\">Die Geister-Armeen<\/a> \u2013 <a href=\"https:\/\/manipogo.de\/?p=15073\">Spuk und Geister im Wallis\u00a0<\/a><\/p>\n","protected":false},"excerpt":{"rendered":"<p>Nach eineinhalb Jahren wieder ein Beitrag aus der Zeitschrift Magikon, die Justinus Kerner (1786-1862) von 1840 bis 1853 herausgab. Doch hat manipogo Magikon bereits \u00fcberholt: Wir feierten am 9. August den 13. Geburtstag &#8230; und machen weiter! Heute schlie\u00dfen wir an die beiden Beitr\u00e4ge von gestern und vorgestern an: Prozessionen zum Kirchhof!<\/p>\n","protected":false},"author":1,"featured_media":0,"comment_status":"closed","ping_status":"closed","sticky":false,"template":"","format":"standard","meta":{"footnotes":""},"categories":[1225],"tags":[2006,73],"class_list":["post-41400","post","type-post","status-publish","format-standard","hentry","category-jenseitspsi","tag-erzaehlung","tag-geister"],"yoast_head":"<!-- This site is optimized with the Yoast SEO plugin v27.3 - https:\/\/yoast.com\/product\/yoast-seo-wordpress\/ -->\n<title>Die n\u00e4chtliche Prozession - manipogo<\/title>\n<meta name=\"description\" content=\"In der\" \/>\n<meta name=\"robots\" content=\"index, follow, max-snippet:-1, max-image-preview:large, max-video-preview:-1\" \/>\n<link rel=\"canonical\" href=\"https:\/\/manipogo.de\/?p=41400\" \/>\n<meta property=\"og:locale\" content=\"de_DE\" \/>\n<meta property=\"og:type\" content=\"article\" \/>\n<meta property=\"og:title\" content=\"Die n\u00e4chtliche Prozession - manipogo\" \/>\n<meta property=\"og:description\" content=\"In der\" \/>\n<meta property=\"og:url\" content=\"https:\/\/manipogo.de\/?p=41400\" \/>\n<meta property=\"og:site_name\" content=\"manipogo\" \/>\n<meta property=\"article:published_time\" content=\"2025-11-29T23:36:04+00:00\" \/>\n<meta property=\"article:modified_time\" content=\"2025-11-30T12:24:50+00:00\" \/>\n<meta property=\"og:image\" content=\"https:\/\/manipogo.de\/wp-content\/uploads\/2025-06-25-0001.jpg\" \/>\n\t<meta property=\"og:image:width\" content=\"540\" \/>\n\t<meta property=\"og:image:height\" content=\"467\" \/>\n\t<meta property=\"og:image:type\" content=\"image\/jpeg\" \/>\n<meta name=\"author\" content=\"web108\" \/>\n<meta name=\"twitter:card\" content=\"summary_large_image\" \/>\n<meta name=\"twitter:label1\" content=\"Verfasst von\" \/>\n\t<meta name=\"twitter:data1\" content=\"web108\" \/>\n\t<meta name=\"twitter:label2\" content=\"Gesch\u00e4tzte Lesezeit\" \/>\n\t<meta name=\"twitter:data2\" content=\"3\u00a0Minuten\" \/>\n<script type=\"application\/ld+json\" class=\"yoast-schema-graph\">{\"@context\":\"https:\\\/\\\/schema.org\",\"@graph\":[{\"@type\":\"Article\",\"@id\":\"https:\\\/\\\/manipogo.de\\\/?p=41400#article\",\"isPartOf\":{\"@id\":\"https:\\\/\\\/manipogo.de\\\/?p=41400\"},\"author\":{\"name\":\"web108\",\"@id\":\"https:\\\/\\\/manipogo.de\\\/#\\\/schema\\\/person\\\/991913de0e39267877f234553fd7f58d\"},\"headline\":\"Die n\u00e4chtliche Prozession\",\"datePublished\":\"2025-11-29T23:36:04+00:00\",\"dateModified\":\"2025-11-30T12:24:50+00:00\",\"mainEntityOfPage\":{\"@id\":\"https:\\\/\\\/manipogo.de\\\/?p=41400\"},\"wordCount\":508,\"image\":{\"@id\":\"https:\\\/\\\/manipogo.de\\\/?p=41400#primaryimage\"},\"thumbnailUrl\":\"https:\\\/\\\/manipogo.de\\\/wp-content\\\/uploads\\\/2025-06-25-0001.jpg\",\"keywords\":[\"Erz\u00e4hlung\",\"Geister\"],\"articleSection\":[\"Jenseits\\\/Psi\"],\"inLanguage\":\"de\"},{\"@type\":\"WebPage\",\"@id\":\"https:\\\/\\\/manipogo.de\\\/?p=41400\",\"url\":\"https:\\\/\\\/manipogo.de\\\/?p=41400\",\"name\":\"Die n\u00e4chtliche Prozession - manipogo\",\"isPartOf\":{\"@id\":\"https:\\\/\\\/manipogo.de\\\/#website\"},\"primaryImageOfPage\":{\"@id\":\"https:\\\/\\\/manipogo.de\\\/?p=41400#primaryimage\"},\"image\":{\"@id\":\"https:\\\/\\\/manipogo.de\\\/?p=41400#primaryimage\"},\"thumbnailUrl\":\"https:\\\/\\\/manipogo.de\\\/wp-content\\\/uploads\\\/2025-06-25-0001.jpg\",\"datePublished\":\"2025-11-29T23:36:04+00:00\",\"dateModified\":\"2025-11-30T12:24:50+00:00\",\"author\":{\"@id\":\"https:\\\/\\\/manipogo.de\\\/#\\\/schema\\\/person\\\/991913de0e39267877f234553fd7f58d\"},\"description\":\"In der\",\"breadcrumb\":{\"@id\":\"https:\\\/\\\/manipogo.de\\\/?p=41400#breadcrumb\"},\"inLanguage\":\"de\",\"potentialAction\":[{\"@type\":\"ReadAction\",\"target\":[\"https:\\\/\\\/manipogo.de\\\/?p=41400\"]}]},{\"@type\":\"ImageObject\",\"inLanguage\":\"de\",\"@id\":\"https:\\\/\\\/manipogo.de\\\/?p=41400#primaryimage\",\"url\":\"https:\\\/\\\/manipogo.de\\\/wp-content\\\/uploads\\\/2025-06-25-0001.jpg\",\"contentUrl\":\"https:\\\/\\\/manipogo.de\\\/wp-content\\\/uploads\\\/2025-06-25-0001.jpg\"},{\"@type\":\"BreadcrumbList\",\"@id\":\"https:\\\/\\\/manipogo.de\\\/?p=41400#breadcrumb\",\"itemListElement\":[{\"@type\":\"ListItem\",\"position\":1,\"name\":\"Startseite\",\"item\":\"https:\\\/\\\/manipogo.de\\\/\"},{\"@type\":\"ListItem\",\"position\":2,\"name\":\"Die n\u00e4chtliche Prozession\"}]},{\"@type\":\"WebSite\",\"@id\":\"https:\\\/\\\/manipogo.de\\\/#website\",\"url\":\"https:\\\/\\\/manipogo.de\\\/\",\"name\":\"manipogo\",\"description\":\"Gott und die Welt\",\"potentialAction\":[{\"@type\":\"SearchAction\",\"target\":{\"@type\":\"EntryPoint\",\"urlTemplate\":\"https:\\\/\\\/manipogo.de\\\/?s={search_term_string}\"},\"query-input\":{\"@type\":\"PropertyValueSpecification\",\"valueRequired\":true,\"valueName\":\"search_term_string\"}}],\"inLanguage\":\"de\"},{\"@type\":\"Person\",\"@id\":\"https:\\\/\\\/manipogo.de\\\/#\\\/schema\\\/person\\\/991913de0e39267877f234553fd7f58d\",\"name\":\"web108\",\"url\":\"https:\\\/\\\/manipogo.de\\\/?author=1\"}]}<\/script>\n<!-- \/ Yoast SEO plugin. -->","yoast_head_json":{"title":"Die n\u00e4chtliche Prozession - manipogo","description":"In der","robots":{"index":"index","follow":"follow","max-snippet":"max-snippet:-1","max-image-preview":"max-image-preview:large","max-video-preview":"max-video-preview:-1"},"canonical":"https:\/\/manipogo.de\/?p=41400","og_locale":"de_DE","og_type":"article","og_title":"Die n\u00e4chtliche Prozession - manipogo","og_description":"In der","og_url":"https:\/\/manipogo.de\/?p=41400","og_site_name":"manipogo","article_published_time":"2025-11-29T23:36:04+00:00","article_modified_time":"2025-11-30T12:24:50+00:00","og_image":[{"width":540,"height":467,"url":"https:\/\/manipogo.de\/wp-content\/uploads\/2025-06-25-0001.jpg","type":"image\/jpeg"}],"author":"web108","twitter_card":"summary_large_image","twitter_misc":{"Verfasst von":"web108","Gesch\u00e4tzte Lesezeit":"3\u00a0Minuten"},"schema":{"@context":"https:\/\/schema.org","@graph":[{"@type":"Article","@id":"https:\/\/manipogo.de\/?p=41400#article","isPartOf":{"@id":"https:\/\/manipogo.de\/?p=41400"},"author":{"name":"web108","@id":"https:\/\/manipogo.de\/#\/schema\/person\/991913de0e39267877f234553fd7f58d"},"headline":"Die n\u00e4chtliche Prozession","datePublished":"2025-11-29T23:36:04+00:00","dateModified":"2025-11-30T12:24:50+00:00","mainEntityOfPage":{"@id":"https:\/\/manipogo.de\/?p=41400"},"wordCount":508,"image":{"@id":"https:\/\/manipogo.de\/?p=41400#primaryimage"},"thumbnailUrl":"https:\/\/manipogo.de\/wp-content\/uploads\/2025-06-25-0001.jpg","keywords":["Erz\u00e4hlung","Geister"],"articleSection":["Jenseits\/Psi"],"inLanguage":"de"},{"@type":"WebPage","@id":"https:\/\/manipogo.de\/?p=41400","url":"https:\/\/manipogo.de\/?p=41400","name":"Die n\u00e4chtliche Prozession - manipogo","isPartOf":{"@id":"https:\/\/manipogo.de\/#website"},"primaryImageOfPage":{"@id":"https:\/\/manipogo.de\/?p=41400#primaryimage"},"image":{"@id":"https:\/\/manipogo.de\/?p=41400#primaryimage"},"thumbnailUrl":"https:\/\/manipogo.de\/wp-content\/uploads\/2025-06-25-0001.jpg","datePublished":"2025-11-29T23:36:04+00:00","dateModified":"2025-11-30T12:24:50+00:00","author":{"@id":"https:\/\/manipogo.de\/#\/schema\/person\/991913de0e39267877f234553fd7f58d"},"description":"In der","breadcrumb":{"@id":"https:\/\/manipogo.de\/?p=41400#breadcrumb"},"inLanguage":"de","potentialAction":[{"@type":"ReadAction","target":["https:\/\/manipogo.de\/?p=41400"]}]},{"@type":"ImageObject","inLanguage":"de","@id":"https:\/\/manipogo.de\/?p=41400#primaryimage","url":"https:\/\/manipogo.de\/wp-content\/uploads\/2025-06-25-0001.jpg","contentUrl":"https:\/\/manipogo.de\/wp-content\/uploads\/2025-06-25-0001.jpg"},{"@type":"BreadcrumbList","@id":"https:\/\/manipogo.de\/?p=41400#breadcrumb","itemListElement":[{"@type":"ListItem","position":1,"name":"Startseite","item":"https:\/\/manipogo.de\/"},{"@type":"ListItem","position":2,"name":"Die n\u00e4chtliche Prozession"}]},{"@type":"WebSite","@id":"https:\/\/manipogo.de\/#website","url":"https:\/\/manipogo.de\/","name":"manipogo","description":"Gott und die Welt","potentialAction":[{"@type":"SearchAction","target":{"@type":"EntryPoint","urlTemplate":"https:\/\/manipogo.de\/?s={search_term_string}"},"query-input":{"@type":"PropertyValueSpecification","valueRequired":true,"valueName":"search_term_string"}}],"inLanguage":"de"},{"@type":"Person","@id":"https:\/\/manipogo.de\/#\/schema\/person\/991913de0e39267877f234553fd7f58d","name":"web108","url":"https:\/\/manipogo.de\/?author=1"}]}},"_links":{"self":[{"href":"https:\/\/manipogo.de\/index.php?rest_route=\/wp\/v2\/posts\/41400","targetHints":{"allow":["GET"]}}],"collection":[{"href":"https:\/\/manipogo.de\/index.php?rest_route=\/wp\/v2\/posts"}],"about":[{"href":"https:\/\/manipogo.de\/index.php?rest_route=\/wp\/v2\/types\/post"}],"author":[{"embeddable":true,"href":"https:\/\/manipogo.de\/index.php?rest_route=\/wp\/v2\/users\/1"}],"replies":[{"embeddable":true,"href":"https:\/\/manipogo.de\/index.php?rest_route=%2Fwp%2Fv2%2Fcomments&post=41400"}],"version-history":[{"count":13,"href":"https:\/\/manipogo.de\/index.php?rest_route=\/wp\/v2\/posts\/41400\/revisions"}],"predecessor-version":[{"id":43208,"href":"https:\/\/manipogo.de\/index.php?rest_route=\/wp\/v2\/posts\/41400\/revisions\/43208"}],"wp:attachment":[{"href":"https:\/\/manipogo.de\/index.php?rest_route=%2Fwp%2Fv2%2Fmedia&parent=41400"}],"wp:term":[{"taxonomy":"category","embeddable":true,"href":"https:\/\/manipogo.de\/index.php?rest_route=%2Fwp%2Fv2%2Fcategories&post=41400"},{"taxonomy":"post_tag","embeddable":true,"href":"https:\/\/manipogo.de\/index.php?rest_route=%2Fwp%2Fv2%2Ftags&post=41400"}],"curies":[{"name":"wp","href":"https:\/\/api.w.org\/{rel}","templated":true}]}}