{"id":41598,"date":"2025-09-01T00:32:23","date_gmt":"2025-08-31T22:32:23","guid":{"rendered":"https:\/\/manipogo.de\/?p=41598"},"modified":"2025-08-30T23:15:33","modified_gmt":"2025-08-30T21:15:33","slug":"das-fahrrad-2","status":"publish","type":"post","link":"https:\/\/manipogo.de\/?p=41598","title":{"rendered":"Glaube in Bewegung"},"content":{"rendered":"<p>Ja, der Glaube. Er ist den Christen wichtig. Den Artikel <em>Glaube in Bewegung<\/em> fand ich in der Zeitschrift <em>Jesuiten<\/em> (2024\/4), und geschrieben hat ihn F. Martin L\u00f6wenstein SJ, der fast jeden Sommer mit dem Fahrrad durch Europa f\u00e4hrt. Im Juli gab es bei <em>manipogo<\/em> keinen einzigen Fahrrad-Artikel; das m\u00fcssen wir wiedergutmachen. \u00dcberhaupt: Mehr Fahrrad-Artikel! Mehr Flugverkehr! <!--more--><\/p>\n<p>Ich schreibe die erste H\u00e4lfte des Artikels einfach ab. Das Heft besch\u00e4ftigte sich mit Madelaine Delbr\u00eal (1904-1964), einer Mystikerin des Alltags, die 30 Jahre arme Menschen in Ivry bei Paris unterst\u00fctzte und das Fahrrad ebenfalls als spirituelles Werkzeug betrachtete. Nun der Artikel:<\/p>\n<p><strong>Glaube in Bewegung<\/strong><\/p>\n<p><em>Es war die fantastische Erfahrung von Freiheit. Die ersten Meter hat mich die Mutter noch angeschoben und dann bin ich davongefahren. Mit meinen vier oder f\u00fcnf Jahren bin ich sicher noch manches Mal gefallen. Das habe ich vergessen. Aber die Freiheit ist geblieben. Statt auf den Schulbus zu warten, konnte ich starten, wann ich wollte; auch abends in benachbarte D\u00f6rfer oder in die Stadt zu kommen \u2013 das Fahrrad machte es m\u00f6glich. So ist es bis heute geblieben, im Alltag und in den Sommerferien. Fahrrad reimt sich f\u00fcr mich auf Freiheit \u2013 gerade auch, wenn es bergauf geht oder bei Winterwetter mit Anstrengung verbunden ist.\u00a0\u00a0<\/em><\/p>\n<div id=\"attachment_41604\" style=\"width: 550px\" class=\"wp-caption aligncenter\"><a href=\"https:\/\/manipogo.de\/wp-content\/uploads\/DSCN3581-2.jpg\"><img loading=\"lazy\" decoding=\"async\" aria-describedby=\"caption-attachment-41604\" class=\"wp-image-41604 size-full\" src=\"https:\/\/manipogo.de\/wp-content\/uploads\/DSCN3581-2.jpg\" alt=\"\" width=\"540\" height=\"360\" srcset=\"https:\/\/manipogo.de\/wp-content\/uploads\/DSCN3581-2.jpg 540w, https:\/\/manipogo.de\/wp-content\/uploads\/DSCN3581-2-300x200.jpg 300w\" sizes=\"auto, (max-width: 540px) 100vw, 540px\" \/><\/a><p id=\"caption-attachment-41604\" class=\"wp-caption-text\">Jan Paulsen, damals (2010) auf Moen<\/p><\/div>\n<p><em>Viel sp\u00e4ter erst habe ich dar\u00fcber nachgedacht. Gerade im Johannesevangelium, in dem so viel vom \u00bbBleiben\u00ab die Rede ist, sagt uns Jesus: \u00bbIch habe auch erw\u00e4hlt und dazu bestimmt, dass ihr euch aufmacht.\u00ab (Joh 15,16) Das Fahrrad war irgendwie schon immer mein spiritueller Ort. Das Rosenkranzgebet geh\u00f6rt bei mir auf die Landstra\u00dfe.\u00a0<\/em><\/p>\n<p><em>Jeder Mensch findet sich nur, wenn er f\u00e4hig ist, aus seiner Umwelt herauszutreten und Distanz zu sich zu finden. Das macht alle Menschen aus. F\u00fcr uns als Christ*innen aber ist zentral, dass der Punkt au\u00dferhalb, von dem aus wir versuchen, wir selbst zu werden, Christus ist. \u00bbWer sein Leben retten will, wird es verlieren.\u00ab (Mt 16,25)<\/em><\/p>\n<p><em>Nur sich selbst zu leben, ist wie \u00bbdas Fahrrad, das schief an der Wand lehnt\u00ab (Madeleine Delbr\u00eal). Gerade und stabil ist das Rad erst, wenn es f\u00e4hrt. Aber die Bewegung braucht ein Ziel.\u00a0<\/em><\/p>\n<p>Der Autor schreibt, er sei immer nur Radwanderer gewesen mit dem Ziel Jesus, den er in anderen Menschen fand, in der Begegnung mit ihnen. Und er schreibt:<\/p>\n<p><em>Ziellose Bewegung ist genauso unfruchtbar, wie bei sich selber stehen zu bleiben.\u00a0<\/em><\/p>\n<p>Wenn es schwierig werde, m\u00fcsse man konzentriert fahren und flexibel bleiben, und man m\u00fcsse wissen, wohin man wolle. Zum Schluss:<\/p>\n<p><em>Alleine sind wir in dieser Bewegung nie.\u00a0<\/em><\/p>\n<p>&nbsp;<\/p>\n<p>\u03a6 \u00f5<\/p>\n<p>Sch\u00f6n. Auch der Artikel hat ja sein Ziel: zu zeigen, dass es gut ist, Jesus zu folgen. Dennoch kann es auch erfrischend sein, draufloszuschreiben, ziellos zu sein; denken wir an Stephen Chong, den wir am 9. August hatten. Wer ein festes Ziel hat, beschr\u00e4nkt sich manchmal selber. Allerdings ist so unsere Sprache: Sie stellt radikale Thesen auf und l\u00e4sst uns mit ihnen alleine; doch deren Gegenteil kann manchmal auch richtig sein. Kein Radfahrer wird ziellos umherfahren.<\/p>\n<p>Ich fahre mit dem Renner hoch zum Kreuzweg (1071 m) und \u00fcber Schweighof und Laufen zur\u00fcck, das ist Training, und da triffst du auch Leute. Und zuweilen finde ich&#8217;s auch sch\u00f6n, blo\u00df nach Gri\u00dfheim zu fahren zum \u00bbKerni-B\u00e4ck\u00ab, dort einen Kaffee zu trinken und was einzukaufen. Radler brauchen keine Regeln!<\/p>\n<p>Verwandte Artikel:<\/p>\n<p><a href=\"https:\/\/manipogo.de\/?p=41265\">Primat des Glaubens<\/a> \u2013 <a href=\"https:\/\/manipogo.de\/?p=41269\">Primat des Glaubens (2)<\/a> \u2013 <a href=\"https:\/\/manipogo.de\/?p=41469\">13 Jahre manipogo mit Stephen Chong<\/a> \u2013 <a href=\"https:\/\/manipogo.de\/?p=41101\">Autofahren mit Thay<\/a><\/p>\n","protected":false},"excerpt":{"rendered":"<p>Ja, der Glaube. Er ist den Christen wichtig. Den Artikel Glaube in Bewegung fand ich in der Zeitschrift Jesuiten (2024\/4), und geschrieben hat ihn F. Martin L\u00f6wenstein SJ, der fast jeden Sommer mit dem Fahrrad durch Europa f\u00e4hrt. Im Juli gab es bei manipogo keinen einzigen Fahrrad-Artikel; das m\u00fcssen wir wiedergutmachen. \u00dcberhaupt: Mehr Fahrrad-Artikel! Mehr [&hellip;]<\/p>\n","protected":false},"author":1,"featured_media":0,"comment_status":"closed","ping_status":"closed","sticky":false,"template":"","format":"standard","meta":{"footnotes":""},"categories":[1222],"tags":[81,2789],"class_list":["post-41598","post","type-post","status-publish","format-standard","hentry","category-fahrrad","tag-fahrrad","tag-jesuiten"],"yoast_head":"<!-- This site is optimized with the Yoast SEO plugin v27.3 - https:\/\/yoast.com\/product\/yoast-seo-wordpress\/ -->\n<title>Glaube in Bewegung - manipogo<\/title>\n<meta name=\"description\" content=\"F\u00fcr F. Martin L\u00f6wenstein bedeutet das Fahrrad Freiheit und auch Spiritualit\u00e4t; es f\u00fchrt ihn zu Jesus und zu den Menschen, wie er in einem Artikel f\u00fcr die Zeitschrift Jesuiten schrieb.\" \/>\n<meta name=\"robots\" content=\"index, follow, max-snippet:-1, max-image-preview:large, max-video-preview:-1\" \/>\n<link rel=\"canonical\" href=\"https:\/\/manipogo.de\/?p=41598\" \/>\n<meta property=\"og:locale\" content=\"de_DE\" \/>\n<meta property=\"og:type\" content=\"article\" \/>\n<meta property=\"og:title\" content=\"Glaube in Bewegung - manipogo\" \/>\n<meta property=\"og:description\" content=\"F\u00fcr F. Martin L\u00f6wenstein bedeutet das Fahrrad Freiheit und auch Spiritualit\u00e4t; es f\u00fchrt ihn zu Jesus und zu den Menschen, wie er in einem Artikel f\u00fcr die Zeitschrift Jesuiten schrieb.\" \/>\n<meta property=\"og:url\" content=\"https:\/\/manipogo.de\/?p=41598\" \/>\n<meta property=\"og:site_name\" content=\"manipogo\" \/>\n<meta property=\"article:published_time\" content=\"2025-08-31T22:32:23+00:00\" \/>\n<meta property=\"og:image\" content=\"https:\/\/manipogo.de\/wp-content\/uploads\/DSCN3581-2.jpg\" \/>\n\t<meta property=\"og:image:width\" content=\"540\" \/>\n\t<meta property=\"og:image:height\" content=\"360\" \/>\n\t<meta property=\"og:image:type\" content=\"image\/jpeg\" \/>\n<meta name=\"author\" content=\"web108\" \/>\n<meta name=\"twitter:card\" content=\"summary_large_image\" \/>\n<meta name=\"twitter:label1\" content=\"Verfasst von\" \/>\n\t<meta name=\"twitter:data1\" content=\"web108\" \/>\n\t<meta name=\"twitter:label2\" content=\"Gesch\u00e4tzte Lesezeit\" \/>\n\t<meta name=\"twitter:data2\" content=\"4\u00a0Minuten\" \/>\n<script type=\"application\/ld+json\" class=\"yoast-schema-graph\">{\"@context\":\"https:\\\/\\\/schema.org\",\"@graph\":[{\"@type\":\"Article\",\"@id\":\"https:\\\/\\\/manipogo.de\\\/?p=41598#article\",\"isPartOf\":{\"@id\":\"https:\\\/\\\/manipogo.de\\\/?p=41598\"},\"author\":{\"name\":\"web108\",\"@id\":\"https:\\\/\\\/manipogo.de\\\/#\\\/schema\\\/person\\\/991913de0e39267877f234553fd7f58d\"},\"headline\":\"Glaube in Bewegung\",\"datePublished\":\"2025-08-31T22:32:23+00:00\",\"mainEntityOfPage\":{\"@id\":\"https:\\\/\\\/manipogo.de\\\/?p=41598\"},\"wordCount\":595,\"image\":{\"@id\":\"https:\\\/\\\/manipogo.de\\\/?p=41598#primaryimage\"},\"thumbnailUrl\":\"https:\\\/\\\/manipogo.de\\\/wp-content\\\/uploads\\\/DSCN3581-2.jpg\",\"keywords\":[\"Fahrrad\",\"Jesuiten\"],\"articleSection\":[\"Fahrrad\"],\"inLanguage\":\"de\"},{\"@type\":\"WebPage\",\"@id\":\"https:\\\/\\\/manipogo.de\\\/?p=41598\",\"url\":\"https:\\\/\\\/manipogo.de\\\/?p=41598\",\"name\":\"Glaube in Bewegung - manipogo\",\"isPartOf\":{\"@id\":\"https:\\\/\\\/manipogo.de\\\/#website\"},\"primaryImageOfPage\":{\"@id\":\"https:\\\/\\\/manipogo.de\\\/?p=41598#primaryimage\"},\"image\":{\"@id\":\"https:\\\/\\\/manipogo.de\\\/?p=41598#primaryimage\"},\"thumbnailUrl\":\"https:\\\/\\\/manipogo.de\\\/wp-content\\\/uploads\\\/DSCN3581-2.jpg\",\"datePublished\":\"2025-08-31T22:32:23+00:00\",\"author\":{\"@id\":\"https:\\\/\\\/manipogo.de\\\/#\\\/schema\\\/person\\\/991913de0e39267877f234553fd7f58d\"},\"description\":\"F\u00fcr F. Martin L\u00f6wenstein bedeutet das Fahrrad Freiheit und auch Spiritualit\u00e4t; es f\u00fchrt ihn zu Jesus und zu den Menschen, wie er in einem Artikel f\u00fcr die Zeitschrift Jesuiten schrieb.\",\"breadcrumb\":{\"@id\":\"https:\\\/\\\/manipogo.de\\\/?p=41598#breadcrumb\"},\"inLanguage\":\"de\",\"potentialAction\":[{\"@type\":\"ReadAction\",\"target\":[\"https:\\\/\\\/manipogo.de\\\/?p=41598\"]}]},{\"@type\":\"ImageObject\",\"inLanguage\":\"de\",\"@id\":\"https:\\\/\\\/manipogo.de\\\/?p=41598#primaryimage\",\"url\":\"https:\\\/\\\/manipogo.de\\\/wp-content\\\/uploads\\\/DSCN3581-2.jpg\",\"contentUrl\":\"https:\\\/\\\/manipogo.de\\\/wp-content\\\/uploads\\\/DSCN3581-2.jpg\"},{\"@type\":\"BreadcrumbList\",\"@id\":\"https:\\\/\\\/manipogo.de\\\/?p=41598#breadcrumb\",\"itemListElement\":[{\"@type\":\"ListItem\",\"position\":1,\"name\":\"Startseite\",\"item\":\"https:\\\/\\\/manipogo.de\\\/\"},{\"@type\":\"ListItem\",\"position\":2,\"name\":\"Glaube in Bewegung\"}]},{\"@type\":\"WebSite\",\"@id\":\"https:\\\/\\\/manipogo.de\\\/#website\",\"url\":\"https:\\\/\\\/manipogo.de\\\/\",\"name\":\"manipogo\",\"description\":\"Gott und die Welt\",\"potentialAction\":[{\"@type\":\"SearchAction\",\"target\":{\"@type\":\"EntryPoint\",\"urlTemplate\":\"https:\\\/\\\/manipogo.de\\\/?s={search_term_string}\"},\"query-input\":{\"@type\":\"PropertyValueSpecification\",\"valueRequired\":true,\"valueName\":\"search_term_string\"}}],\"inLanguage\":\"de\"},{\"@type\":\"Person\",\"@id\":\"https:\\\/\\\/manipogo.de\\\/#\\\/schema\\\/person\\\/991913de0e39267877f234553fd7f58d\",\"name\":\"web108\",\"url\":\"https:\\\/\\\/manipogo.de\\\/?author=1\"}]}<\/script>\n<!-- \/ Yoast SEO plugin. -->","yoast_head_json":{"title":"Glaube in Bewegung - manipogo","description":"F\u00fcr F. Martin L\u00f6wenstein bedeutet das Fahrrad Freiheit und auch Spiritualit\u00e4t; es f\u00fchrt ihn zu Jesus und zu den Menschen, wie er in einem Artikel f\u00fcr die Zeitschrift Jesuiten schrieb.","robots":{"index":"index","follow":"follow","max-snippet":"max-snippet:-1","max-image-preview":"max-image-preview:large","max-video-preview":"max-video-preview:-1"},"canonical":"https:\/\/manipogo.de\/?p=41598","og_locale":"de_DE","og_type":"article","og_title":"Glaube in Bewegung - manipogo","og_description":"F\u00fcr F. Martin L\u00f6wenstein bedeutet das Fahrrad Freiheit und auch Spiritualit\u00e4t; es f\u00fchrt ihn zu Jesus und zu den Menschen, wie er in einem Artikel f\u00fcr die Zeitschrift Jesuiten schrieb.","og_url":"https:\/\/manipogo.de\/?p=41598","og_site_name":"manipogo","article_published_time":"2025-08-31T22:32:23+00:00","og_image":[{"width":540,"height":360,"url":"https:\/\/manipogo.de\/wp-content\/uploads\/DSCN3581-2.jpg","type":"image\/jpeg"}],"author":"web108","twitter_card":"summary_large_image","twitter_misc":{"Verfasst von":"web108","Gesch\u00e4tzte Lesezeit":"4\u00a0Minuten"},"schema":{"@context":"https:\/\/schema.org","@graph":[{"@type":"Article","@id":"https:\/\/manipogo.de\/?p=41598#article","isPartOf":{"@id":"https:\/\/manipogo.de\/?p=41598"},"author":{"name":"web108","@id":"https:\/\/manipogo.de\/#\/schema\/person\/991913de0e39267877f234553fd7f58d"},"headline":"Glaube in Bewegung","datePublished":"2025-08-31T22:32:23+00:00","mainEntityOfPage":{"@id":"https:\/\/manipogo.de\/?p=41598"},"wordCount":595,"image":{"@id":"https:\/\/manipogo.de\/?p=41598#primaryimage"},"thumbnailUrl":"https:\/\/manipogo.de\/wp-content\/uploads\/DSCN3581-2.jpg","keywords":["Fahrrad","Jesuiten"],"articleSection":["Fahrrad"],"inLanguage":"de"},{"@type":"WebPage","@id":"https:\/\/manipogo.de\/?p=41598","url":"https:\/\/manipogo.de\/?p=41598","name":"Glaube in Bewegung - manipogo","isPartOf":{"@id":"https:\/\/manipogo.de\/#website"},"primaryImageOfPage":{"@id":"https:\/\/manipogo.de\/?p=41598#primaryimage"},"image":{"@id":"https:\/\/manipogo.de\/?p=41598#primaryimage"},"thumbnailUrl":"https:\/\/manipogo.de\/wp-content\/uploads\/DSCN3581-2.jpg","datePublished":"2025-08-31T22:32:23+00:00","author":{"@id":"https:\/\/manipogo.de\/#\/schema\/person\/991913de0e39267877f234553fd7f58d"},"description":"F\u00fcr F. Martin L\u00f6wenstein bedeutet das Fahrrad Freiheit und auch Spiritualit\u00e4t; es f\u00fchrt ihn zu Jesus und zu den Menschen, wie er in einem Artikel f\u00fcr die Zeitschrift Jesuiten schrieb.","breadcrumb":{"@id":"https:\/\/manipogo.de\/?p=41598#breadcrumb"},"inLanguage":"de","potentialAction":[{"@type":"ReadAction","target":["https:\/\/manipogo.de\/?p=41598"]}]},{"@type":"ImageObject","inLanguage":"de","@id":"https:\/\/manipogo.de\/?p=41598#primaryimage","url":"https:\/\/manipogo.de\/wp-content\/uploads\/DSCN3581-2.jpg","contentUrl":"https:\/\/manipogo.de\/wp-content\/uploads\/DSCN3581-2.jpg"},{"@type":"BreadcrumbList","@id":"https:\/\/manipogo.de\/?p=41598#breadcrumb","itemListElement":[{"@type":"ListItem","position":1,"name":"Startseite","item":"https:\/\/manipogo.de\/"},{"@type":"ListItem","position":2,"name":"Glaube in Bewegung"}]},{"@type":"WebSite","@id":"https:\/\/manipogo.de\/#website","url":"https:\/\/manipogo.de\/","name":"manipogo","description":"Gott und die Welt","potentialAction":[{"@type":"SearchAction","target":{"@type":"EntryPoint","urlTemplate":"https:\/\/manipogo.de\/?s={search_term_string}"},"query-input":{"@type":"PropertyValueSpecification","valueRequired":true,"valueName":"search_term_string"}}],"inLanguage":"de"},{"@type":"Person","@id":"https:\/\/manipogo.de\/#\/schema\/person\/991913de0e39267877f234553fd7f58d","name":"web108","url":"https:\/\/manipogo.de\/?author=1"}]}},"_links":{"self":[{"href":"https:\/\/manipogo.de\/index.php?rest_route=\/wp\/v2\/posts\/41598","targetHints":{"allow":["GET"]}}],"collection":[{"href":"https:\/\/manipogo.de\/index.php?rest_route=\/wp\/v2\/posts"}],"about":[{"href":"https:\/\/manipogo.de\/index.php?rest_route=\/wp\/v2\/types\/post"}],"author":[{"embeddable":true,"href":"https:\/\/manipogo.de\/index.php?rest_route=\/wp\/v2\/users\/1"}],"replies":[{"embeddable":true,"href":"https:\/\/manipogo.de\/index.php?rest_route=%2Fwp%2Fv2%2Fcomments&post=41598"}],"version-history":[{"count":7,"href":"https:\/\/manipogo.de\/index.php?rest_route=\/wp\/v2\/posts\/41598\/revisions"}],"predecessor-version":[{"id":42148,"href":"https:\/\/manipogo.de\/index.php?rest_route=\/wp\/v2\/posts\/41598\/revisions\/42148"}],"wp:attachment":[{"href":"https:\/\/manipogo.de\/index.php?rest_route=%2Fwp%2Fv2%2Fmedia&parent=41598"}],"wp:term":[{"taxonomy":"category","embeddable":true,"href":"https:\/\/manipogo.de\/index.php?rest_route=%2Fwp%2Fv2%2Fcategories&post=41598"},{"taxonomy":"post_tag","embeddable":true,"href":"https:\/\/manipogo.de\/index.php?rest_route=%2Fwp%2Fv2%2Ftags&post=41598"}],"curies":[{"name":"wp","href":"https:\/\/api.w.org\/{rel}","templated":true}]}}