{"id":42360,"date":"2025-12-07T02:16:32","date_gmt":"2025-12-07T01:16:32","guid":{"rendered":"https:\/\/manipogo.de\/?p=42360"},"modified":"2025-12-02T23:17:32","modified_gmt":"2025-12-02T22:17:32","slug":"paula","status":"publish","type":"post","link":"https:\/\/manipogo.de\/?p=42360","title":{"rendered":"Flugverkehr (180): Paula fliegt"},"content":{"rendered":"<p>Das Buch <em>Paula<\/em> von Isabel Allende ist vor 30 Jahren erschienen. Allendes Tochter Paula erkrankte an einem seltenen Leiden, wurde falsch behandelt und starb mit 30 Jahren in einer Klinik am 6. Dezember 1992. Ihr Mutter sa\u00df an ihrem Sterbebett und schildert in dem Roman, was sie vermutlich selbst erlebte: auf den letzten Zeilen dieses Buchs, in dem sie der Tochter ihr Leben erz\u00e4hlte. <!--more--><\/p>\n<p>Sie schrieb:<\/p>\n<p><em>Die Stimmen fl\u00fcsterten nur noch, die Formen der Gegenst\u00e4nde und die Gesichter der Familie begannen zu verschwimmen, die Umrisse mischten sich und verschmolzen, und pl\u00f6tzlich merkte ich, dass wir nicht l\u00e4nger alleine waren &#8230;<\/em><\/p>\n<p>Und dann treten sie alle auf, die in Paulas Leben von Belang waren, und zuletzt sieht ihre Mutter sie, wie sie eine wei\u00dfe Tunika tr\u00e4gt und offen ihr Haar. Doch sie ist kaum zu halten, Paula wirkt entschlossen.<\/p>\n<p><em>\u00a0Sie begann aufzusteigen und ich stieg mit ihr, am Stoff ihres Kleides h\u00e4ngend.<\/em><\/p>\n<p>An der Hand der Tochter geht es h\u00f6her. Das Dach \u00f6ffnet sich, und sie schwingen sich gemeinsam hindurch.<\/p>\n<p><em>Drau\u00dfen graute der Morgen, der Himmel war von goldenen Pinselstrichen gef\u00e4rbt, und die Landschaft, die sich unter uns erstreckte, gl\u00e4nzte vom Regen frisch gewaschen. Wir flogen \u00fcber T\u00e4ler und H\u00fcgel und lie\u00dfen uns endlich in den Wald der uralten Mammutb\u00e4ume hinab, wo der sanfte Wind die Zweige bewegte und ein wagemutiger Vogel mit seinem einsamen Gesang dem Winter spottete. Paula deutete auf den Bach, ich sah frische Rosen an seinem Ufer liegen und ein wei\u00dfes Pulver von kalzinierten Knochen auf seinem Grund, und ich h\u00f6rte Musik von Tausenden Stimmen, ein leises Summen zwischen den B\u00e4umen.\u00a0Ich f\u00fchlte, dass ich in das k\u00fchle Wasser tauchte und wusste, dass die Reise durch den Schmerz in einer absoluten Leere endete.\u00a0\u00a0<\/em><\/p>\n<p><a href=\"https:\/\/manipogo.de\/wp-content\/uploads\/1000009506.jpg\"><img loading=\"lazy\" decoding=\"async\" class=\"aligncenter size-full wp-image-42363\" src=\"https:\/\/manipogo.de\/wp-content\/uploads\/1000009506.jpg\" alt=\"\" width=\"540\" height=\"405\" srcset=\"https:\/\/manipogo.de\/wp-content\/uploads\/1000009506.jpg 540w, https:\/\/manipogo.de\/wp-content\/uploads\/1000009506-300x225.jpg 300w\" sizes=\"auto, (max-width: 540px) 100vw, 540px\" \/><\/a><\/p>\n<p><em>Als ich mich aufl\u00f6ste, wurde mir die Offenbarung zuteil, dass diese Leere voll ist von allem, was das Universum enth\u00e4lt. Es ist nichts und ist gleichzeitig alles. Feierliches Licht und undurchdringliches Dunkel. Ich bin die Leere, ich bin alles, was existiert, ich bin in jedem Blatt des Waldes, in jedem Tautropfen, in jedem Aschest\u00e4ubchen, das der Rauch forttr\u00e4gt, ich bin Paula und ich bin auch ich selbst, ich bin nichts und alles \u00fcbrige in diesem Leben und in anderen Leben, unsterblich.\u00a0<\/em><br \/>\n<em>Leb wohl, Paula, meine Tochter.<\/em><br \/>\n<em>Sei gegr\u00fc\u00dft, Paula, Geist.\u00a0<\/em><\/p>\n<p>&nbsp;<\/p>\n<p>\u2205 \u2205<\/p>\n<p>Genau so haben das unsere TestpilotInnen geschildert. Die Isolation der Einzelmenschen ist Illusion, wir sind eine einzige Familie, und die Sch\u00f6pferkraft gl\u00fcht in uns. Das ist die h\u00f6here Wahrheit, das ist das Gesamtbild. Niemand geht verloren, jeder ist alles. Paula hat ihre Mutter mitgenommen, sie hatten eine gemeinsame Nahtod-Erfahrung (shared death experience), und denken wir an die Licht-Artikel vom Oktober und die scheinbare Leere von Ain Soph und Nirwana und an das ewige Leben.<\/p>\n<p>&nbsp;<\/p>\n<p>Verwandte Artkel:<\/p>\n<p><a href=\"https:\/\/manipogo.de\/?p=41819\">Das Licht der Kabbala<\/a> \u2013 <a href=\"https:\/\/manipogo.de\/?p=41826\">Das Licht im Buddhismus<\/a><\/p>\n<p>&nbsp;<\/p>\n","protected":false},"excerpt":{"rendered":"<p>Das Buch Paula von Isabel Allende ist vor 30 Jahren erschienen. Allendes Tochter Paula erkrankte an einem seltenen Leiden, wurde falsch behandelt und starb mit 30 Jahren in einer Klinik am 6. Dezember 1992. Ihr Mutter sa\u00df an ihrem Sterbebett und schildert in dem Roman, was sie vermutlich selbst erlebte: auf den letzten Zeilen dieses [&hellip;]<\/p>\n","protected":false},"author":1,"featured_media":0,"comment_status":"closed","ping_status":"closed","sticky":false,"template":"","format":"standard","meta":{"footnotes":""},"categories":[1225],"tags":[349,456],"class_list":["post-42360","post","type-post","status-publish","format-standard","hentry","category-jenseitspsi","tag-chile","tag-roman"],"yoast_head":"<!-- This site is optimized with the Yoast SEO plugin v27.3 - https:\/\/yoast.com\/product\/yoast-seo-wordpress\/ -->\n<title>Flugverkehr (180): Paula fliegt - manipogo<\/title>\n<meta name=\"description\" content=\"Isabel Allende erlebte 1992 den Tod ihrer Tochter Paula mit und machte eine mystische Erfahrung von Einssein mit allem, mit der das Buch abschlie\u00dft.\" \/>\n<meta name=\"robots\" content=\"index, follow, max-snippet:-1, max-image-preview:large, max-video-preview:-1\" \/>\n<link rel=\"canonical\" href=\"https:\/\/manipogo.de\/?p=42360\" \/>\n<meta property=\"og:locale\" content=\"de_DE\" \/>\n<meta property=\"og:type\" content=\"article\" \/>\n<meta property=\"og:title\" content=\"Flugverkehr (180): Paula fliegt - manipogo\" \/>\n<meta property=\"og:description\" content=\"Isabel Allende erlebte 1992 den Tod ihrer Tochter Paula mit und machte eine mystische Erfahrung von Einssein mit allem, mit der das Buch abschlie\u00dft.\" \/>\n<meta property=\"og:url\" content=\"https:\/\/manipogo.de\/?p=42360\" \/>\n<meta property=\"og:site_name\" content=\"manipogo\" \/>\n<meta property=\"article:published_time\" content=\"2025-12-07T01:16:32+00:00\" \/>\n<meta property=\"og:image\" content=\"https:\/\/manipogo.de\/wp-content\/uploads\/1000009506.jpg\" \/>\n\t<meta property=\"og:image:width\" content=\"540\" \/>\n\t<meta property=\"og:image:height\" content=\"405\" \/>\n\t<meta property=\"og:image:type\" content=\"image\/jpeg\" \/>\n<meta name=\"author\" content=\"web108\" \/>\n<meta name=\"twitter:card\" content=\"summary_large_image\" \/>\n<meta name=\"twitter:label1\" content=\"Verfasst von\" \/>\n\t<meta name=\"twitter:data1\" content=\"web108\" \/>\n\t<meta name=\"twitter:label2\" content=\"Gesch\u00e4tzte Lesezeit\" \/>\n\t<meta name=\"twitter:data2\" content=\"3\u00a0Minuten\" \/>\n<script type=\"application\/ld+json\" class=\"yoast-schema-graph\">{\"@context\":\"https:\\\/\\\/schema.org\",\"@graph\":[{\"@type\":\"Article\",\"@id\":\"https:\\\/\\\/manipogo.de\\\/?p=42360#article\",\"isPartOf\":{\"@id\":\"https:\\\/\\\/manipogo.de\\\/?p=42360\"},\"author\":{\"name\":\"web108\",\"@id\":\"https:\\\/\\\/manipogo.de\\\/#\\\/schema\\\/person\\\/991913de0e39267877f234553fd7f58d\"},\"headline\":\"Flugverkehr (180): Paula fliegt\",\"datePublished\":\"2025-12-07T01:16:32+00:00\",\"mainEntityOfPage\":{\"@id\":\"https:\\\/\\\/manipogo.de\\\/?p=42360\"},\"wordCount\":490,\"image\":{\"@id\":\"https:\\\/\\\/manipogo.de\\\/?p=42360#primaryimage\"},\"thumbnailUrl\":\"https:\\\/\\\/manipogo.de\\\/wp-content\\\/uploads\\\/1000009506.jpg\",\"keywords\":[\"Chile\",\"Roman\"],\"articleSection\":[\"Jenseits\\\/Psi\"],\"inLanguage\":\"de\"},{\"@type\":\"WebPage\",\"@id\":\"https:\\\/\\\/manipogo.de\\\/?p=42360\",\"url\":\"https:\\\/\\\/manipogo.de\\\/?p=42360\",\"name\":\"Flugverkehr (180): Paula fliegt - manipogo\",\"isPartOf\":{\"@id\":\"https:\\\/\\\/manipogo.de\\\/#website\"},\"primaryImageOfPage\":{\"@id\":\"https:\\\/\\\/manipogo.de\\\/?p=42360#primaryimage\"},\"image\":{\"@id\":\"https:\\\/\\\/manipogo.de\\\/?p=42360#primaryimage\"},\"thumbnailUrl\":\"https:\\\/\\\/manipogo.de\\\/wp-content\\\/uploads\\\/1000009506.jpg\",\"datePublished\":\"2025-12-07T01:16:32+00:00\",\"author\":{\"@id\":\"https:\\\/\\\/manipogo.de\\\/#\\\/schema\\\/person\\\/991913de0e39267877f234553fd7f58d\"},\"description\":\"Isabel Allende erlebte 1992 den Tod ihrer Tochter Paula mit und machte eine mystische Erfahrung von Einssein mit allem, mit der das Buch abschlie\u00dft.\",\"breadcrumb\":{\"@id\":\"https:\\\/\\\/manipogo.de\\\/?p=42360#breadcrumb\"},\"inLanguage\":\"de\",\"potentialAction\":[{\"@type\":\"ReadAction\",\"target\":[\"https:\\\/\\\/manipogo.de\\\/?p=42360\"]}]},{\"@type\":\"ImageObject\",\"inLanguage\":\"de\",\"@id\":\"https:\\\/\\\/manipogo.de\\\/?p=42360#primaryimage\",\"url\":\"https:\\\/\\\/manipogo.de\\\/wp-content\\\/uploads\\\/1000009506.jpg\",\"contentUrl\":\"https:\\\/\\\/manipogo.de\\\/wp-content\\\/uploads\\\/1000009506.jpg\"},{\"@type\":\"BreadcrumbList\",\"@id\":\"https:\\\/\\\/manipogo.de\\\/?p=42360#breadcrumb\",\"itemListElement\":[{\"@type\":\"ListItem\",\"position\":1,\"name\":\"Startseite\",\"item\":\"https:\\\/\\\/manipogo.de\\\/\"},{\"@type\":\"ListItem\",\"position\":2,\"name\":\"Flugverkehr (180): Paula fliegt\"}]},{\"@type\":\"WebSite\",\"@id\":\"https:\\\/\\\/manipogo.de\\\/#website\",\"url\":\"https:\\\/\\\/manipogo.de\\\/\",\"name\":\"manipogo\",\"description\":\"Gott und die Welt\",\"potentialAction\":[{\"@type\":\"SearchAction\",\"target\":{\"@type\":\"EntryPoint\",\"urlTemplate\":\"https:\\\/\\\/manipogo.de\\\/?s={search_term_string}\"},\"query-input\":{\"@type\":\"PropertyValueSpecification\",\"valueRequired\":true,\"valueName\":\"search_term_string\"}}],\"inLanguage\":\"de\"},{\"@type\":\"Person\",\"@id\":\"https:\\\/\\\/manipogo.de\\\/#\\\/schema\\\/person\\\/991913de0e39267877f234553fd7f58d\",\"name\":\"web108\",\"url\":\"https:\\\/\\\/manipogo.de\\\/?author=1\"}]}<\/script>\n<!-- \/ Yoast SEO plugin. -->","yoast_head_json":{"title":"Flugverkehr (180): Paula fliegt - manipogo","description":"Isabel Allende erlebte 1992 den Tod ihrer Tochter Paula mit und machte eine mystische Erfahrung von Einssein mit allem, mit der das Buch abschlie\u00dft.","robots":{"index":"index","follow":"follow","max-snippet":"max-snippet:-1","max-image-preview":"max-image-preview:large","max-video-preview":"max-video-preview:-1"},"canonical":"https:\/\/manipogo.de\/?p=42360","og_locale":"de_DE","og_type":"article","og_title":"Flugverkehr (180): Paula fliegt - manipogo","og_description":"Isabel Allende erlebte 1992 den Tod ihrer Tochter Paula mit und machte eine mystische Erfahrung von Einssein mit allem, mit der das Buch abschlie\u00dft.","og_url":"https:\/\/manipogo.de\/?p=42360","og_site_name":"manipogo","article_published_time":"2025-12-07T01:16:32+00:00","og_image":[{"width":540,"height":405,"url":"https:\/\/manipogo.de\/wp-content\/uploads\/1000009506.jpg","type":"image\/jpeg"}],"author":"web108","twitter_card":"summary_large_image","twitter_misc":{"Verfasst von":"web108","Gesch\u00e4tzte Lesezeit":"3\u00a0Minuten"},"schema":{"@context":"https:\/\/schema.org","@graph":[{"@type":"Article","@id":"https:\/\/manipogo.de\/?p=42360#article","isPartOf":{"@id":"https:\/\/manipogo.de\/?p=42360"},"author":{"name":"web108","@id":"https:\/\/manipogo.de\/#\/schema\/person\/991913de0e39267877f234553fd7f58d"},"headline":"Flugverkehr (180): Paula fliegt","datePublished":"2025-12-07T01:16:32+00:00","mainEntityOfPage":{"@id":"https:\/\/manipogo.de\/?p=42360"},"wordCount":490,"image":{"@id":"https:\/\/manipogo.de\/?p=42360#primaryimage"},"thumbnailUrl":"https:\/\/manipogo.de\/wp-content\/uploads\/1000009506.jpg","keywords":["Chile","Roman"],"articleSection":["Jenseits\/Psi"],"inLanguage":"de"},{"@type":"WebPage","@id":"https:\/\/manipogo.de\/?p=42360","url":"https:\/\/manipogo.de\/?p=42360","name":"Flugverkehr (180): Paula fliegt - manipogo","isPartOf":{"@id":"https:\/\/manipogo.de\/#website"},"primaryImageOfPage":{"@id":"https:\/\/manipogo.de\/?p=42360#primaryimage"},"image":{"@id":"https:\/\/manipogo.de\/?p=42360#primaryimage"},"thumbnailUrl":"https:\/\/manipogo.de\/wp-content\/uploads\/1000009506.jpg","datePublished":"2025-12-07T01:16:32+00:00","author":{"@id":"https:\/\/manipogo.de\/#\/schema\/person\/991913de0e39267877f234553fd7f58d"},"description":"Isabel Allende erlebte 1992 den Tod ihrer Tochter Paula mit und machte eine mystische Erfahrung von Einssein mit allem, mit der das Buch abschlie\u00dft.","breadcrumb":{"@id":"https:\/\/manipogo.de\/?p=42360#breadcrumb"},"inLanguage":"de","potentialAction":[{"@type":"ReadAction","target":["https:\/\/manipogo.de\/?p=42360"]}]},{"@type":"ImageObject","inLanguage":"de","@id":"https:\/\/manipogo.de\/?p=42360#primaryimage","url":"https:\/\/manipogo.de\/wp-content\/uploads\/1000009506.jpg","contentUrl":"https:\/\/manipogo.de\/wp-content\/uploads\/1000009506.jpg"},{"@type":"BreadcrumbList","@id":"https:\/\/manipogo.de\/?p=42360#breadcrumb","itemListElement":[{"@type":"ListItem","position":1,"name":"Startseite","item":"https:\/\/manipogo.de\/"},{"@type":"ListItem","position":2,"name":"Flugverkehr (180): Paula fliegt"}]},{"@type":"WebSite","@id":"https:\/\/manipogo.de\/#website","url":"https:\/\/manipogo.de\/","name":"manipogo","description":"Gott und die Welt","potentialAction":[{"@type":"SearchAction","target":{"@type":"EntryPoint","urlTemplate":"https:\/\/manipogo.de\/?s={search_term_string}"},"query-input":{"@type":"PropertyValueSpecification","valueRequired":true,"valueName":"search_term_string"}}],"inLanguage":"de"},{"@type":"Person","@id":"https:\/\/manipogo.de\/#\/schema\/person\/991913de0e39267877f234553fd7f58d","name":"web108","url":"https:\/\/manipogo.de\/?author=1"}]}},"_links":{"self":[{"href":"https:\/\/manipogo.de\/index.php?rest_route=\/wp\/v2\/posts\/42360","targetHints":{"allow":["GET"]}}],"collection":[{"href":"https:\/\/manipogo.de\/index.php?rest_route=\/wp\/v2\/posts"}],"about":[{"href":"https:\/\/manipogo.de\/index.php?rest_route=\/wp\/v2\/types\/post"}],"author":[{"embeddable":true,"href":"https:\/\/manipogo.de\/index.php?rest_route=\/wp\/v2\/users\/1"}],"replies":[{"embeddable":true,"href":"https:\/\/manipogo.de\/index.php?rest_route=%2Fwp%2Fv2%2Fcomments&post=42360"}],"version-history":[{"count":9,"href":"https:\/\/manipogo.de\/index.php?rest_route=\/wp\/v2\/posts\/42360\/revisions"}],"predecessor-version":[{"id":43283,"href":"https:\/\/manipogo.de\/index.php?rest_route=\/wp\/v2\/posts\/42360\/revisions\/43283"}],"wp:attachment":[{"href":"https:\/\/manipogo.de\/index.php?rest_route=%2Fwp%2Fv2%2Fmedia&parent=42360"}],"wp:term":[{"taxonomy":"category","embeddable":true,"href":"https:\/\/manipogo.de\/index.php?rest_route=%2Fwp%2Fv2%2Fcategories&post=42360"},{"taxonomy":"post_tag","embeddable":true,"href":"https:\/\/manipogo.de\/index.php?rest_route=%2Fwp%2Fv2%2Ftags&post=42360"}],"curies":[{"name":"wp","href":"https:\/\/api.w.org\/{rel}","templated":true}]}}