{"id":42471,"date":"2025-10-22T00:32:41","date_gmt":"2025-10-21T22:32:41","guid":{"rendered":"https:\/\/manipogo.de\/?p=42471"},"modified":"2025-10-20T00:02:57","modified_gmt":"2025-10-19T22:02:57","slug":"die-farben-der-zeit","status":"publish","type":"post","link":"https:\/\/manipogo.de\/?p=42471","title":{"rendered":"Die Farben der Zeit"},"content":{"rendered":"<p>Im Oktober habe ich zwei Filme gesehen, die die Vergangenheit zum Thema haben oder: die hin- und herspringen zwischen den Zeiten. Beide fand ich sehr gelungen. Es sind <em>Die Farben der Zeit<\/em> und <em>In die Sonne schauen<\/em>. Beide wurden bei den Filmfestspielen von Cannes im Mai vorgestellt. In die Sonne schauen, ein deutscher Film, erhielt sogar einen Spezialpreis der Jury. <!--more--><\/p>\n<p>Man kann \u00fcber diese Filme schreiben, wird ihnen aber nicht gerecht werden. <em>Die Farben der Zeit<\/em> ist von Regisseur C\u00e9dric Klapisch und besitzt einen gl\u00fccklichen Anfang: Da sitzen 30 Leute, die alle letztlich von einem Paar abstammen, und was die \u00bbUrmutter\u00ab Adele, die von der Normandie nach Paris reiste, dort um 1890 erlebte, erleben wir mit. Paris! Man k\u00f6nnte fast sagen, in franz\u00f6sischen Filmen dreht es sich immer um Paris; auch wenn sie woanders spielen. Paris ist immer pr\u00e4sent.<\/p>\n<p><a href=\"https:\/\/manipogo.de\/wp-content\/uploads\/4325191546_6ce84b0698.jpg\"><img loading=\"lazy\" decoding=\"async\" class=\"aligncenter size-full wp-image-42473\" src=\"https:\/\/manipogo.de\/wp-content\/uploads\/4325191546_6ce84b0698.jpg\" alt=\"\" width=\"533\" height=\"329\" srcset=\"https:\/\/manipogo.de\/wp-content\/uploads\/4325191546_6ce84b0698.jpg 533w, https:\/\/manipogo.de\/wp-content\/uploads\/4325191546_6ce84b0698-300x185.jpg 300w\" sizes=\"auto, (max-width: 533px) 100vw, 533px\" \/><\/a><\/p>\n<p>Es ist eine melancholische Kom\u00f6die in der Tradition von Eric Rohmer (<em>wie haben wir dessen Filme in den 1980-er Jahren geliebt!<\/em>), eine Kom\u00f6die um Kunst und die Liebe, und dem Regisseur gelingt es, seine Geschichte diskret und mit Stil zu erz\u00e4hlen, und auch der Humor fehlt nicht. Gerade das Hin- und Herspringen zwischen Jetzt und Damals \u00fcberrascht die Zuschauer und bringt Bewegung. Auch filmisch hat Klapisch ein paar mutige Akzente gesetzt; so etwas m\u00fcsste Kino sich mehr trauen, finde ich. Kann man aber gut anschauen, den Film: <a href=\"https:\/\/www.youtube.com\/watch?v=48joSs5na9o\">Hier der Trailer<\/a>.<\/p>\n<p><a href=\"https:\/\/manipogo.de\/wp-content\/uploads\/OIPlumiere.jpg\"><img loading=\"lazy\" decoding=\"async\" class=\"alignleft size-full wp-image-42474\" src=\"https:\/\/manipogo.de\/wp-content\/uploads\/OIPlumiere.jpg\" alt=\"\" width=\"244\" height=\"180\" \/><\/a>Sp\u00e4ter fiel mir noch ein Vorl\u00e4ufer ein: <em>Midnight in Paris<\/em> von Woody Allen (2011). Ein Drehbuchautor ger\u00e4t auf einer dunklen Seitenstra\u00dfe in die 1920-er Jahre in Paris und trifft Hemingway, Gertrude Stein und andere Gr\u00f6\u00dfen. Man kann mittun, darf jedoch nichts ver\u00e4ndern. \u2013\u00a0 In einer Episode der Serie <em>Twilight Zone<\/em> wird ein Mann in die Vergangenheit katapultiert: Es ist der Tag, an dem Abraham Lincoln erschossen werden w\u00fcrde. Der Mann kann das Ereignis, das er aus der Zukunft kennt, nicht verhindern; doch einer seiner Nachfahren wird dadurch beeinflusst, was eigentlich verboten ist. Ich glaube, dass man aus der Zukunft die Vergangenheit beeinflussen kann, doch weitreichendere Einfl\u00fcsse m\u00fcssten in ein Parallel-Universum f\u00fchren.<\/p>\n<p><em>In die Sonne schauen<\/em> ist ein deutscher Film von Mascha Schilinksi und demnach ernst und schwerm\u00fctig. Ein Bauernhof in der Altmark, die von 1949 bis 1989 zur DDR geh\u00f6rte. Wir erhalten Einblick in die Leben von vier Frauen oder jungen M\u00e4dchen, die auf diesem Bauernhof und an der nahegelegenen Elbe ein ziemlich eingeschr\u00e4nktes Leben f\u00fchren. Es ist ein sehr sinnlicher und langsam gedrehter Film, in der es nicht nur um die Vergangenheit geht, sondern auch um den Tod. Ein M\u00e4dchen l\u00e4sst sich aus dem Off als eine vernehmen, die nicht mehr lebt; das sagt sie selbst. <a href=\"https:\/\/www.youtube.com\/watch?v=OMYknnjcTv8\">Der Trailer ist hier<\/a>.<\/p>\n<p><a href=\"https:\/\/manipogo.de\/wp-content\/uploads\/Kr_1484.jpg\"><img loading=\"lazy\" decoding=\"async\" class=\"aligncenter size-full wp-image-42475\" src=\"https:\/\/manipogo.de\/wp-content\/uploads\/Kr_1484.jpg\" alt=\"\" width=\"540\" height=\"369\" srcset=\"https:\/\/manipogo.de\/wp-content\/uploads\/Kr_1484.jpg 540w, https:\/\/manipogo.de\/wp-content\/uploads\/Kr_1484-300x205.jpg 300w\" sizes=\"auto, (max-width: 540px) 100vw, 540px\" \/><\/a><\/p>\n<p>Man k\u00f6nnte Susan Sontag folgen, die einmal geschrieben hat, die Fotografie befasse sich mit Vergangenheit und Tod, und behaupten, das treffe auch auf Filme zu. Oft geht es um die Verg\u00e4nglichkeit und das Vergangene. Kino h\u00e4ngt in unserer Welt fest, weil wir in ihr festh\u00e4ngen; es k\u00f6nnte aber mehr sein und mehr wagen.<\/p>\n<p>Dann wollte ich noch auf einen t\u00fcrkischen Film hinweisen, der mir auf unserem Urlaub immer in den Sinn kam, denn es war der einzige aus jenem Land, der mir auffiel. Wir sahen ihn damals, 1982, als er erschien. Er hei\u00dft <em>Yol \u2013 Der Weg<\/em> und bekam die Goldene Palme von Cannes in jenem Jahr. Der Regisseur Yilmaz G\u00fcney ist bald darauf (1984) gestorben, und seine \u00dcberreste ruhen in Paris, wo er Asyl gefunden hatte. Die Entstehungsgeschichte dieses Films ist absolut verr\u00fcckt, und statt sie nachzuerz\u00e4hlen, <a href=\"https:\/\/de.wikipedia.org\/wiki\/Yol_%E2%80%93_Der_Weg\">verlinke ich auf Wikipedia<\/a>, die sie richtig gut und endlich einmal kompakt dargestellt hat. Besser k\u00f6nnte ich es auch nicht.<\/p>\n<p>&nbsp;<\/p>\n","protected":false},"excerpt":{"rendered":"<p>Im Oktober habe ich zwei Filme gesehen, die die Vergangenheit zum Thema haben oder: die hin- und herspringen zwischen den Zeiten. Beide fand ich sehr gelungen. Es sind Die Farben der Zeit und In die Sonne schauen. Beide wurden bei den Filmfestspielen von Cannes im Mai vorgestellt. In die Sonne schauen, ein deutscher Film, erhielt [&hellip;]<\/p>\n","protected":false},"author":1,"featured_media":0,"comment_status":"closed","ping_status":"closed","sticky":false,"template":"","format":"standard","meta":{"footnotes":""},"categories":[1239],"tags":[195,88],"class_list":["post-42471","post","type-post","status-publish","format-standard","hentry","category-film","tag-filme","tag-vergangenheit"],"yoast_head":"<!-- This site is optimized with the Yoast SEO plugin v27.3 - https:\/\/yoast.com\/product\/yoast-seo-wordpress\/ -->\n<title>Die Farben der Zeit - manipogo<\/title>\n<meta name=\"description\" content=\"&quot;Die Farben der Zeit&quot; ist eine Kom\u00f6die von C\u00e9dric Klapisch, und &quot;In die Sonne schauen&quot; ein Film von Mascha Schilinksi. Beide Filme wurden unl\u00e4ngst in Cannes vorgestellt, und beide behandlen die Vergangenheit. Beide sind sehenswert.\" \/>\n<meta name=\"robots\" content=\"index, follow, max-snippet:-1, max-image-preview:large, max-video-preview:-1\" \/>\n<link rel=\"canonical\" href=\"https:\/\/manipogo.de\/?p=42471\" \/>\n<meta property=\"og:locale\" content=\"de_DE\" \/>\n<meta property=\"og:type\" content=\"article\" \/>\n<meta property=\"og:title\" content=\"Die Farben der Zeit - manipogo\" \/>\n<meta property=\"og:description\" content=\"&quot;Die Farben der Zeit&quot; ist eine Kom\u00f6die von C\u00e9dric Klapisch, und &quot;In die Sonne schauen&quot; ein Film von Mascha Schilinksi. Beide Filme wurden unl\u00e4ngst in Cannes vorgestellt, und beide behandlen die Vergangenheit. Beide sind sehenswert.\" \/>\n<meta property=\"og:url\" content=\"https:\/\/manipogo.de\/?p=42471\" \/>\n<meta property=\"og:site_name\" content=\"manipogo\" \/>\n<meta property=\"article:published_time\" content=\"2025-10-21T22:32:41+00:00\" \/>\n<meta property=\"og:image\" content=\"https:\/\/manipogo.de\/wp-content\/uploads\/4325191546_6ce84b0698.jpg\" \/>\n\t<meta property=\"og:image:width\" content=\"533\" \/>\n\t<meta property=\"og:image:height\" content=\"329\" \/>\n\t<meta property=\"og:image:type\" content=\"image\/jpeg\" \/>\n<meta name=\"author\" content=\"web108\" \/>\n<meta name=\"twitter:card\" content=\"summary_large_image\" \/>\n<meta name=\"twitter:label1\" content=\"Verfasst von\" \/>\n\t<meta name=\"twitter:data1\" content=\"web108\" \/>\n\t<meta name=\"twitter:label2\" content=\"Gesch\u00e4tzte Lesezeit\" \/>\n\t<meta name=\"twitter:data2\" content=\"4\u00a0Minuten\" \/>\n<script type=\"application\/ld+json\" class=\"yoast-schema-graph\">{\"@context\":\"https:\\\/\\\/schema.org\",\"@graph\":[{\"@type\":\"Article\",\"@id\":\"https:\\\/\\\/manipogo.de\\\/?p=42471#article\",\"isPartOf\":{\"@id\":\"https:\\\/\\\/manipogo.de\\\/?p=42471\"},\"author\":{\"name\":\"web108\",\"@id\":\"https:\\\/\\\/manipogo.de\\\/#\\\/schema\\\/person\\\/991913de0e39267877f234553fd7f58d\"},\"headline\":\"Die Farben der Zeit\",\"datePublished\":\"2025-10-21T22:32:41+00:00\",\"mainEntityOfPage\":{\"@id\":\"https:\\\/\\\/manipogo.de\\\/?p=42471\"},\"wordCount\":631,\"image\":{\"@id\":\"https:\\\/\\\/manipogo.de\\\/?p=42471#primaryimage\"},\"thumbnailUrl\":\"https:\\\/\\\/manipogo.de\\\/wp-content\\\/uploads\\\/4325191546_6ce84b0698.jpg\",\"keywords\":[\"Filme\",\"Vergangenheit\"],\"articleSection\":[\"Film\"],\"inLanguage\":\"de\"},{\"@type\":\"WebPage\",\"@id\":\"https:\\\/\\\/manipogo.de\\\/?p=42471\",\"url\":\"https:\\\/\\\/manipogo.de\\\/?p=42471\",\"name\":\"Die Farben der Zeit - manipogo\",\"isPartOf\":{\"@id\":\"https:\\\/\\\/manipogo.de\\\/#website\"},\"primaryImageOfPage\":{\"@id\":\"https:\\\/\\\/manipogo.de\\\/?p=42471#primaryimage\"},\"image\":{\"@id\":\"https:\\\/\\\/manipogo.de\\\/?p=42471#primaryimage\"},\"thumbnailUrl\":\"https:\\\/\\\/manipogo.de\\\/wp-content\\\/uploads\\\/4325191546_6ce84b0698.jpg\",\"datePublished\":\"2025-10-21T22:32:41+00:00\",\"author\":{\"@id\":\"https:\\\/\\\/manipogo.de\\\/#\\\/schema\\\/person\\\/991913de0e39267877f234553fd7f58d\"},\"description\":\"\\\"Die Farben der Zeit\\\" ist eine Kom\u00f6die von C\u00e9dric Klapisch, und \\\"In die Sonne schauen\\\" ein Film von Mascha Schilinksi. Beide Filme wurden unl\u00e4ngst in Cannes vorgestellt, und beide behandlen die Vergangenheit. Beide sind sehenswert.\",\"breadcrumb\":{\"@id\":\"https:\\\/\\\/manipogo.de\\\/?p=42471#breadcrumb\"},\"inLanguage\":\"de\",\"potentialAction\":[{\"@type\":\"ReadAction\",\"target\":[\"https:\\\/\\\/manipogo.de\\\/?p=42471\"]}]},{\"@type\":\"ImageObject\",\"inLanguage\":\"de\",\"@id\":\"https:\\\/\\\/manipogo.de\\\/?p=42471#primaryimage\",\"url\":\"https:\\\/\\\/manipogo.de\\\/wp-content\\\/uploads\\\/4325191546_6ce84b0698.jpg\",\"contentUrl\":\"https:\\\/\\\/manipogo.de\\\/wp-content\\\/uploads\\\/4325191546_6ce84b0698.jpg\"},{\"@type\":\"BreadcrumbList\",\"@id\":\"https:\\\/\\\/manipogo.de\\\/?p=42471#breadcrumb\",\"itemListElement\":[{\"@type\":\"ListItem\",\"position\":1,\"name\":\"Startseite\",\"item\":\"https:\\\/\\\/manipogo.de\\\/\"},{\"@type\":\"ListItem\",\"position\":2,\"name\":\"Die Farben der Zeit\"}]},{\"@type\":\"WebSite\",\"@id\":\"https:\\\/\\\/manipogo.de\\\/#website\",\"url\":\"https:\\\/\\\/manipogo.de\\\/\",\"name\":\"manipogo\",\"description\":\"Gott und die Welt\",\"potentialAction\":[{\"@type\":\"SearchAction\",\"target\":{\"@type\":\"EntryPoint\",\"urlTemplate\":\"https:\\\/\\\/manipogo.de\\\/?s={search_term_string}\"},\"query-input\":{\"@type\":\"PropertyValueSpecification\",\"valueRequired\":true,\"valueName\":\"search_term_string\"}}],\"inLanguage\":\"de\"},{\"@type\":\"Person\",\"@id\":\"https:\\\/\\\/manipogo.de\\\/#\\\/schema\\\/person\\\/991913de0e39267877f234553fd7f58d\",\"name\":\"web108\",\"url\":\"https:\\\/\\\/manipogo.de\\\/?author=1\"}]}<\/script>\n<!-- \/ Yoast SEO plugin. -->","yoast_head_json":{"title":"Die Farben der Zeit - manipogo","description":"\"Die Farben der Zeit\" ist eine Kom\u00f6die von C\u00e9dric Klapisch, und \"In die Sonne schauen\" ein Film von Mascha Schilinksi. Beide Filme wurden unl\u00e4ngst in Cannes vorgestellt, und beide behandlen die Vergangenheit. Beide sind sehenswert.","robots":{"index":"index","follow":"follow","max-snippet":"max-snippet:-1","max-image-preview":"max-image-preview:large","max-video-preview":"max-video-preview:-1"},"canonical":"https:\/\/manipogo.de\/?p=42471","og_locale":"de_DE","og_type":"article","og_title":"Die Farben der Zeit - manipogo","og_description":"\"Die Farben der Zeit\" ist eine Kom\u00f6die von C\u00e9dric Klapisch, und \"In die Sonne schauen\" ein Film von Mascha Schilinksi. Beide Filme wurden unl\u00e4ngst in Cannes vorgestellt, und beide behandlen die Vergangenheit. Beide sind sehenswert.","og_url":"https:\/\/manipogo.de\/?p=42471","og_site_name":"manipogo","article_published_time":"2025-10-21T22:32:41+00:00","og_image":[{"width":533,"height":329,"url":"https:\/\/manipogo.de\/wp-content\/uploads\/4325191546_6ce84b0698.jpg","type":"image\/jpeg"}],"author":"web108","twitter_card":"summary_large_image","twitter_misc":{"Verfasst von":"web108","Gesch\u00e4tzte Lesezeit":"4\u00a0Minuten"},"schema":{"@context":"https:\/\/schema.org","@graph":[{"@type":"Article","@id":"https:\/\/manipogo.de\/?p=42471#article","isPartOf":{"@id":"https:\/\/manipogo.de\/?p=42471"},"author":{"name":"web108","@id":"https:\/\/manipogo.de\/#\/schema\/person\/991913de0e39267877f234553fd7f58d"},"headline":"Die Farben der Zeit","datePublished":"2025-10-21T22:32:41+00:00","mainEntityOfPage":{"@id":"https:\/\/manipogo.de\/?p=42471"},"wordCount":631,"image":{"@id":"https:\/\/manipogo.de\/?p=42471#primaryimage"},"thumbnailUrl":"https:\/\/manipogo.de\/wp-content\/uploads\/4325191546_6ce84b0698.jpg","keywords":["Filme","Vergangenheit"],"articleSection":["Film"],"inLanguage":"de"},{"@type":"WebPage","@id":"https:\/\/manipogo.de\/?p=42471","url":"https:\/\/manipogo.de\/?p=42471","name":"Die Farben der Zeit - manipogo","isPartOf":{"@id":"https:\/\/manipogo.de\/#website"},"primaryImageOfPage":{"@id":"https:\/\/manipogo.de\/?p=42471#primaryimage"},"image":{"@id":"https:\/\/manipogo.de\/?p=42471#primaryimage"},"thumbnailUrl":"https:\/\/manipogo.de\/wp-content\/uploads\/4325191546_6ce84b0698.jpg","datePublished":"2025-10-21T22:32:41+00:00","author":{"@id":"https:\/\/manipogo.de\/#\/schema\/person\/991913de0e39267877f234553fd7f58d"},"description":"\"Die Farben der Zeit\" ist eine Kom\u00f6die von C\u00e9dric Klapisch, und \"In die Sonne schauen\" ein Film von Mascha Schilinksi. Beide Filme wurden unl\u00e4ngst in Cannes vorgestellt, und beide behandlen die Vergangenheit. Beide sind sehenswert.","breadcrumb":{"@id":"https:\/\/manipogo.de\/?p=42471#breadcrumb"},"inLanguage":"de","potentialAction":[{"@type":"ReadAction","target":["https:\/\/manipogo.de\/?p=42471"]}]},{"@type":"ImageObject","inLanguage":"de","@id":"https:\/\/manipogo.de\/?p=42471#primaryimage","url":"https:\/\/manipogo.de\/wp-content\/uploads\/4325191546_6ce84b0698.jpg","contentUrl":"https:\/\/manipogo.de\/wp-content\/uploads\/4325191546_6ce84b0698.jpg"},{"@type":"BreadcrumbList","@id":"https:\/\/manipogo.de\/?p=42471#breadcrumb","itemListElement":[{"@type":"ListItem","position":1,"name":"Startseite","item":"https:\/\/manipogo.de\/"},{"@type":"ListItem","position":2,"name":"Die Farben der Zeit"}]},{"@type":"WebSite","@id":"https:\/\/manipogo.de\/#website","url":"https:\/\/manipogo.de\/","name":"manipogo","description":"Gott und die Welt","potentialAction":[{"@type":"SearchAction","target":{"@type":"EntryPoint","urlTemplate":"https:\/\/manipogo.de\/?s={search_term_string}"},"query-input":{"@type":"PropertyValueSpecification","valueRequired":true,"valueName":"search_term_string"}}],"inLanguage":"de"},{"@type":"Person","@id":"https:\/\/manipogo.de\/#\/schema\/person\/991913de0e39267877f234553fd7f58d","name":"web108","url":"https:\/\/manipogo.de\/?author=1"}]}},"_links":{"self":[{"href":"https:\/\/manipogo.de\/index.php?rest_route=\/wp\/v2\/posts\/42471","targetHints":{"allow":["GET"]}}],"collection":[{"href":"https:\/\/manipogo.de\/index.php?rest_route=\/wp\/v2\/posts"}],"about":[{"href":"https:\/\/manipogo.de\/index.php?rest_route=\/wp\/v2\/types\/post"}],"author":[{"embeddable":true,"href":"https:\/\/manipogo.de\/index.php?rest_route=\/wp\/v2\/users\/1"}],"replies":[{"embeddable":true,"href":"https:\/\/manipogo.de\/index.php?rest_route=%2Fwp%2Fv2%2Fcomments&post=42471"}],"version-history":[{"count":8,"href":"https:\/\/manipogo.de\/index.php?rest_route=\/wp\/v2\/posts\/42471\/revisions"}],"predecessor-version":[{"id":42621,"href":"https:\/\/manipogo.de\/index.php?rest_route=\/wp\/v2\/posts\/42471\/revisions\/42621"}],"wp:attachment":[{"href":"https:\/\/manipogo.de\/index.php?rest_route=%2Fwp%2Fv2%2Fmedia&parent=42471"}],"wp:term":[{"taxonomy":"category","embeddable":true,"href":"https:\/\/manipogo.de\/index.php?rest_route=%2Fwp%2Fv2%2Fcategories&post=42471"},{"taxonomy":"post_tag","embeddable":true,"href":"https:\/\/manipogo.de\/index.php?rest_route=%2Fwp%2Fv2%2Ftags&post=42471"}],"curies":[{"name":"wp","href":"https:\/\/api.w.org\/{rel}","templated":true}]}}