{"id":42655,"date":"2025-10-23T00:08:59","date_gmt":"2025-10-22T22:08:59","guid":{"rendered":"https:\/\/manipogo.de\/?p=42655"},"modified":"2025-10-22T23:55:33","modified_gmt":"2025-10-22T21:55:33","slug":"dracula","status":"publish","type":"post","link":"https:\/\/manipogo.de\/?p=42655","title":{"rendered":"Graf Dracul in Paris"},"content":{"rendered":"<p>Meine These von gestern best\u00e4tigte sich gleich wieder: Im neuen Film von Luc Besson, <em>Dracula \u2013 Die Auferstehung<\/em>, darf der Graf in Paris sein Unwesen treiben, noch dazu im Jahr 1880, wie in <em>Die Farben der Zeit<\/em>. Ich bin jetzt, kurz danach, noch richtig erschlagen: Das ist eine Oper, ein Kraftwerk, ein Trip wie unter Drogen, trefflich choreographiert und orchestriert und d\u00fcster sowieso. So muss ein Film \u00fcber Dracula sein!<!--more--><\/p>\n<p>Ich wei\u00df gar nicht, wie oft Dracula verfilmt wurde. <a href=\"https:\/\/streamo.at\/de\/filme\/1376\/dracula-filme-und-ihre-darsteller\">Eine \u00f6sterreichische Seite hat 13 Filme genannt<\/a>, und 6 sind aus den letzten 20 Jahren.<\/p>\n<p><a href=\"https:\/\/manipogo.de\/wp-content\/uploads\/1000011917.jpg\"><img loading=\"lazy\" decoding=\"async\" class=\"alignleft wp-image-42656\" src=\"https:\/\/manipogo.de\/wp-content\/uploads\/1000011917-240x300.jpg\" alt=\"\" width=\"300\" height=\"375\" srcset=\"https:\/\/manipogo.de\/wp-content\/uploads\/1000011917-240x300.jpg 240w, https:\/\/manipogo.de\/wp-content\/uploads\/1000011917.jpg 540w\" sizes=\"auto, (max-width: 300px) 100vw, 300px\" \/><\/a>Besson (geboren 1959, etwas j\u00fcnger als ich) hat sich an dem Dracula-Buch von Bram Stoker von 1897 orientiert, dem Klassiker. Der Film kommt am 30. Oktober in die deutschen und Deutschschweizer Kinos, darum darf man nicht viel verraten. Ihn zu sehen lohnt sich auf jeden Fall. Seit Ende Juli wird er in Frankreich gespielt, und ich sah ihn vorgestern in Fessenheim im Elsass, gleich hinter dem Rhein. (<em>Links: So nett wurden die Kinobesucher begr\u00fc\u00dft. Die beiden hielten Schilder mit \u00bbBonsoir\u00ab in der Hand und verteilten gebrannte Mandeln.<\/em> <em>In einer Woche ist Halloween!<\/em>)<\/p>\n<p>Graf Dracula (Caleb Landry Jones) ist irrsinnig verliebt, am Anfang gibt es hei\u00dfen Sex, doch dann wird er von seiner Liebsten getrennt und sucht sie, 400 Jahre lang. Er durchstreift alle L\u00e4nder, bis er in Paris dem Ziel seiner Tr\u00e4ume nahekommt. Christoph Waltz spielt seinen Verfolger, einen Priester (allm\u00e4hlich sieht er immer mehr wie Kris Kristofferson aus).<\/p>\n<p>Dracula ist ja ein Untoter. Er kann nicht sterben. Es ist ein dunkler Mythos vom Ende des 19. Jahrhunderts, und bald danach (1915) machte Gustav Meyrink durch einen Roman den Golem popul\u00e4r, der von einem Rabbi erschaffen wurde und schwer zu beherrschen ist. Die Zombies sind wiedererweckte Tote und gehen auf Geschichten in Haiti zur\u00fcck.<\/p>\n<p><a href=\"https:\/\/manipogo.de\/wp-content\/uploads\/cimiteroo-1.jpg\"><img loading=\"lazy\" decoding=\"async\" class=\"alignright size-medium wp-image-42658\" src=\"https:\/\/manipogo.de\/wp-content\/uploads\/cimiteroo-1-196x300.jpg\" alt=\"\" width=\"196\" height=\"300\" srcset=\"https:\/\/manipogo.de\/wp-content\/uploads\/cimiteroo-1-196x300.jpg 196w, https:\/\/manipogo.de\/wp-content\/uploads\/cimiteroo-1.jpg 540w\" sizes=\"auto, (max-width: 196px) 100vw, 196px\" \/><\/a><\/p>\n<p>Mit dem Werwolf ist der Vampir auch verwandt. Ein Mensch wird zum Wolf. In den Geschichten dar\u00fcber trifft es meist einen einfachen Mann. Graf Dracula jedoch ist ein Adeliger. K\u00f6nige und F\u00fcrsten verlangten ja Steuern, um ihre Kriege zu f\u00fchren, und saugten ihre Untertanen bis aufs Blut aus.<\/p>\n<p>Wer von Dracula in den Hals gebissen wird, wird selber ein Vampir, schl\u00e4ft am Tag im Sarg und ist in der Nacht auf der Suche nach Blut. Wer geh\u00f6rt zu den Saugern? Man erkennt sie an den markanten Eckz\u00e4hnen.Der Vrykolakas nimmt in Griechenland mit, wer auf sein erstes Klopfen (oder Rufen) reagiert.\u00a0Ich erinnere mich an eine UFO-Serie, <em>Invasion von der Vega<\/em>. Die Au\u00dferirdischen konnten Menschen \u00bbumdrehen\u00ab, und einen Veganer (ha, Veganer!) erkannte man nur an dem abgespreizten kleinen Finger und dem leeren Blick. Vielleicht dr\u00fccken alle diese Geschichten eine Furcht vor der Invasion aus, vor der Unterwanderung, die wom\u00f6glich im kollektiven Unterbewussten wurzelt.<\/p>\n<p>Was keine Entschuldigung daf\u00fcr ist, unsere Br\u00fcder und Schwestern von anderen Kontinenten schief anzusehen. Sie wollen uns nichts B\u00f6ses, sie wollen nur arbeiten und ein wenig Spa\u00df haben wie wir alle. Kein Grund, sie wegen ihres Aussehens oder ihrer Hautfarbe zu verteufeln und \u00bbauszuschaffen\u00ab (Schweizer Ausdruck), wie es derzeit in den USA geschieht.<\/p>\n<p>&nbsp;<\/p>\n","protected":false},"excerpt":{"rendered":"<p>Meine These von gestern best\u00e4tigte sich gleich wieder: Im neuen Film von Luc Besson, Dracula \u2013 Die Auferstehung, darf der Graf in Paris sein Unwesen treiben, noch dazu im Jahr 1880, wie in Die Farben der Zeit. Ich bin jetzt, kurz danach, noch richtig erschlagen: Das ist eine Oper, ein Kraftwerk, ein Trip wie unter [&hellip;]<\/p>\n","protected":false},"author":1,"featured_media":0,"comment_status":"closed","ping_status":"closed","sticky":false,"template":"","format":"standard","meta":{"footnotes":""},"categories":[1239],"tags":[2818,135],"class_list":["post-42655","post","type-post","status-publish","format-standard","hentry","category-film","tag-dracula","tag-frankreich"],"yoast_head":"<!-- This site is optimized with the Yoast SEO plugin v27.3 - https:\/\/yoast.com\/product\/yoast-seo-wordpress\/ -->\n<title>Graf Dracul in Paris - manipogo<\/title>\n<meta name=\"description\" content=\"Der franz\u00f6sische Regisseur Luc Besson hat sich des Vampirs angenommen und &quot;Dracula - Die Auferstehung&quot; gedreht, ein opulentes Kunstwerk, eher Oper als Film.\" \/>\n<meta name=\"robots\" content=\"index, follow, max-snippet:-1, max-image-preview:large, max-video-preview:-1\" \/>\n<link rel=\"canonical\" href=\"https:\/\/manipogo.de\/?p=42655\" \/>\n<meta property=\"og:locale\" content=\"de_DE\" \/>\n<meta property=\"og:type\" content=\"article\" \/>\n<meta property=\"og:title\" content=\"Graf Dracul in Paris - manipogo\" \/>\n<meta property=\"og:description\" content=\"Der franz\u00f6sische Regisseur Luc Besson hat sich des Vampirs angenommen und &quot;Dracula - Die Auferstehung&quot; gedreht, ein opulentes Kunstwerk, eher Oper als Film.\" \/>\n<meta property=\"og:url\" content=\"https:\/\/manipogo.de\/?p=42655\" \/>\n<meta property=\"og:site_name\" content=\"manipogo\" \/>\n<meta property=\"article:published_time\" content=\"2025-10-22T22:08:59+00:00\" \/>\n<meta property=\"og:image\" content=\"https:\/\/manipogo.de\/wp-content\/uploads\/1000011917.jpg\" \/>\n\t<meta property=\"og:image:width\" content=\"540\" \/>\n\t<meta property=\"og:image:height\" content=\"675\" \/>\n\t<meta property=\"og:image:type\" content=\"image\/jpeg\" \/>\n<meta name=\"author\" content=\"web108\" \/>\n<meta name=\"twitter:card\" content=\"summary_large_image\" \/>\n<meta name=\"twitter:label1\" content=\"Verfasst von\" \/>\n\t<meta name=\"twitter:data1\" content=\"web108\" \/>\n\t<meta name=\"twitter:label2\" content=\"Gesch\u00e4tzte Lesezeit\" \/>\n\t<meta name=\"twitter:data2\" content=\"4\u00a0Minuten\" \/>\n<script type=\"application\/ld+json\" class=\"yoast-schema-graph\">{\"@context\":\"https:\\\/\\\/schema.org\",\"@graph\":[{\"@type\":\"Article\",\"@id\":\"https:\\\/\\\/manipogo.de\\\/?p=42655#article\",\"isPartOf\":{\"@id\":\"https:\\\/\\\/manipogo.de\\\/?p=42655\"},\"author\":{\"name\":\"web108\",\"@id\":\"https:\\\/\\\/manipogo.de\\\/#\\\/schema\\\/person\\\/991913de0e39267877f234553fd7f58d\"},\"headline\":\"Graf Dracul in Paris\",\"datePublished\":\"2025-10-22T22:08:59+00:00\",\"mainEntityOfPage\":{\"@id\":\"https:\\\/\\\/manipogo.de\\\/?p=42655\"},\"wordCount\":521,\"image\":{\"@id\":\"https:\\\/\\\/manipogo.de\\\/?p=42655#primaryimage\"},\"thumbnailUrl\":\"https:\\\/\\\/manipogo.de\\\/wp-content\\\/uploads\\\/1000011917-240x300.jpg\",\"keywords\":[\"Dracula\",\"Frankreich\"],\"articleSection\":[\"Film\"],\"inLanguage\":\"de\"},{\"@type\":\"WebPage\",\"@id\":\"https:\\\/\\\/manipogo.de\\\/?p=42655\",\"url\":\"https:\\\/\\\/manipogo.de\\\/?p=42655\",\"name\":\"Graf Dracul in Paris - manipogo\",\"isPartOf\":{\"@id\":\"https:\\\/\\\/manipogo.de\\\/#website\"},\"primaryImageOfPage\":{\"@id\":\"https:\\\/\\\/manipogo.de\\\/?p=42655#primaryimage\"},\"image\":{\"@id\":\"https:\\\/\\\/manipogo.de\\\/?p=42655#primaryimage\"},\"thumbnailUrl\":\"https:\\\/\\\/manipogo.de\\\/wp-content\\\/uploads\\\/1000011917-240x300.jpg\",\"datePublished\":\"2025-10-22T22:08:59+00:00\",\"author\":{\"@id\":\"https:\\\/\\\/manipogo.de\\\/#\\\/schema\\\/person\\\/991913de0e39267877f234553fd7f58d\"},\"description\":\"Der franz\u00f6sische Regisseur Luc Besson hat sich des Vampirs angenommen und \\\"Dracula - Die Auferstehung\\\" gedreht, ein opulentes Kunstwerk, eher Oper als Film.\",\"breadcrumb\":{\"@id\":\"https:\\\/\\\/manipogo.de\\\/?p=42655#breadcrumb\"},\"inLanguage\":\"de\",\"potentialAction\":[{\"@type\":\"ReadAction\",\"target\":[\"https:\\\/\\\/manipogo.de\\\/?p=42655\"]}]},{\"@type\":\"ImageObject\",\"inLanguage\":\"de\",\"@id\":\"https:\\\/\\\/manipogo.de\\\/?p=42655#primaryimage\",\"url\":\"https:\\\/\\\/manipogo.de\\\/wp-content\\\/uploads\\\/1000011917.jpg\",\"contentUrl\":\"https:\\\/\\\/manipogo.de\\\/wp-content\\\/uploads\\\/1000011917.jpg\",\"width\":540,\"height\":675},{\"@type\":\"BreadcrumbList\",\"@id\":\"https:\\\/\\\/manipogo.de\\\/?p=42655#breadcrumb\",\"itemListElement\":[{\"@type\":\"ListItem\",\"position\":1,\"name\":\"Startseite\",\"item\":\"https:\\\/\\\/manipogo.de\\\/\"},{\"@type\":\"ListItem\",\"position\":2,\"name\":\"Graf Dracul in Paris\"}]},{\"@type\":\"WebSite\",\"@id\":\"https:\\\/\\\/manipogo.de\\\/#website\",\"url\":\"https:\\\/\\\/manipogo.de\\\/\",\"name\":\"manipogo\",\"description\":\"Gott und die Welt\",\"potentialAction\":[{\"@type\":\"SearchAction\",\"target\":{\"@type\":\"EntryPoint\",\"urlTemplate\":\"https:\\\/\\\/manipogo.de\\\/?s={search_term_string}\"},\"query-input\":{\"@type\":\"PropertyValueSpecification\",\"valueRequired\":true,\"valueName\":\"search_term_string\"}}],\"inLanguage\":\"de\"},{\"@type\":\"Person\",\"@id\":\"https:\\\/\\\/manipogo.de\\\/#\\\/schema\\\/person\\\/991913de0e39267877f234553fd7f58d\",\"name\":\"web108\",\"url\":\"https:\\\/\\\/manipogo.de\\\/?author=1\"}]}<\/script>\n<!-- \/ Yoast SEO plugin. -->","yoast_head_json":{"title":"Graf Dracul in Paris - manipogo","description":"Der franz\u00f6sische Regisseur Luc Besson hat sich des Vampirs angenommen und \"Dracula - Die Auferstehung\" gedreht, ein opulentes Kunstwerk, eher Oper als Film.","robots":{"index":"index","follow":"follow","max-snippet":"max-snippet:-1","max-image-preview":"max-image-preview:large","max-video-preview":"max-video-preview:-1"},"canonical":"https:\/\/manipogo.de\/?p=42655","og_locale":"de_DE","og_type":"article","og_title":"Graf Dracul in Paris - manipogo","og_description":"Der franz\u00f6sische Regisseur Luc Besson hat sich des Vampirs angenommen und \"Dracula - Die Auferstehung\" gedreht, ein opulentes Kunstwerk, eher Oper als Film.","og_url":"https:\/\/manipogo.de\/?p=42655","og_site_name":"manipogo","article_published_time":"2025-10-22T22:08:59+00:00","og_image":[{"width":540,"height":675,"url":"https:\/\/manipogo.de\/wp-content\/uploads\/1000011917.jpg","type":"image\/jpeg"}],"author":"web108","twitter_card":"summary_large_image","twitter_misc":{"Verfasst von":"web108","Gesch\u00e4tzte Lesezeit":"4\u00a0Minuten"},"schema":{"@context":"https:\/\/schema.org","@graph":[{"@type":"Article","@id":"https:\/\/manipogo.de\/?p=42655#article","isPartOf":{"@id":"https:\/\/manipogo.de\/?p=42655"},"author":{"name":"web108","@id":"https:\/\/manipogo.de\/#\/schema\/person\/991913de0e39267877f234553fd7f58d"},"headline":"Graf Dracul in Paris","datePublished":"2025-10-22T22:08:59+00:00","mainEntityOfPage":{"@id":"https:\/\/manipogo.de\/?p=42655"},"wordCount":521,"image":{"@id":"https:\/\/manipogo.de\/?p=42655#primaryimage"},"thumbnailUrl":"https:\/\/manipogo.de\/wp-content\/uploads\/1000011917-240x300.jpg","keywords":["Dracula","Frankreich"],"articleSection":["Film"],"inLanguage":"de"},{"@type":"WebPage","@id":"https:\/\/manipogo.de\/?p=42655","url":"https:\/\/manipogo.de\/?p=42655","name":"Graf Dracul in Paris - manipogo","isPartOf":{"@id":"https:\/\/manipogo.de\/#website"},"primaryImageOfPage":{"@id":"https:\/\/manipogo.de\/?p=42655#primaryimage"},"image":{"@id":"https:\/\/manipogo.de\/?p=42655#primaryimage"},"thumbnailUrl":"https:\/\/manipogo.de\/wp-content\/uploads\/1000011917-240x300.jpg","datePublished":"2025-10-22T22:08:59+00:00","author":{"@id":"https:\/\/manipogo.de\/#\/schema\/person\/991913de0e39267877f234553fd7f58d"},"description":"Der franz\u00f6sische Regisseur Luc Besson hat sich des Vampirs angenommen und \"Dracula - Die Auferstehung\" gedreht, ein opulentes Kunstwerk, eher Oper als Film.","breadcrumb":{"@id":"https:\/\/manipogo.de\/?p=42655#breadcrumb"},"inLanguage":"de","potentialAction":[{"@type":"ReadAction","target":["https:\/\/manipogo.de\/?p=42655"]}]},{"@type":"ImageObject","inLanguage":"de","@id":"https:\/\/manipogo.de\/?p=42655#primaryimage","url":"https:\/\/manipogo.de\/wp-content\/uploads\/1000011917.jpg","contentUrl":"https:\/\/manipogo.de\/wp-content\/uploads\/1000011917.jpg","width":540,"height":675},{"@type":"BreadcrumbList","@id":"https:\/\/manipogo.de\/?p=42655#breadcrumb","itemListElement":[{"@type":"ListItem","position":1,"name":"Startseite","item":"https:\/\/manipogo.de\/"},{"@type":"ListItem","position":2,"name":"Graf Dracul in Paris"}]},{"@type":"WebSite","@id":"https:\/\/manipogo.de\/#website","url":"https:\/\/manipogo.de\/","name":"manipogo","description":"Gott und die Welt","potentialAction":[{"@type":"SearchAction","target":{"@type":"EntryPoint","urlTemplate":"https:\/\/manipogo.de\/?s={search_term_string}"},"query-input":{"@type":"PropertyValueSpecification","valueRequired":true,"valueName":"search_term_string"}}],"inLanguage":"de"},{"@type":"Person","@id":"https:\/\/manipogo.de\/#\/schema\/person\/991913de0e39267877f234553fd7f58d","name":"web108","url":"https:\/\/manipogo.de\/?author=1"}]}},"_links":{"self":[{"href":"https:\/\/manipogo.de\/index.php?rest_route=\/wp\/v2\/posts\/42655","targetHints":{"allow":["GET"]}}],"collection":[{"href":"https:\/\/manipogo.de\/index.php?rest_route=\/wp\/v2\/posts"}],"about":[{"href":"https:\/\/manipogo.de\/index.php?rest_route=\/wp\/v2\/types\/post"}],"author":[{"embeddable":true,"href":"https:\/\/manipogo.de\/index.php?rest_route=\/wp\/v2\/users\/1"}],"replies":[{"embeddable":true,"href":"https:\/\/manipogo.de\/index.php?rest_route=%2Fwp%2Fv2%2Fcomments&post=42655"}],"version-history":[{"count":8,"href":"https:\/\/manipogo.de\/index.php?rest_route=\/wp\/v2\/posts\/42655\/revisions"}],"predecessor-version":[{"id":42693,"href":"https:\/\/manipogo.de\/index.php?rest_route=\/wp\/v2\/posts\/42655\/revisions\/42693"}],"wp:attachment":[{"href":"https:\/\/manipogo.de\/index.php?rest_route=%2Fwp%2Fv2%2Fmedia&parent=42655"}],"wp:term":[{"taxonomy":"category","embeddable":true,"href":"https:\/\/manipogo.de\/index.php?rest_route=%2Fwp%2Fv2%2Fcategories&post=42655"},{"taxonomy":"post_tag","embeddable":true,"href":"https:\/\/manipogo.de\/index.php?rest_route=%2Fwp%2Fv2%2Ftags&post=42655"}],"curies":[{"name":"wp","href":"https:\/\/api.w.org\/{rel}","templated":true}]}}