{"id":43112,"date":"2025-12-19T01:09:58","date_gmt":"2025-12-19T00:09:58","guid":{"rendered":"https:\/\/manipogo.de\/?p=43112"},"modified":"2025-12-18T23:03:22","modified_gmt":"2025-12-18T22:03:22","slug":"bilder-aus-verlin","status":"publish","type":"post","link":"https:\/\/manipogo.de\/?p=43112","title":{"rendered":"Bilder aus Berlin"},"content":{"rendered":"<p>Machen wir es uns heute leicht: Bilder aus Berlin warten auf euch. Keine Bilder von Monumenten oder Museen. Vor 5 Wochen war ich in der Hauptstadt, die ich 7 Jahre nicht mehr besucht hatte. Sch\u00f6n wie immer der m\u00e4\u00dfige Autoverkehr in der Innenstadt, die bunten Gesch\u00e4fte mit Waren aus vielen L\u00e4ndern, die Kneipen und Bars, die mit Graffiti verzierten W\u00e4nde. <!--more--><\/p>\n<p>Beim Rauchen auf dem Balkon von Fritz, N\u00e4he Treptow. Die H\u00e4userzeile, die wir sehen, lag damals im Westen, die Mauer lief etwa auf dem gegen\u00fcberliegenden B\u00fcrgersteig dahin. Die Westler sa\u00dfen mit dem R\u00fccken zum Osten, denn zur Mauer hin waren die Toiletten und die Speisekammern untergebracht.\u00a0 Das Bild sieht nat\u00fcrlich viel spektakul\u00e4rer aus als in Wirklichkeit. Kalt war&#8217;s und sehr ruhig.<\/p>\n<p><a href=\"https:\/\/manipogo.de\/wp-content\/uploads\/1000012496-scaled.jpg\"><img loading=\"lazy\" decoding=\"async\" class=\"aligncenter wp-image-43159\" src=\"https:\/\/manipogo.de\/wp-content\/uploads\/1000012496-768x1024.jpg\" alt=\"\" width=\"540\" height=\"720\" srcset=\"https:\/\/manipogo.de\/wp-content\/uploads\/1000012496-768x1024.jpg 768w, https:\/\/manipogo.de\/wp-content\/uploads\/1000012496-225x300.jpg 225w, https:\/\/manipogo.de\/wp-content\/uploads\/1000012496-1152x1536.jpg 1152w, https:\/\/manipogo.de\/wp-content\/uploads\/1000012496-1536x2048.jpg 1536w, https:\/\/manipogo.de\/wp-content\/uploads\/1000012496-scaled.jpg 1920w\" sizes=\"auto, (max-width: 540px) 100vw, 540px\" \/><\/a><\/p>\n<p>Von hier nach links gegangen, dann viele Kilometer rechts auf der Kiefholzstra\u00dfe. Da finden wir noch eine Erinnerung. Da lief sie dahin, die Mauer.<\/p>\n<p><a href=\"https:\/\/manipogo.de\/wp-content\/uploads\/1000012571-1.jpg\"><img loading=\"lazy\" decoding=\"async\" class=\"aligncenter size-full wp-image-43160\" src=\"https:\/\/manipogo.de\/wp-content\/uploads\/1000012571-1.jpg\" alt=\"\" width=\"540\" height=\"720\" srcset=\"https:\/\/manipogo.de\/wp-content\/uploads\/1000012571-1.jpg 540w, https:\/\/manipogo.de\/wp-content\/uploads\/1000012571-1-225x300.jpg 225w\" sizes=\"auto, (max-width: 540px) 100vw, 540px\" \/><\/a><\/p>\n<p>Dann folgt eine Art Autobahn, und weiter drau\u00dfen findet man noch 2 Gedenktafeln, die auf die Menschen hinweisen, die an der Mauer starben.<\/p>\n<p><a href=\"https:\/\/manipogo.de\/wp-content\/uploads\/1000012573.jpg\"><img loading=\"lazy\" decoding=\"async\" class=\"aligncenter size-full wp-image-43523\" src=\"https:\/\/manipogo.de\/wp-content\/uploads\/1000012573.jpg\" alt=\"\" width=\"540\" height=\"315\" srcset=\"https:\/\/manipogo.de\/wp-content\/uploads\/1000012573.jpg 540w, https:\/\/manipogo.de\/wp-content\/uploads\/1000012573-300x175.jpg 300w\" sizes=\"auto, (max-width: 540px) 100vw, 540px\" \/><\/a><\/p>\n<p><a href=\"https:\/\/manipogo.de\/wp-content\/uploads\/1000012575.jpg\"><img loading=\"lazy\" decoding=\"async\" class=\"aligncenter size-full wp-image-43524\" src=\"https:\/\/manipogo.de\/wp-content\/uploads\/1000012575.jpg\" alt=\"\" width=\"540\" height=\"405\" srcset=\"https:\/\/manipogo.de\/wp-content\/uploads\/1000012575.jpg 540w, https:\/\/manipogo.de\/wp-content\/uploads\/1000012575-300x225.jpg 300w\" sizes=\"auto, (max-width: 540px) 100vw, 540px\" \/><\/a><\/p>\n<p><a href=\"https:\/\/manipogo.de\/wp-content\/uploads\/1000012578.jpg\"><img loading=\"lazy\" decoding=\"async\" class=\"aligncenter size-full wp-image-43525\" src=\"https:\/\/manipogo.de\/wp-content\/uploads\/1000012578.jpg\" alt=\"\" width=\"540\" height=\"409\" srcset=\"https:\/\/manipogo.de\/wp-content\/uploads\/1000012578.jpg 540w, https:\/\/manipogo.de\/wp-content\/uploads\/1000012578-300x227.jpg 300w\" sizes=\"auto, (max-width: 540px) 100vw, 540px\" \/><\/a><\/p>\n<p>Und auch da, wo Fritz sich entfernt, sieht man, wo die Mauer stand. Links das Abgeordnetenhaus, rechts der Gropius-Bau.<\/p>\n<p><a href=\"https:\/\/manipogo.de\/wp-content\/uploads\/1000012628-1.jpg\"><img loading=\"lazy\" decoding=\"async\" class=\"aligncenter size-full wp-image-43162\" src=\"https:\/\/manipogo.de\/wp-content\/uploads\/1000012628-1.jpg\" alt=\"\" width=\"540\" height=\"523\" srcset=\"https:\/\/manipogo.de\/wp-content\/uploads\/1000012628-1.jpg 540w, https:\/\/manipogo.de\/wp-content\/uploads\/1000012628-1-300x291.jpg 300w\" sizes=\"auto, (max-width: 540px) 100vw, 540px\" \/><\/a><\/p>\n<p>Im Gropius-Bau sahen wir die Ausstellung \u00fcber die Fotografin Diane Arbus, die noch bis zum 18. Januar 2026 zu sehen ist.<\/p>\n<p><a href=\"https:\/\/manipogo.de\/wp-content\/uploads\/1000012629.jpg\"><img loading=\"lazy\" decoding=\"async\" class=\"aligncenter size-full wp-image-43163\" src=\"https:\/\/manipogo.de\/wp-content\/uploads\/1000012629.jpg\" alt=\"\" width=\"540\" height=\"631\" srcset=\"https:\/\/manipogo.de\/wp-content\/uploads\/1000012629.jpg 540w, https:\/\/manipogo.de\/wp-content\/uploads\/1000012629-257x300.jpg 257w\" sizes=\"auto, (max-width: 540px) 100vw, 540px\" \/><\/a><\/p>\n<p>Im Flyer zur Ausstellung steht, Diane Arbus (1923-1971) gelte als eine der \u00bbvision\u00e4rsten und einflussreichsten K\u00fcnstlerinnen des 20. Jahrhunderts\u00ab, weil sie \u00bb\u00e4sthetische Konventionen radikal infrage gestellt hat\u00ab. Na ja. Erst einmal finde ich, dass man \u203avision\u00e4r\u2039 nicht steigern kann ebensowenig wie genial, und das mit den Konventionen ist so ein Schlagwort von gelangweilten Kulturjournalisten. Diane Arbus hat Menschen aus der Halbwelt New Yorks posieren lassen, und stolz wirken sie, jeder vertritt sein Selbstbild. Dem b\u00fcrgerlichen Besucher muss das unheimlich sein, ungewohnt und etwas peinlich. Arme Menschen stellen sich hin und zeigen: Schau! Das bin ich! Da f\u00e4llt manchem eben nur die Kiste mit den \u00e4sthetischen Konventionen ein.<\/p>\n<p>Als Dreingabe zeigt die T\u00e4nzerin und Aktivistin Ligia Lewis aus Ha\u00efti ihre Arbeiten. Da ging es um die Sklavenbefreiung, um das Sich-Verkleiden, und in einem stockfinsteren Raum h\u00f6rten wir ein M\u00e4rchen. Da steht man und ist so weit weg und gleichzeitig in sich drin.<\/p>\n<p><a href=\"https:\/\/manipogo.de\/wp-content\/uploads\/1000012635.jpg\"><img loading=\"lazy\" decoding=\"async\" class=\"aligncenter size-full wp-image-43164\" src=\"https:\/\/manipogo.de\/wp-content\/uploads\/1000012635.jpg\" alt=\"\" width=\"540\" height=\"467\" srcset=\"https:\/\/manipogo.de\/wp-content\/uploads\/1000012635.jpg 540w, https:\/\/manipogo.de\/wp-content\/uploads\/1000012635-300x259.jpg 300w\" sizes=\"auto, (max-width: 540px) 100vw, 540px\" \/><\/a><\/p>\n<p>Zu Fu\u00df geht man dann 10 Minuten zum Potsdamer Platz, den ich mit Fritz vor 30 Jahren noch unbebaut und verwildert erlebt habe \u2013 wie in dem Film mit den zwei Engeln von Wim Wenders, <em>Himmel \u00fcber Berlin<\/em>, glaube ich.<\/p>\n<p><a href=\"https:\/\/manipogo.de\/wp-content\/uploads\/1000012643.jpg\"><img loading=\"lazy\" decoding=\"async\" class=\"aligncenter size-full wp-image-43165\" src=\"https:\/\/manipogo.de\/wp-content\/uploads\/1000012643.jpg\" alt=\"\" width=\"540\" height=\"405\" srcset=\"https:\/\/manipogo.de\/wp-content\/uploads\/1000012643.jpg 540w, https:\/\/manipogo.de\/wp-content\/uploads\/1000012643-300x225.jpg 300w\" sizes=\"auto, (max-width: 540px) 100vw, 540px\" \/><\/a><\/p>\n<p><a href=\"https:\/\/manipogo.de\/wp-content\/uploads\/1000012644.jpg\"><img loading=\"lazy\" decoding=\"async\" class=\"aligncenter size-full wp-image-43167\" src=\"https:\/\/manipogo.de\/wp-content\/uploads\/1000012644.jpg\" alt=\"\" width=\"540\" height=\"405\" srcset=\"https:\/\/manipogo.de\/wp-content\/uploads\/1000012644.jpg 540w, https:\/\/manipogo.de\/wp-content\/uploads\/1000012644-300x225.jpg 300w\" sizes=\"auto, (max-width: 540px) 100vw, 540px\" \/><\/a><\/p>\n<p>Und dann noch 3 Fotos von einem Spaziergang Richtung Friedrichshain. Da haben wir wieder Kopfsteinpflaster und einen Geschmack des alten Ostens, das alternative Berlin und einen Schuss Erotik noch &#8230;<\/p>\n<p><a href=\"https:\/\/manipogo.de\/wp-content\/uploads\/1000012527.jpg\"><img loading=\"lazy\" decoding=\"async\" class=\"aligncenter size-full wp-image-43168\" src=\"https:\/\/manipogo.de\/wp-content\/uploads\/1000012527.jpg\" alt=\"\" width=\"540\" height=\"405\" srcset=\"https:\/\/manipogo.de\/wp-content\/uploads\/1000012527.jpg 540w, https:\/\/manipogo.de\/wp-content\/uploads\/1000012527-300x225.jpg 300w\" sizes=\"auto, (max-width: 540px) 100vw, 540px\" \/><\/a><\/p>\n<p><a href=\"https:\/\/manipogo.de\/wp-content\/uploads\/1000012528.jpg\"><img loading=\"lazy\" decoding=\"async\" class=\"aligncenter size-full wp-image-43169\" src=\"https:\/\/manipogo.de\/wp-content\/uploads\/1000012528.jpg\" alt=\"\" width=\"540\" height=\"374\" srcset=\"https:\/\/manipogo.de\/wp-content\/uploads\/1000012528.jpg 540w, https:\/\/manipogo.de\/wp-content\/uploads\/1000012528-300x208.jpg 300w\" sizes=\"auto, (max-width: 540px) 100vw, 540px\" \/><\/a><\/p>\n<p><a href=\"https:\/\/manipogo.de\/wp-content\/uploads\/1000012533.jpg\"><img loading=\"lazy\" decoding=\"async\" class=\"aligncenter size-full wp-image-43170\" src=\"https:\/\/manipogo.de\/wp-content\/uploads\/1000012533.jpg\" alt=\"\" width=\"540\" height=\"720\" srcset=\"https:\/\/manipogo.de\/wp-content\/uploads\/1000012533.jpg 540w, https:\/\/manipogo.de\/wp-content\/uploads\/1000012533-225x300.jpg 225w\" sizes=\"auto, (max-width: 540px) 100vw, 540px\" \/><\/a><\/p>\n<p>&nbsp;<\/p>\n","protected":false},"excerpt":{"rendered":"<p>Machen wir es uns heute leicht: Bilder aus Berlin warten auf euch. Keine Bilder von Monumenten oder Museen. Vor 5 Wochen war ich in der Hauptstadt, die ich 7 Jahre nicht mehr besucht hatte. Sch\u00f6n wie immer der m\u00e4\u00dfige Autoverkehr in der Innenstadt, die bunten Gesch\u00e4fte mit Waren aus vielen L\u00e4ndern, die Kneipen und Bars, [&hellip;]<\/p>\n","protected":false},"author":1,"featured_media":0,"comment_status":"closed","ping_status":"closed","sticky":false,"template":"","format":"standard","meta":{"footnotes":""},"categories":[1227],"tags":[1187,430],"class_list":["post-43112","post","type-post","status-publish","format-standard","hentry","category-reisen","tag-berlin","tag-reise"],"yoast_head":"<!-- This site is optimized with the Yoast SEO plugin v27.3 - https:\/\/yoast.com\/product\/yoast-seo-wordpress\/ -->\n<title>Bilder aus Berlin - manipogo<\/title>\n<meta name=\"description\" content=\"Von einem Besuch in Berlin Mitte November sehen wir ein paar Bilder: wo die Mauer stand, der Potsdamer Platz und Blicke dahin, wo fr\u00fcher der Osten war.\" \/>\n<meta name=\"robots\" content=\"index, follow, max-snippet:-1, max-image-preview:large, max-video-preview:-1\" \/>\n<link rel=\"canonical\" href=\"https:\/\/manipogo.de\/?p=43112\" \/>\n<meta property=\"og:locale\" content=\"de_DE\" \/>\n<meta property=\"og:type\" content=\"article\" \/>\n<meta property=\"og:title\" content=\"Bilder aus Berlin - manipogo\" \/>\n<meta property=\"og:description\" content=\"Von einem Besuch in Berlin Mitte November sehen wir ein paar Bilder: wo die Mauer stand, der Potsdamer Platz und Blicke dahin, wo fr\u00fcher der Osten war.\" \/>\n<meta property=\"og:url\" content=\"https:\/\/manipogo.de\/?p=43112\" \/>\n<meta property=\"og:site_name\" content=\"manipogo\" \/>\n<meta property=\"article:published_time\" content=\"2025-12-19T00:09:58+00:00\" \/>\n<meta property=\"og:image\" content=\"https:\/\/manipogo.de\/wp-content\/uploads\/1000012496-scaled.jpg\" \/>\n\t<meta property=\"og:image:width\" content=\"1920\" \/>\n\t<meta property=\"og:image:height\" content=\"2560\" \/>\n\t<meta property=\"og:image:type\" content=\"image\/jpeg\" \/>\n<meta name=\"author\" content=\"web108\" \/>\n<meta name=\"twitter:card\" content=\"summary_large_image\" \/>\n<meta name=\"twitter:label1\" content=\"Verfasst von\" \/>\n\t<meta name=\"twitter:data1\" content=\"web108\" \/>\n\t<meta name=\"twitter:label2\" content=\"Gesch\u00e4tzte Lesezeit\" \/>\n\t<meta name=\"twitter:data2\" content=\"5\u00a0Minuten\" \/>\n<script type=\"application\/ld+json\" class=\"yoast-schema-graph\">{\"@context\":\"https:\\\/\\\/schema.org\",\"@graph\":[{\"@type\":\"Article\",\"@id\":\"https:\\\/\\\/manipogo.de\\\/?p=43112#article\",\"isPartOf\":{\"@id\":\"https:\\\/\\\/manipogo.de\\\/?p=43112\"},\"author\":{\"name\":\"web108\",\"@id\":\"https:\\\/\\\/manipogo.de\\\/#\\\/schema\\\/person\\\/991913de0e39267877f234553fd7f58d\"},\"headline\":\"Bilder aus Berlin\",\"datePublished\":\"2025-12-19T00:09:58+00:00\",\"mainEntityOfPage\":{\"@id\":\"https:\\\/\\\/manipogo.de\\\/?p=43112\"},\"wordCount\":447,\"image\":{\"@id\":\"https:\\\/\\\/manipogo.de\\\/?p=43112#primaryimage\"},\"thumbnailUrl\":\"https:\\\/\\\/manipogo.de\\\/wp-content\\\/uploads\\\/1000012496-768x1024.jpg\",\"keywords\":[\"Berlin\",\"Reise\"],\"articleSection\":[\"Reisen\"],\"inLanguage\":\"de\"},{\"@type\":\"WebPage\",\"@id\":\"https:\\\/\\\/manipogo.de\\\/?p=43112\",\"url\":\"https:\\\/\\\/manipogo.de\\\/?p=43112\",\"name\":\"Bilder aus Berlin - manipogo\",\"isPartOf\":{\"@id\":\"https:\\\/\\\/manipogo.de\\\/#website\"},\"primaryImageOfPage\":{\"@id\":\"https:\\\/\\\/manipogo.de\\\/?p=43112#primaryimage\"},\"image\":{\"@id\":\"https:\\\/\\\/manipogo.de\\\/?p=43112#primaryimage\"},\"thumbnailUrl\":\"https:\\\/\\\/manipogo.de\\\/wp-content\\\/uploads\\\/1000012496-768x1024.jpg\",\"datePublished\":\"2025-12-19T00:09:58+00:00\",\"author\":{\"@id\":\"https:\\\/\\\/manipogo.de\\\/#\\\/schema\\\/person\\\/991913de0e39267877f234553fd7f58d\"},\"description\":\"Von einem Besuch in Berlin Mitte November sehen wir ein paar Bilder: wo die Mauer stand, der Potsdamer Platz und Blicke dahin, wo fr\u00fcher der Osten war.\",\"breadcrumb\":{\"@id\":\"https:\\\/\\\/manipogo.de\\\/?p=43112#breadcrumb\"},\"inLanguage\":\"de\",\"potentialAction\":[{\"@type\":\"ReadAction\",\"target\":[\"https:\\\/\\\/manipogo.de\\\/?p=43112\"]}]},{\"@type\":\"ImageObject\",\"inLanguage\":\"de\",\"@id\":\"https:\\\/\\\/manipogo.de\\\/?p=43112#primaryimage\",\"url\":\"https:\\\/\\\/manipogo.de\\\/wp-content\\\/uploads\\\/1000012496-scaled.jpg\",\"contentUrl\":\"https:\\\/\\\/manipogo.de\\\/wp-content\\\/uploads\\\/1000012496-scaled.jpg\",\"width\":1920,\"height\":2560},{\"@type\":\"BreadcrumbList\",\"@id\":\"https:\\\/\\\/manipogo.de\\\/?p=43112#breadcrumb\",\"itemListElement\":[{\"@type\":\"ListItem\",\"position\":1,\"name\":\"Startseite\",\"item\":\"https:\\\/\\\/manipogo.de\\\/\"},{\"@type\":\"ListItem\",\"position\":2,\"name\":\"Bilder aus Berlin\"}]},{\"@type\":\"WebSite\",\"@id\":\"https:\\\/\\\/manipogo.de\\\/#website\",\"url\":\"https:\\\/\\\/manipogo.de\\\/\",\"name\":\"manipogo\",\"description\":\"Gott und die Welt\",\"potentialAction\":[{\"@type\":\"SearchAction\",\"target\":{\"@type\":\"EntryPoint\",\"urlTemplate\":\"https:\\\/\\\/manipogo.de\\\/?s={search_term_string}\"},\"query-input\":{\"@type\":\"PropertyValueSpecification\",\"valueRequired\":true,\"valueName\":\"search_term_string\"}}],\"inLanguage\":\"de\"},{\"@type\":\"Person\",\"@id\":\"https:\\\/\\\/manipogo.de\\\/#\\\/schema\\\/person\\\/991913de0e39267877f234553fd7f58d\",\"name\":\"web108\",\"url\":\"https:\\\/\\\/manipogo.de\\\/?author=1\"}]}<\/script>\n<!-- \/ Yoast SEO plugin. -->","yoast_head_json":{"title":"Bilder aus Berlin - manipogo","description":"Von einem Besuch in Berlin Mitte November sehen wir ein paar Bilder: wo die Mauer stand, der Potsdamer Platz und Blicke dahin, wo fr\u00fcher der Osten war.","robots":{"index":"index","follow":"follow","max-snippet":"max-snippet:-1","max-image-preview":"max-image-preview:large","max-video-preview":"max-video-preview:-1"},"canonical":"https:\/\/manipogo.de\/?p=43112","og_locale":"de_DE","og_type":"article","og_title":"Bilder aus Berlin - manipogo","og_description":"Von einem Besuch in Berlin Mitte November sehen wir ein paar Bilder: wo die Mauer stand, der Potsdamer Platz und Blicke dahin, wo fr\u00fcher der Osten war.","og_url":"https:\/\/manipogo.de\/?p=43112","og_site_name":"manipogo","article_published_time":"2025-12-19T00:09:58+00:00","og_image":[{"width":1920,"height":2560,"url":"https:\/\/manipogo.de\/wp-content\/uploads\/1000012496-scaled.jpg","type":"image\/jpeg"}],"author":"web108","twitter_card":"summary_large_image","twitter_misc":{"Verfasst von":"web108","Gesch\u00e4tzte Lesezeit":"5\u00a0Minuten"},"schema":{"@context":"https:\/\/schema.org","@graph":[{"@type":"Article","@id":"https:\/\/manipogo.de\/?p=43112#article","isPartOf":{"@id":"https:\/\/manipogo.de\/?p=43112"},"author":{"name":"web108","@id":"https:\/\/manipogo.de\/#\/schema\/person\/991913de0e39267877f234553fd7f58d"},"headline":"Bilder aus Berlin","datePublished":"2025-12-19T00:09:58+00:00","mainEntityOfPage":{"@id":"https:\/\/manipogo.de\/?p=43112"},"wordCount":447,"image":{"@id":"https:\/\/manipogo.de\/?p=43112#primaryimage"},"thumbnailUrl":"https:\/\/manipogo.de\/wp-content\/uploads\/1000012496-768x1024.jpg","keywords":["Berlin","Reise"],"articleSection":["Reisen"],"inLanguage":"de"},{"@type":"WebPage","@id":"https:\/\/manipogo.de\/?p=43112","url":"https:\/\/manipogo.de\/?p=43112","name":"Bilder aus Berlin - manipogo","isPartOf":{"@id":"https:\/\/manipogo.de\/#website"},"primaryImageOfPage":{"@id":"https:\/\/manipogo.de\/?p=43112#primaryimage"},"image":{"@id":"https:\/\/manipogo.de\/?p=43112#primaryimage"},"thumbnailUrl":"https:\/\/manipogo.de\/wp-content\/uploads\/1000012496-768x1024.jpg","datePublished":"2025-12-19T00:09:58+00:00","author":{"@id":"https:\/\/manipogo.de\/#\/schema\/person\/991913de0e39267877f234553fd7f58d"},"description":"Von einem Besuch in Berlin Mitte November sehen wir ein paar Bilder: wo die Mauer stand, der Potsdamer Platz und Blicke dahin, wo fr\u00fcher der Osten war.","breadcrumb":{"@id":"https:\/\/manipogo.de\/?p=43112#breadcrumb"},"inLanguage":"de","potentialAction":[{"@type":"ReadAction","target":["https:\/\/manipogo.de\/?p=43112"]}]},{"@type":"ImageObject","inLanguage":"de","@id":"https:\/\/manipogo.de\/?p=43112#primaryimage","url":"https:\/\/manipogo.de\/wp-content\/uploads\/1000012496-scaled.jpg","contentUrl":"https:\/\/manipogo.de\/wp-content\/uploads\/1000012496-scaled.jpg","width":1920,"height":2560},{"@type":"BreadcrumbList","@id":"https:\/\/manipogo.de\/?p=43112#breadcrumb","itemListElement":[{"@type":"ListItem","position":1,"name":"Startseite","item":"https:\/\/manipogo.de\/"},{"@type":"ListItem","position":2,"name":"Bilder aus Berlin"}]},{"@type":"WebSite","@id":"https:\/\/manipogo.de\/#website","url":"https:\/\/manipogo.de\/","name":"manipogo","description":"Gott und die Welt","potentialAction":[{"@type":"SearchAction","target":{"@type":"EntryPoint","urlTemplate":"https:\/\/manipogo.de\/?s={search_term_string}"},"query-input":{"@type":"PropertyValueSpecification","valueRequired":true,"valueName":"search_term_string"}}],"inLanguage":"de"},{"@type":"Person","@id":"https:\/\/manipogo.de\/#\/schema\/person\/991913de0e39267877f234553fd7f58d","name":"web108","url":"https:\/\/manipogo.de\/?author=1"}]}},"_links":{"self":[{"href":"https:\/\/manipogo.de\/index.php?rest_route=\/wp\/v2\/posts\/43112","targetHints":{"allow":["GET"]}}],"collection":[{"href":"https:\/\/manipogo.de\/index.php?rest_route=\/wp\/v2\/posts"}],"about":[{"href":"https:\/\/manipogo.de\/index.php?rest_route=\/wp\/v2\/types\/post"}],"author":[{"embeddable":true,"href":"https:\/\/manipogo.de\/index.php?rest_route=\/wp\/v2\/users\/1"}],"replies":[{"embeddable":true,"href":"https:\/\/manipogo.de\/index.php?rest_route=%2Fwp%2Fv2%2Fcomments&post=43112"}],"version-history":[{"count":9,"href":"https:\/\/manipogo.de\/index.php?rest_route=\/wp\/v2\/posts\/43112\/revisions"}],"predecessor-version":[{"id":43527,"href":"https:\/\/manipogo.de\/index.php?rest_route=\/wp\/v2\/posts\/43112\/revisions\/43527"}],"wp:attachment":[{"href":"https:\/\/manipogo.de\/index.php?rest_route=%2Fwp%2Fv2%2Fmedia&parent=43112"}],"wp:term":[{"taxonomy":"category","embeddable":true,"href":"https:\/\/manipogo.de\/index.php?rest_route=%2Fwp%2Fv2%2Fcategories&post=43112"},{"taxonomy":"post_tag","embeddable":true,"href":"https:\/\/manipogo.de\/index.php?rest_route=%2Fwp%2Fv2%2Ftags&post=43112"}],"curies":[{"name":"wp","href":"https:\/\/api.w.org\/{rel}","templated":true}]}}