{"id":43228,"date":"2026-02-20T00:40:45","date_gmt":"2026-02-19T23:40:45","guid":{"rendered":"https:\/\/manipogo.de\/?p=43228"},"modified":"2026-02-19T00:07:44","modified_gmt":"2026-02-18T23:07:44","slug":"umberto","status":"publish","type":"post","link":"https:\/\/manipogo.de\/?p=43228","title":{"rendered":"Umberto Eco \u00fcber den Ur-Faschismus (2)"},"content":{"rendered":"<p>Hier die zweite H\u00e4lfte der 14 Punkte, die laut Eco den Ur-Faschismus kennzeichnen. Damals, 1997, war gerade die Linke in Italien an die Macht gekommen, und Berlusconi lauerte im Hintergrund. 1994 war er schon einmal Ministerpr\u00e4sident gewesen; 2001 bildete er erneut die Regierung. Man wird diese nicht als faschistisch bezeichnen k\u00f6nnen und die gegenw\u00e4rtige Rechts-Regierung Italiens auch nicht. Doch die Gefahr bleibt. <!--more--><\/p>\n<p>Nun die zweite H\u00e4lfte von Umberto Ecos Kennzeichen des Ur-Faschismus:<\/p>\n<p><a href=\"https:\/\/manipogo.de\/wp-content\/uploads\/military-other-axis-axis-of-evil-wallpaper-preview.jpg\"><img loading=\"lazy\" decoding=\"async\" class=\"aligncenter wp-image-43245\" src=\"https:\/\/manipogo.de\/wp-content\/uploads\/military-other-axis-axis-of-evil-wallpaper-preview.jpg\" alt=\"\" width=\"540\" height=\"338\" srcset=\"https:\/\/manipogo.de\/wp-content\/uploads\/military-other-axis-axis-of-evil-wallpaper-preview.jpg 728w, https:\/\/manipogo.de\/wp-content\/uploads\/military-other-axis-axis-of-evil-wallpaper-preview-300x188.jpg 300w\" sizes=\"auto, (max-width: 540px) 100vw, 540px\" \/><\/a><\/p>\n<p>8 Die Gefolgsleute der Faschisten m\u00fcssen sich von der Macht ihrer Gegner eingesch\u00fcchtert f\u00fchlen. Das Regime sagt ihnen das, doch erkl\u00e4rt ihnen auch, dass der Feind besiegbar sei; er wird einmal als schwach, dann wieder als sehr stark bezeichnet. Der Ur-Faschismus ist nicht in der Lage, seinen Gegner realistisch einzusch\u00e4tzen.<\/p>\n<p>9 Der Ur-Faschismus k\u00e4mpft nicht, um zu leben, sondern lebt, um zu k\u00e4mpfen (<em>siehe 3, die Aktion wird gepriesen<\/em>). Nach einem etwaigen Sieg sollte ein ewiger Frieden einsetzen, was dem Faschismus widerstrebt, der den permanenten Krieg bewundert. Kein faschistischer F\u00fchrer habe diesen Widerspruch l\u00f6sen k\u00f6nnen, meint Eco.<\/p>\n<p>10 Das Elitedenken zeichne jede reaktion\u00e4re Bewegung aus. Der Ur-Faschismus liebt ein popul\u00e4res Elitedenken: Jeder ist der Beste, weil in diesem Land geboren, weil zur Partei geh\u00f6rig, weil das Richtige denkend. Alles ist hierarchisch geordnet, und jeder verachtet den, der unter ihm steht.<\/p>\n<p>11 Der Ur-Faschismus predigt den Heroismus und betreibt einen Kult des Todes. Er preist den Tod als Lohn f\u00fcr ein heroisches Leben an; der Held kann es nicht erwarten zu sterben (<em>doch diese Ungeduld habe weitaus h\u00e4ufiger anderen den Tod gebracht, merkt Eco an<\/em>).<\/p>\n<p>12 Heroismus und ewiger Krieg sind schwierige Gedanken, also konzentriert sich der Ur-Faschismus auf die Sexualit\u00e4t. Und er verachtet also Frauen und wendet sich gegen Abweichungen von der Norm wie Keuschheit oder die Homosexualit\u00e4t. Eco schreibt: Auch Sexualit\u00e4t sei schwierig, also ergreife der Ur-Faschist seine Waffe, diesen Phallus-Ersatz, und seine Kriegsspiele seien auf dauerhaften <em>Penisneid<\/em> zur\u00fcckzuf\u00fchren.<\/p>\n<p><a href=\"https:\/\/manipogo.de\/wp-content\/uploads\/Mussolini_a_Trieste.jpg\"><img loading=\"lazy\" decoding=\"async\" class=\"alignright size-medium wp-image-43242\" src=\"https:\/\/manipogo.de\/wp-content\/uploads\/Mussolini_a_Trieste-300x241.jpg\" alt=\"\" width=\"300\" height=\"241\" srcset=\"https:\/\/manipogo.de\/wp-content\/uploads\/Mussolini_a_Trieste-300x241.jpg 300w, https:\/\/manipogo.de\/wp-content\/uploads\/Mussolini_a_Trieste.jpg 640w\" sizes=\"auto, (max-width: 300px) 100vw, 300px\" \/><\/a>13 Das Individuum z\u00e4hlt nichts, es z\u00e4hlt das Volk. Der Wille des Volkes ist zwar nur Fiktion (<em>der Machthaber dr\u00fcckt ihn aus<\/em>), wird aber oft beschworen. K\u00fcnftig werde es eine repr\u00e4sentative Gruppe geben, die f\u00fcr das Volk steht (<em>vielleicht eine Internet-Gefolgschaft, schreibt Eco schon 1997<\/em>). Wenn jedenfalls der Ur-Faschist das Parlament verachte, weil er diesen Willen des Volkes nicht ernst nimmt, sp\u00fcre man den Geruch des Ur-Faschismus. (<em>Rechts: Mussolini im September 1938 in Triest)<\/em><\/p>\n<p>14 Der Ur-Faschismus bedient sich einer einfachen Sprache mit einem geringen Vokabular.<\/p>\n<p>Eco zum Schluss:<\/p>\n<p><em>Der Ur-Faschismus lebt und ist um uns herum. &#8230; (Er) kann jederzeit in scheinbar unschuldigen Formen wiederkehren. Es ist unsere Pflicht, ihm die Maske vom Gesicht zu rei\u00dfen und jede seiner neuen Formen anzuprangern \u2013 jeden Tag, in jeder Ecke der Welt.<\/em><\/p>\n<p>Trump erf\u00fcllt diese Bedingungen fast alle. Er kennt nur Feinde (<em>Venezuela, Kuba, Kanada, die Migranten und L\u00e4nder, die den USA angeblich schaden; au\u00dferdem diejenigen Menschen, die fr\u00fcher gegen ihn ermittelten<\/em>), er und seine Helfer gehen gegen Frauen vor, gegen Schwarze, gegen Trans-Menschen, und er regiert einfach an Kongress und Senat vorbei. Sie z\u00e4hlen f\u00fcr ihn nicht. Wenn man daran denkt, wie unverfroren er im vergangene Jahr vorging (<em>er begnadigte notorische Kriminelle, verh\u00e4ngte im Alleingang Z\u00f6lle, jeden Tag dekretierte er etwas: handeln statt nachdenken!<\/em>), fehlen einem die Worte.<\/p>\n","protected":false},"excerpt":{"rendered":"<p>Hier die zweite H\u00e4lfte der 14 Punkte, die laut Eco den Ur-Faschismus kennzeichnen. Damals, 1997, war gerade die Linke in Italien an die Macht gekommen, und Berlusconi lauerte im Hintergrund. 1994 war er schon einmal Ministerpr\u00e4sident gewesen; 2001 bildete er erneut die Regierung. Man wird diese nicht als faschistisch bezeichnen k\u00f6nnen und die gegenw\u00e4rtige Rechts-Regierung [&hellip;]<\/p>\n","protected":false},"author":1,"featured_media":0,"comment_status":"closed","ping_status":"closed","sticky":false,"template":"","format":"standard","meta":{"footnotes":""},"categories":[5],"tags":[2825,1302],"class_list":["post-43228","post","type-post","status-publish","format-standard","hentry","category-leben-heute","tag-analyse","tag-faschismus"],"yoast_head":"<!-- This site is optimized with the Yoast SEO plugin v27.3 - https:\/\/yoast.com\/product\/yoast-seo-wordpress\/ -->\n<title>Umberto Eco \u00fcber den Ur-Faschismus (2) - manipogo<\/title>\n<meta name=\"description\" content=\"Die Gedanken \u00fcber den Ur-Faschismus ver\u00f6ffentlichte Eco 1997. Sie sind noch unglaublich aktuell, sie treffen ziemlich genau auf US-Pr\u00e4sident Trump und seine MAGA-Bewegung zu.\" \/>\n<meta name=\"robots\" content=\"index, follow, max-snippet:-1, max-image-preview:large, max-video-preview:-1\" \/>\n<link rel=\"canonical\" href=\"https:\/\/manipogo.de\/?p=43228\" \/>\n<meta property=\"og:locale\" content=\"de_DE\" \/>\n<meta property=\"og:type\" content=\"article\" \/>\n<meta property=\"og:title\" content=\"Umberto Eco \u00fcber den Ur-Faschismus (2) - manipogo\" \/>\n<meta property=\"og:description\" content=\"Die Gedanken \u00fcber den Ur-Faschismus ver\u00f6ffentlichte Eco 1997. Sie sind noch unglaublich aktuell, sie treffen ziemlich genau auf US-Pr\u00e4sident Trump und seine MAGA-Bewegung zu.\" \/>\n<meta property=\"og:url\" content=\"https:\/\/manipogo.de\/?p=43228\" \/>\n<meta property=\"og:site_name\" content=\"manipogo\" \/>\n<meta property=\"article:published_time\" content=\"2026-02-19T23:40:45+00:00\" \/>\n<meta property=\"og:image\" content=\"https:\/\/manipogo.de\/wp-content\/uploads\/military-other-axis-axis-of-evil-wallpaper-preview.jpg\" \/>\n\t<meta property=\"og:image:width\" content=\"728\" \/>\n\t<meta property=\"og:image:height\" content=\"455\" \/>\n\t<meta property=\"og:image:type\" content=\"image\/jpeg\" \/>\n<meta name=\"author\" content=\"web108\" \/>\n<meta name=\"twitter:card\" content=\"summary_large_image\" \/>\n<meta name=\"twitter:label1\" content=\"Verfasst von\" \/>\n\t<meta name=\"twitter:data1\" content=\"web108\" \/>\n\t<meta name=\"twitter:label2\" content=\"Gesch\u00e4tzte Lesezeit\" \/>\n\t<meta name=\"twitter:data2\" content=\"4\u00a0Minuten\" \/>\n<script type=\"application\/ld+json\" class=\"yoast-schema-graph\">{\"@context\":\"https:\\\/\\\/schema.org\",\"@graph\":[{\"@type\":\"Article\",\"@id\":\"https:\\\/\\\/manipogo.de\\\/?p=43228#article\",\"isPartOf\":{\"@id\":\"https:\\\/\\\/manipogo.de\\\/?p=43228\"},\"author\":{\"name\":\"web108\",\"@id\":\"https:\\\/\\\/manipogo.de\\\/#\\\/schema\\\/person\\\/991913de0e39267877f234553fd7f58d\"},\"headline\":\"Umberto Eco \u00fcber den Ur-Faschismus (2)\",\"datePublished\":\"2026-02-19T23:40:45+00:00\",\"mainEntityOfPage\":{\"@id\":\"https:\\\/\\\/manipogo.de\\\/?p=43228\"},\"wordCount\":560,\"image\":{\"@id\":\"https:\\\/\\\/manipogo.de\\\/?p=43228#primaryimage\"},\"thumbnailUrl\":\"https:\\\/\\\/manipogo.de\\\/wp-content\\\/uploads\\\/military-other-axis-axis-of-evil-wallpaper-preview.jpg\",\"keywords\":[\"Analyse\",\"Faschismus\"],\"articleSection\":[\"Leben heute\"],\"inLanguage\":\"de\"},{\"@type\":\"WebPage\",\"@id\":\"https:\\\/\\\/manipogo.de\\\/?p=43228\",\"url\":\"https:\\\/\\\/manipogo.de\\\/?p=43228\",\"name\":\"Umberto Eco \u00fcber den Ur-Faschismus (2) - manipogo\",\"isPartOf\":{\"@id\":\"https:\\\/\\\/manipogo.de\\\/#website\"},\"primaryImageOfPage\":{\"@id\":\"https:\\\/\\\/manipogo.de\\\/?p=43228#primaryimage\"},\"image\":{\"@id\":\"https:\\\/\\\/manipogo.de\\\/?p=43228#primaryimage\"},\"thumbnailUrl\":\"https:\\\/\\\/manipogo.de\\\/wp-content\\\/uploads\\\/military-other-axis-axis-of-evil-wallpaper-preview.jpg\",\"datePublished\":\"2026-02-19T23:40:45+00:00\",\"author\":{\"@id\":\"https:\\\/\\\/manipogo.de\\\/#\\\/schema\\\/person\\\/991913de0e39267877f234553fd7f58d\"},\"description\":\"Die Gedanken \u00fcber den Ur-Faschismus ver\u00f6ffentlichte Eco 1997. Sie sind noch unglaublich aktuell, sie treffen ziemlich genau auf US-Pr\u00e4sident Trump und seine MAGA-Bewegung zu.\",\"breadcrumb\":{\"@id\":\"https:\\\/\\\/manipogo.de\\\/?p=43228#breadcrumb\"},\"inLanguage\":\"de\",\"potentialAction\":[{\"@type\":\"ReadAction\",\"target\":[\"https:\\\/\\\/manipogo.de\\\/?p=43228\"]}]},{\"@type\":\"ImageObject\",\"inLanguage\":\"de\",\"@id\":\"https:\\\/\\\/manipogo.de\\\/?p=43228#primaryimage\",\"url\":\"https:\\\/\\\/manipogo.de\\\/wp-content\\\/uploads\\\/military-other-axis-axis-of-evil-wallpaper-preview.jpg\",\"contentUrl\":\"https:\\\/\\\/manipogo.de\\\/wp-content\\\/uploads\\\/military-other-axis-axis-of-evil-wallpaper-preview.jpg\"},{\"@type\":\"BreadcrumbList\",\"@id\":\"https:\\\/\\\/manipogo.de\\\/?p=43228#breadcrumb\",\"itemListElement\":[{\"@type\":\"ListItem\",\"position\":1,\"name\":\"Startseite\",\"item\":\"https:\\\/\\\/manipogo.de\\\/\"},{\"@type\":\"ListItem\",\"position\":2,\"name\":\"Umberto Eco \u00fcber den Ur-Faschismus (2)\"}]},{\"@type\":\"WebSite\",\"@id\":\"https:\\\/\\\/manipogo.de\\\/#website\",\"url\":\"https:\\\/\\\/manipogo.de\\\/\",\"name\":\"manipogo\",\"description\":\"Gott und die Welt\",\"potentialAction\":[{\"@type\":\"SearchAction\",\"target\":{\"@type\":\"EntryPoint\",\"urlTemplate\":\"https:\\\/\\\/manipogo.de\\\/?s={search_term_string}\"},\"query-input\":{\"@type\":\"PropertyValueSpecification\",\"valueRequired\":true,\"valueName\":\"search_term_string\"}}],\"inLanguage\":\"de\"},{\"@type\":\"Person\",\"@id\":\"https:\\\/\\\/manipogo.de\\\/#\\\/schema\\\/person\\\/991913de0e39267877f234553fd7f58d\",\"name\":\"web108\",\"url\":\"https:\\\/\\\/manipogo.de\\\/?author=1\"}]}<\/script>\n<!-- \/ Yoast SEO plugin. -->","yoast_head_json":{"title":"Umberto Eco \u00fcber den Ur-Faschismus (2) - manipogo","description":"Die Gedanken \u00fcber den Ur-Faschismus ver\u00f6ffentlichte Eco 1997. Sie sind noch unglaublich aktuell, sie treffen ziemlich genau auf US-Pr\u00e4sident Trump und seine MAGA-Bewegung zu.","robots":{"index":"index","follow":"follow","max-snippet":"max-snippet:-1","max-image-preview":"max-image-preview:large","max-video-preview":"max-video-preview:-1"},"canonical":"https:\/\/manipogo.de\/?p=43228","og_locale":"de_DE","og_type":"article","og_title":"Umberto Eco \u00fcber den Ur-Faschismus (2) - manipogo","og_description":"Die Gedanken \u00fcber den Ur-Faschismus ver\u00f6ffentlichte Eco 1997. Sie sind noch unglaublich aktuell, sie treffen ziemlich genau auf US-Pr\u00e4sident Trump und seine MAGA-Bewegung zu.","og_url":"https:\/\/manipogo.de\/?p=43228","og_site_name":"manipogo","article_published_time":"2026-02-19T23:40:45+00:00","og_image":[{"width":728,"height":455,"url":"https:\/\/manipogo.de\/wp-content\/uploads\/military-other-axis-axis-of-evil-wallpaper-preview.jpg","type":"image\/jpeg"}],"author":"web108","twitter_card":"summary_large_image","twitter_misc":{"Verfasst von":"web108","Gesch\u00e4tzte Lesezeit":"4\u00a0Minuten"},"schema":{"@context":"https:\/\/schema.org","@graph":[{"@type":"Article","@id":"https:\/\/manipogo.de\/?p=43228#article","isPartOf":{"@id":"https:\/\/manipogo.de\/?p=43228"},"author":{"name":"web108","@id":"https:\/\/manipogo.de\/#\/schema\/person\/991913de0e39267877f234553fd7f58d"},"headline":"Umberto Eco \u00fcber den Ur-Faschismus (2)","datePublished":"2026-02-19T23:40:45+00:00","mainEntityOfPage":{"@id":"https:\/\/manipogo.de\/?p=43228"},"wordCount":560,"image":{"@id":"https:\/\/manipogo.de\/?p=43228#primaryimage"},"thumbnailUrl":"https:\/\/manipogo.de\/wp-content\/uploads\/military-other-axis-axis-of-evil-wallpaper-preview.jpg","keywords":["Analyse","Faschismus"],"articleSection":["Leben heute"],"inLanguage":"de"},{"@type":"WebPage","@id":"https:\/\/manipogo.de\/?p=43228","url":"https:\/\/manipogo.de\/?p=43228","name":"Umberto Eco \u00fcber den Ur-Faschismus (2) - manipogo","isPartOf":{"@id":"https:\/\/manipogo.de\/#website"},"primaryImageOfPage":{"@id":"https:\/\/manipogo.de\/?p=43228#primaryimage"},"image":{"@id":"https:\/\/manipogo.de\/?p=43228#primaryimage"},"thumbnailUrl":"https:\/\/manipogo.de\/wp-content\/uploads\/military-other-axis-axis-of-evil-wallpaper-preview.jpg","datePublished":"2026-02-19T23:40:45+00:00","author":{"@id":"https:\/\/manipogo.de\/#\/schema\/person\/991913de0e39267877f234553fd7f58d"},"description":"Die Gedanken \u00fcber den Ur-Faschismus ver\u00f6ffentlichte Eco 1997. Sie sind noch unglaublich aktuell, sie treffen ziemlich genau auf US-Pr\u00e4sident Trump und seine MAGA-Bewegung zu.","breadcrumb":{"@id":"https:\/\/manipogo.de\/?p=43228#breadcrumb"},"inLanguage":"de","potentialAction":[{"@type":"ReadAction","target":["https:\/\/manipogo.de\/?p=43228"]}]},{"@type":"ImageObject","inLanguage":"de","@id":"https:\/\/manipogo.de\/?p=43228#primaryimage","url":"https:\/\/manipogo.de\/wp-content\/uploads\/military-other-axis-axis-of-evil-wallpaper-preview.jpg","contentUrl":"https:\/\/manipogo.de\/wp-content\/uploads\/military-other-axis-axis-of-evil-wallpaper-preview.jpg"},{"@type":"BreadcrumbList","@id":"https:\/\/manipogo.de\/?p=43228#breadcrumb","itemListElement":[{"@type":"ListItem","position":1,"name":"Startseite","item":"https:\/\/manipogo.de\/"},{"@type":"ListItem","position":2,"name":"Umberto Eco \u00fcber den Ur-Faschismus (2)"}]},{"@type":"WebSite","@id":"https:\/\/manipogo.de\/#website","url":"https:\/\/manipogo.de\/","name":"manipogo","description":"Gott und die Welt","potentialAction":[{"@type":"SearchAction","target":{"@type":"EntryPoint","urlTemplate":"https:\/\/manipogo.de\/?s={search_term_string}"},"query-input":{"@type":"PropertyValueSpecification","valueRequired":true,"valueName":"search_term_string"}}],"inLanguage":"de"},{"@type":"Person","@id":"https:\/\/manipogo.de\/#\/schema\/person\/991913de0e39267877f234553fd7f58d","name":"web108","url":"https:\/\/manipogo.de\/?author=1"}]}},"_links":{"self":[{"href":"https:\/\/manipogo.de\/index.php?rest_route=\/wp\/v2\/posts\/43228","targetHints":{"allow":["GET"]}}],"collection":[{"href":"https:\/\/manipogo.de\/index.php?rest_route=\/wp\/v2\/posts"}],"about":[{"href":"https:\/\/manipogo.de\/index.php?rest_route=\/wp\/v2\/types\/post"}],"author":[{"embeddable":true,"href":"https:\/\/manipogo.de\/index.php?rest_route=\/wp\/v2\/users\/1"}],"replies":[{"embeddable":true,"href":"https:\/\/manipogo.de\/index.php?rest_route=%2Fwp%2Fv2%2Fcomments&post=43228"}],"version-history":[{"count":9,"href":"https:\/\/manipogo.de\/index.php?rest_route=\/wp\/v2\/posts\/43228\/revisions"}],"predecessor-version":[{"id":44441,"href":"https:\/\/manipogo.de\/index.php?rest_route=\/wp\/v2\/posts\/43228\/revisions\/44441"}],"wp:attachment":[{"href":"https:\/\/manipogo.de\/index.php?rest_route=%2Fwp%2Fv2%2Fmedia&parent=43228"}],"wp:term":[{"taxonomy":"category","embeddable":true,"href":"https:\/\/manipogo.de\/index.php?rest_route=%2Fwp%2Fv2%2Fcategories&post=43228"},{"taxonomy":"post_tag","embeddable":true,"href":"https:\/\/manipogo.de\/index.php?rest_route=%2Fwp%2Fv2%2Ftags&post=43228"}],"curies":[{"name":"wp","href":"https:\/\/api.w.org\/{rel}","templated":true}]}}