{"id":43620,"date":"2026-01-19T00:07:42","date_gmt":"2026-01-18T23:07:42","guid":{"rendered":"https:\/\/manipogo.de\/?p=43620"},"modified":"2026-01-19T00:53:18","modified_gmt":"2026-01-18T23:53:18","slug":"juden-in-prag","status":"publish","type":"post","link":"https:\/\/manipogo.de\/?p=43620","title":{"rendered":"Die Juden in Prag"},"content":{"rendered":"<p>Kafka war an der j\u00fcdischen \u00dcberlieferung interessiert und lie\u00df sich von ihr inspirieren. Das alte Viertel in Prag, in dem die Juden dicht gedr\u00e4ngt lebten (20.000, wo eigentlich nur Platz f\u00fcr 6000 war) wurde jedoch ab 1895 (Kafka war da 12 Jahre alt) zehn Jahre lang saniert und modernisiert. Da ging viel Tradition verloren, doch die Menschen lebten besser. <!--more--><\/p>\n<p>Das echte alte Judentum gab es noch in Osten Polens, bis die Nationalsozialisten alles ausradierten und die Bewohner ins Gas schickten. Das Prager Judenviertel tritt uns in der Literatur in dem Buch <em>Der Golem<\/em> von Gustav Meyrink entgegen, ver\u00f6ffentlicht 1915. Athanasius Pernath wird am Ende aus einer Heilanstalt entlassen und sucht das Viertel auf, doch es ist 9 Monate zuvor abgerissen worden. Er hat auch Visionen dort und meint, fr\u00fchere Bekannte zu treffen. <em>Wikipedia<\/em> hat die Handlung des Romans <a href=\"https:\/\/de.wikipedia.org\/wiki\/Der_Golem\">derart genau geschildert<\/a>, dass sich eine Lekt\u00fcre fast er\u00fcbrigt. Fast. Was ist eine Schilderung einer Romanhandlung verglichen mit dem echten Roman? Das ist, wie das Bordhandbuch eines Autos zu lesen statt es zu fahren.<\/p>\n<p>Es gibt noch einige Bilder vom alten Prag, als Franz Kafka noch die Gassen durchstreifte. Vom j\u00fcdischen Viertel sind nur wenige Reste vorhanden. Ein paar Bilder.<\/p>\n<div id=\"attachment_43621\" style=\"width: 550px\" class=\"wp-caption aligncenter\"><a href=\"https:\/\/manipogo.de\/wp-content\/uploads\/1000014586.jpg\"><img loading=\"lazy\" decoding=\"async\" aria-describedby=\"caption-attachment-43621\" class=\"size-full wp-image-43621\" src=\"https:\/\/manipogo.de\/wp-content\/uploads\/1000014586.jpg\" alt=\"\" width=\"540\" height=\"405\" srcset=\"https:\/\/manipogo.de\/wp-content\/uploads\/1000014586.jpg 540w, https:\/\/manipogo.de\/wp-content\/uploads\/1000014586-300x225.jpg 300w\" sizes=\"auto, (max-width: 540px) 100vw, 540px\" \/><\/a><p id=\"caption-attachment-43621\" class=\"wp-caption-text\">So lebte man in Prag Anfang des 20. Jahrhunderts<\/p><\/div>\n<p>&nbsp;<\/p>\n<div id=\"attachment_43622\" style=\"width: 550px\" class=\"wp-caption aligncenter\"><a href=\"https:\/\/manipogo.de\/wp-content\/uploads\/1000014590.jpg\"><img loading=\"lazy\" decoding=\"async\" aria-describedby=\"caption-attachment-43622\" class=\"wp-image-43622 size-full\" src=\"https:\/\/manipogo.de\/wp-content\/uploads\/1000014590.jpg\" alt=\"\" width=\"540\" height=\"720\" srcset=\"https:\/\/manipogo.de\/wp-content\/uploads\/1000014590.jpg 540w, https:\/\/manipogo.de\/wp-content\/uploads\/1000014590-225x300.jpg 225w\" sizes=\"auto, (max-width: 540px) 100vw, 540px\" \/><\/a><p id=\"caption-attachment-43622\" class=\"wp-caption-text\">Die Bilder sind aus dem Kafka-Museum<\/p><\/div>\n<p>&nbsp;<\/p>\n<div id=\"attachment_43623\" style=\"width: 550px\" class=\"wp-caption aligncenter\"><a href=\"https:\/\/manipogo.de\/wp-content\/uploads\/1000014401.jpg\"><img loading=\"lazy\" decoding=\"async\" aria-describedby=\"caption-attachment-43623\" class=\"size-full wp-image-43623\" src=\"https:\/\/manipogo.de\/wp-content\/uploads\/1000014401.jpg\" alt=\"\" width=\"540\" height=\"715\" srcset=\"https:\/\/manipogo.de\/wp-content\/uploads\/1000014401.jpg 540w, https:\/\/manipogo.de\/wp-content\/uploads\/1000014401-227x300.jpg 227w\" sizes=\"auto, (max-width: 540px) 100vw, 540px\" \/><\/a><p id=\"caption-attachment-43623\" class=\"wp-caption-text\">Eine Kirche mit dem Davidstern<\/p><\/div>\n<p>&nbsp;<\/p>\n<div id=\"attachment_43624\" style=\"width: 550px\" class=\"wp-caption aligncenter\"><a href=\"https:\/\/manipogo.de\/wp-content\/uploads\/1000014404.jpg\"><img loading=\"lazy\" decoding=\"async\" aria-describedby=\"caption-attachment-43624\" class=\"size-full wp-image-43624\" src=\"https:\/\/manipogo.de\/wp-content\/uploads\/1000014404.jpg\" alt=\"\" width=\"540\" height=\"327\" srcset=\"https:\/\/manipogo.de\/wp-content\/uploads\/1000014404.jpg 540w, https:\/\/manipogo.de\/wp-content\/uploads\/1000014404-300x182.jpg 300w\" sizes=\"auto, (max-width: 540px) 100vw, 540px\" \/><\/a><p id=\"caption-attachment-43624\" class=\"wp-caption-text\">Der j\u00fcdische Friedhof oben neben der Kirche<\/p><\/div>\n<p>&nbsp;<\/p>\n<p><a href=\"https:\/\/manipogo.de\/wp-content\/uploads\/1000014402.jpg\"><img loading=\"lazy\" decoding=\"async\" class=\"aligncenter size-full wp-image-43625\" src=\"https:\/\/manipogo.de\/wp-content\/uploads\/1000014402.jpg\" alt=\"\" width=\"540\" height=\"405\" srcset=\"https:\/\/manipogo.de\/wp-content\/uploads\/1000014402.jpg 540w, https:\/\/manipogo.de\/wp-content\/uploads\/1000014402-300x225.jpg 300w\" sizes=\"auto, (max-width: 540px) 100vw, 540px\" \/><\/a><\/p>\n<div id=\"attachment_43626\" style=\"width: 550px\" class=\"wp-caption aligncenter\"><a href=\"https:\/\/manipogo.de\/wp-content\/uploads\/1000014406.jpg\"><img loading=\"lazy\" decoding=\"async\" aria-describedby=\"caption-attachment-43626\" class=\"size-full wp-image-43626\" src=\"https:\/\/manipogo.de\/wp-content\/uploads\/1000014406.jpg\" alt=\"\" width=\"540\" height=\"323\" srcset=\"https:\/\/manipogo.de\/wp-content\/uploads\/1000014406.jpg 540w, https:\/\/manipogo.de\/wp-content\/uploads\/1000014406-300x179.jpg 300w\" sizes=\"auto, (max-width: 540px) 100vw, 540px\" \/><\/a><p id=\"caption-attachment-43626\" class=\"wp-caption-text\">Ein Ring als j\u00fcdisches Symbol: der Siegelring von K\u00f6nig Salomo und David, und bei Hochzeiten ist er wichtig<\/p><\/div>\n<p>&nbsp;<\/p>\n<p>&nbsp;<\/p>\n","protected":false},"excerpt":{"rendered":"<p>Kafka war an der j\u00fcdischen \u00dcberlieferung interessiert und lie\u00df sich von ihr inspirieren. Das alte Viertel in Prag, in dem die Juden dicht gedr\u00e4ngt lebten (20.000, wo eigentlich nur Platz f\u00fcr 6000 war) wurde jedoch ab 1895 (Kafka war da 12 Jahre alt) zehn Jahre lang saniert und modernisiert. Da ging viel Tradition verloren, doch [&hellip;]<\/p>\n","protected":false},"author":1,"featured_media":0,"comment_status":"closed","ping_status":"closed","sticky":false,"template":"","format":"standard","meta":{"footnotes":""},"categories":[1227],"tags":[1467,1456],"class_list":["post-43620","post","type-post","status-publish","format-standard","hentry","category-reisen","tag-juden","tag-prag"],"yoast_head":"<!-- This site is optimized with the Yoast SEO plugin v27.3 - https:\/\/yoast.com\/product\/yoast-seo-wordpress\/ -->\n<title>Die Juden in Prag - manipogo<\/title>\n<meta name=\"description\" content=\"Das j\u00fcdische Viertel in Prag, in dem die Menschen dicht gedr\u00e4ngt lebten, wurde von 1895 bis 1905 angerissen und saniert. Nur noch wenige Reste des Alten sind vorhanden.\" \/>\n<meta name=\"robots\" content=\"index, follow, max-snippet:-1, max-image-preview:large, max-video-preview:-1\" \/>\n<link rel=\"canonical\" href=\"https:\/\/manipogo.de\/?p=43620\" \/>\n<meta property=\"og:locale\" content=\"de_DE\" \/>\n<meta property=\"og:type\" content=\"article\" \/>\n<meta property=\"og:title\" content=\"Die Juden in Prag - manipogo\" \/>\n<meta property=\"og:description\" content=\"Das j\u00fcdische Viertel in Prag, in dem die Menschen dicht gedr\u00e4ngt lebten, wurde von 1895 bis 1905 angerissen und saniert. Nur noch wenige Reste des Alten sind vorhanden.\" \/>\n<meta property=\"og:url\" content=\"https:\/\/manipogo.de\/?p=43620\" \/>\n<meta property=\"og:site_name\" content=\"manipogo\" \/>\n<meta property=\"article:published_time\" content=\"2026-01-18T23:07:42+00:00\" \/>\n<meta property=\"article:modified_time\" content=\"2026-01-18T23:53:18+00:00\" \/>\n<meta property=\"og:image\" content=\"https:\/\/manipogo.de\/wp-content\/uploads\/1000014586.jpg\" \/>\n\t<meta property=\"og:image:width\" content=\"540\" \/>\n\t<meta property=\"og:image:height\" content=\"405\" \/>\n\t<meta property=\"og:image:type\" content=\"image\/jpeg\" \/>\n<meta name=\"author\" content=\"web108\" \/>\n<meta name=\"twitter:card\" content=\"summary_large_image\" \/>\n<meta name=\"twitter:label1\" content=\"Verfasst von\" \/>\n\t<meta name=\"twitter:data1\" content=\"web108\" \/>\n\t<meta name=\"twitter:label2\" content=\"Gesch\u00e4tzte Lesezeit\" \/>\n\t<meta name=\"twitter:data2\" content=\"3\u00a0Minuten\" \/>\n<script type=\"application\/ld+json\" class=\"yoast-schema-graph\">{\"@context\":\"https:\\\/\\\/schema.org\",\"@graph\":[{\"@type\":\"Article\",\"@id\":\"https:\\\/\\\/manipogo.de\\\/?p=43620#article\",\"isPartOf\":{\"@id\":\"https:\\\/\\\/manipogo.de\\\/?p=43620\"},\"author\":{\"name\":\"web108\",\"@id\":\"https:\\\/\\\/manipogo.de\\\/#\\\/schema\\\/person\\\/991913de0e39267877f234553fd7f58d\"},\"headline\":\"Die Juden in Prag\",\"datePublished\":\"2026-01-18T23:07:42+00:00\",\"dateModified\":\"2026-01-18T23:53:18+00:00\",\"mainEntityOfPage\":{\"@id\":\"https:\\\/\\\/manipogo.de\\\/?p=43620\"},\"wordCount\":292,\"image\":{\"@id\":\"https:\\\/\\\/manipogo.de\\\/?p=43620#primaryimage\"},\"thumbnailUrl\":\"https:\\\/\\\/manipogo.de\\\/wp-content\\\/uploads\\\/1000014586.jpg\",\"keywords\":[\"Juden\",\"Prag\"],\"articleSection\":[\"Reisen\"],\"inLanguage\":\"de\"},{\"@type\":\"WebPage\",\"@id\":\"https:\\\/\\\/manipogo.de\\\/?p=43620\",\"url\":\"https:\\\/\\\/manipogo.de\\\/?p=43620\",\"name\":\"Die Juden in Prag - manipogo\",\"isPartOf\":{\"@id\":\"https:\\\/\\\/manipogo.de\\\/#website\"},\"primaryImageOfPage\":{\"@id\":\"https:\\\/\\\/manipogo.de\\\/?p=43620#primaryimage\"},\"image\":{\"@id\":\"https:\\\/\\\/manipogo.de\\\/?p=43620#primaryimage\"},\"thumbnailUrl\":\"https:\\\/\\\/manipogo.de\\\/wp-content\\\/uploads\\\/1000014586.jpg\",\"datePublished\":\"2026-01-18T23:07:42+00:00\",\"dateModified\":\"2026-01-18T23:53:18+00:00\",\"author\":{\"@id\":\"https:\\\/\\\/manipogo.de\\\/#\\\/schema\\\/person\\\/991913de0e39267877f234553fd7f58d\"},\"description\":\"Das j\u00fcdische Viertel in Prag, in dem die Menschen dicht gedr\u00e4ngt lebten, wurde von 1895 bis 1905 angerissen und saniert. Nur noch wenige Reste des Alten sind vorhanden.\",\"breadcrumb\":{\"@id\":\"https:\\\/\\\/manipogo.de\\\/?p=43620#breadcrumb\"},\"inLanguage\":\"de\",\"potentialAction\":[{\"@type\":\"ReadAction\",\"target\":[\"https:\\\/\\\/manipogo.de\\\/?p=43620\"]}]},{\"@type\":\"ImageObject\",\"inLanguage\":\"de\",\"@id\":\"https:\\\/\\\/manipogo.de\\\/?p=43620#primaryimage\",\"url\":\"https:\\\/\\\/manipogo.de\\\/wp-content\\\/uploads\\\/1000014586.jpg\",\"contentUrl\":\"https:\\\/\\\/manipogo.de\\\/wp-content\\\/uploads\\\/1000014586.jpg\"},{\"@type\":\"BreadcrumbList\",\"@id\":\"https:\\\/\\\/manipogo.de\\\/?p=43620#breadcrumb\",\"itemListElement\":[{\"@type\":\"ListItem\",\"position\":1,\"name\":\"Startseite\",\"item\":\"https:\\\/\\\/manipogo.de\\\/\"},{\"@type\":\"ListItem\",\"position\":2,\"name\":\"Die Juden in Prag\"}]},{\"@type\":\"WebSite\",\"@id\":\"https:\\\/\\\/manipogo.de\\\/#website\",\"url\":\"https:\\\/\\\/manipogo.de\\\/\",\"name\":\"manipogo\",\"description\":\"Gott und die Welt\",\"potentialAction\":[{\"@type\":\"SearchAction\",\"target\":{\"@type\":\"EntryPoint\",\"urlTemplate\":\"https:\\\/\\\/manipogo.de\\\/?s={search_term_string}\"},\"query-input\":{\"@type\":\"PropertyValueSpecification\",\"valueRequired\":true,\"valueName\":\"search_term_string\"}}],\"inLanguage\":\"de\"},{\"@type\":\"Person\",\"@id\":\"https:\\\/\\\/manipogo.de\\\/#\\\/schema\\\/person\\\/991913de0e39267877f234553fd7f58d\",\"name\":\"web108\",\"url\":\"https:\\\/\\\/manipogo.de\\\/?author=1\"}]}<\/script>\n<!-- \/ Yoast SEO plugin. -->","yoast_head_json":{"title":"Die Juden in Prag - manipogo","description":"Das j\u00fcdische Viertel in Prag, in dem die Menschen dicht gedr\u00e4ngt lebten, wurde von 1895 bis 1905 angerissen und saniert. Nur noch wenige Reste des Alten sind vorhanden.","robots":{"index":"index","follow":"follow","max-snippet":"max-snippet:-1","max-image-preview":"max-image-preview:large","max-video-preview":"max-video-preview:-1"},"canonical":"https:\/\/manipogo.de\/?p=43620","og_locale":"de_DE","og_type":"article","og_title":"Die Juden in Prag - manipogo","og_description":"Das j\u00fcdische Viertel in Prag, in dem die Menschen dicht gedr\u00e4ngt lebten, wurde von 1895 bis 1905 angerissen und saniert. Nur noch wenige Reste des Alten sind vorhanden.","og_url":"https:\/\/manipogo.de\/?p=43620","og_site_name":"manipogo","article_published_time":"2026-01-18T23:07:42+00:00","article_modified_time":"2026-01-18T23:53:18+00:00","og_image":[{"width":540,"height":405,"url":"https:\/\/manipogo.de\/wp-content\/uploads\/1000014586.jpg","type":"image\/jpeg"}],"author":"web108","twitter_card":"summary_large_image","twitter_misc":{"Verfasst von":"web108","Gesch\u00e4tzte Lesezeit":"3\u00a0Minuten"},"schema":{"@context":"https:\/\/schema.org","@graph":[{"@type":"Article","@id":"https:\/\/manipogo.de\/?p=43620#article","isPartOf":{"@id":"https:\/\/manipogo.de\/?p=43620"},"author":{"name":"web108","@id":"https:\/\/manipogo.de\/#\/schema\/person\/991913de0e39267877f234553fd7f58d"},"headline":"Die Juden in Prag","datePublished":"2026-01-18T23:07:42+00:00","dateModified":"2026-01-18T23:53:18+00:00","mainEntityOfPage":{"@id":"https:\/\/manipogo.de\/?p=43620"},"wordCount":292,"image":{"@id":"https:\/\/manipogo.de\/?p=43620#primaryimage"},"thumbnailUrl":"https:\/\/manipogo.de\/wp-content\/uploads\/1000014586.jpg","keywords":["Juden","Prag"],"articleSection":["Reisen"],"inLanguage":"de"},{"@type":"WebPage","@id":"https:\/\/manipogo.de\/?p=43620","url":"https:\/\/manipogo.de\/?p=43620","name":"Die Juden in Prag - manipogo","isPartOf":{"@id":"https:\/\/manipogo.de\/#website"},"primaryImageOfPage":{"@id":"https:\/\/manipogo.de\/?p=43620#primaryimage"},"image":{"@id":"https:\/\/manipogo.de\/?p=43620#primaryimage"},"thumbnailUrl":"https:\/\/manipogo.de\/wp-content\/uploads\/1000014586.jpg","datePublished":"2026-01-18T23:07:42+00:00","dateModified":"2026-01-18T23:53:18+00:00","author":{"@id":"https:\/\/manipogo.de\/#\/schema\/person\/991913de0e39267877f234553fd7f58d"},"description":"Das j\u00fcdische Viertel in Prag, in dem die Menschen dicht gedr\u00e4ngt lebten, wurde von 1895 bis 1905 angerissen und saniert. Nur noch wenige Reste des Alten sind vorhanden.","breadcrumb":{"@id":"https:\/\/manipogo.de\/?p=43620#breadcrumb"},"inLanguage":"de","potentialAction":[{"@type":"ReadAction","target":["https:\/\/manipogo.de\/?p=43620"]}]},{"@type":"ImageObject","inLanguage":"de","@id":"https:\/\/manipogo.de\/?p=43620#primaryimage","url":"https:\/\/manipogo.de\/wp-content\/uploads\/1000014586.jpg","contentUrl":"https:\/\/manipogo.de\/wp-content\/uploads\/1000014586.jpg"},{"@type":"BreadcrumbList","@id":"https:\/\/manipogo.de\/?p=43620#breadcrumb","itemListElement":[{"@type":"ListItem","position":1,"name":"Startseite","item":"https:\/\/manipogo.de\/"},{"@type":"ListItem","position":2,"name":"Die Juden in Prag"}]},{"@type":"WebSite","@id":"https:\/\/manipogo.de\/#website","url":"https:\/\/manipogo.de\/","name":"manipogo","description":"Gott und die Welt","potentialAction":[{"@type":"SearchAction","target":{"@type":"EntryPoint","urlTemplate":"https:\/\/manipogo.de\/?s={search_term_string}"},"query-input":{"@type":"PropertyValueSpecification","valueRequired":true,"valueName":"search_term_string"}}],"inLanguage":"de"},{"@type":"Person","@id":"https:\/\/manipogo.de\/#\/schema\/person\/991913de0e39267877f234553fd7f58d","name":"web108","url":"https:\/\/manipogo.de\/?author=1"}]}},"_links":{"self":[{"href":"https:\/\/manipogo.de\/index.php?rest_route=\/wp\/v2\/posts\/43620","targetHints":{"allow":["GET"]}}],"collection":[{"href":"https:\/\/manipogo.de\/index.php?rest_route=\/wp\/v2\/posts"}],"about":[{"href":"https:\/\/manipogo.de\/index.php?rest_route=\/wp\/v2\/types\/post"}],"author":[{"embeddable":true,"href":"https:\/\/manipogo.de\/index.php?rest_route=\/wp\/v2\/users\/1"}],"replies":[{"embeddable":true,"href":"https:\/\/manipogo.de\/index.php?rest_route=%2Fwp%2Fv2%2Fcomments&post=43620"}],"version-history":[{"count":3,"href":"https:\/\/manipogo.de\/index.php?rest_route=\/wp\/v2\/posts\/43620\/revisions"}],"predecessor-version":[{"id":43812,"href":"https:\/\/manipogo.de\/index.php?rest_route=\/wp\/v2\/posts\/43620\/revisions\/43812"}],"wp:attachment":[{"href":"https:\/\/manipogo.de\/index.php?rest_route=%2Fwp%2Fv2%2Fmedia&parent=43620"}],"wp:term":[{"taxonomy":"category","embeddable":true,"href":"https:\/\/manipogo.de\/index.php?rest_route=%2Fwp%2Fv2%2Fcategories&post=43620"},{"taxonomy":"post_tag","embeddable":true,"href":"https:\/\/manipogo.de\/index.php?rest_route=%2Fwp%2Fv2%2Ftags&post=43620"}],"curies":[{"name":"wp","href":"https:\/\/api.w.org\/{rel}","templated":true}]}}