{"id":43671,"date":"2026-01-20T01:38:45","date_gmt":"2026-01-20T00:38:45","guid":{"rendered":"https:\/\/manipogo.de\/?p=43671"},"modified":"2026-01-19T22:12:19","modified_gmt":"2026-01-19T21:12:19","slug":"rudolf-ii","status":"publish","type":"post","link":"https:\/\/manipogo.de\/?p=43671","title":{"rendered":"Rudolf II."},"content":{"rendered":"<p>Prag hat mir viel bedeutet. Meine Gro\u00dfv\u00e4ter haben mir ja ihre Namen aufgedr\u00fcckt, ich hei\u00dfe mit Vornamen Manfred Rudolf Maximilian, da wundern sich die Beamten der Passkontrolle immer: so lang! Rudi war mein Opa aus Oberschlesien, Maximilian der aus Landsberg am Lech. Und beide Namen haben mit Prag zu tun. <!--more--><\/p>\n<p><a href=\"https:\/\/manipogo.de\/wp-content\/uploads\/rudolf-ii-1124.jpg\"><img loading=\"lazy\" decoding=\"async\" class=\"alignleft wp-image-43672\" src=\"https:\/\/manipogo.de\/wp-content\/uploads\/rudolf-ii-1124.jpg\" alt=\"\" width=\"224\" height=\"346\" srcset=\"https:\/\/manipogo.de\/wp-content\/uploads\/rudolf-ii-1124.jpg 324w, https:\/\/manipogo.de\/wp-content\/uploads\/rudolf-ii-1124-194x300.jpg 194w\" sizes=\"auto, (max-width: 224px) 100vw, 224px\" \/><\/a>Na ja, K\u00f6nige mit Namen Maximilian gab es viele, aber Maximilian II. (1527-1576) war der Vater von Rudolf II., den Prag immer noch in Ehren h\u00e4lt. Man liebt ihn, der 1575 die Herrschaft \u00fcbernahm und 1612 starb, eben am 20. Januar, was auch der Geburtstag meines Vaters ist. Passt wieder alles. (<em>Wir sehen ihn links im Bild<\/em>.)<\/p>\n<p>\u00dcbrigens war sein Vorfahr Rudolf I. (1218-1291) ab 1273 der erste Habsburger K\u00f6nig des Heiligen R\u00f6mischen Reiches deutscher Nation. Die Dynastie, deren Burg im Aargau liegt und von der Autobahn oberhalb des Habsburg-Tunnels auf dem Berg zu sehen ist, existierte bis zum Tod von Kaiser Franz Joseph I. 1916.<\/p>\n<p>Dessen einziger Sohn (mit Sisi) war Kronprinz Rudolf.\u00a0 Noch einer! Der Kaiser hielt ihn von der Politik fern. Dieser Rudolf nahm Rauschmittel und erschoss sich mit seiner Geliebten am 30. Januar 1889 auf Schloss Mayerling.<\/p>\n<p>Der junge Fremdenf\u00fchrer im Alchemie-Museum umriss Rudolf II. gekonnt: Er sei vermutlich ein Kind des Inzests gewesen und deshalb mit zahlreichen Krankheiten behaftet. Rudolf war bipolar (vielleicht schizophren), krankhaft misstrauisch, trunks\u00fcchtig und zog sich immer l\u00e4nger zur\u00fcck. Er war es \u00fcbrigens, der Prag 1583 zur Hauptstadt des Kaiserreichs machte, und wenn er auch nicht viel f\u00fcr das Volk tat, so muss man ihm doch zugute halten, dass er keine Kriege f\u00fchrte und die sch\u00f6nen K\u00fcnste liebte. Die schwachen Herrscher sind die besten.<\/p>\n<p>Einschub: <em>Der 20. Januar war 1942 der Tag der Wannsee-Konferenz, bei der die geplante Vernichtung der Juden administrativ geregelt wurde. Reinhard Heydrich war der eiskalte Chef der \u00bbEndl\u00f6sung\u00ab, bis er 4 Monate sp\u00e4ter in Prag bei einem Attentat verletzt wurde und starb. Nicht gedacht soll seiner werden! Die Nationalsozialisten nahmen furchtbar Rache: Sie t\u00f6teten f\u00fcr Heydrich 4000 Menschen.\u00a0<\/em><\/p>\n<p>In dem Buch <em>Nachts unter der steinernen Br\u00fccke<\/em> von Leo Perutz ist der wunderliche Kaiser Rudolf II. wunderbar portr\u00e4tiert.<\/p>\n<p><a href=\"https:\/\/manipogo.de\/wp-content\/uploads\/250px-Matthias_Holy_Roman_Emperor.jpg\"><img loading=\"lazy\" decoding=\"async\" class=\"alignright size-full wp-image-43673\" src=\"https:\/\/manipogo.de\/wp-content\/uploads\/250px-Matthias_Holy_Roman_Emperor.jpg\" alt=\"\" width=\"250\" height=\"353\" srcset=\"https:\/\/manipogo.de\/wp-content\/uploads\/250px-Matthias_Holy_Roman_Emperor.jpg 250w, https:\/\/manipogo.de\/wp-content\/uploads\/250px-Matthias_Holy_Roman_Emperor-212x300.jpg 212w\" sizes=\"auto, (max-width: 250px) 100vw, 250px\" \/><\/a>Er kaufte Gem\u00e4lde aus aller Welt an, lud Astronomen und Alchemisten ein, liebte seine Pferde und auch Frauen. Acht Kinder soll er mit verschiedenen Frauen gehabt haben, doch die kamen nicht f\u00fcr die Nachfolge infrage. Rudolfs Plage war sein Bruder, der Erzherzog Matthias, der ihn verfolgte und f\u00fcr verr\u00fcckt erkl\u00e4ren wollte (<em>wie man es sp\u00e4ter auch mit unserem bayerischen \u00bbKini\u00ab Ludwig versuchte, der Geld f\u00fcr Schl\u00f6sser verbrauchte und ebenfalls eine romantische Seele war<\/em>).<\/p>\n<p>Nach Rudolfs Tod wurde Matthias Kaiser (<em>im Bild rechts<\/em>), aber nur von 1612 bis 1619. Er machte wieder Wien zur Hauptstadt des Kaiserreichs. Vermutlich sch\u00fcrte er mit seinem Grimm den Konflikt zwischen Katholiken und Protestanten, der 1618 durch den ber\u00fcchtigten Prager Fenstersturz zum zerst\u00f6rerischen 30-j\u00e4hrigen Krieg f\u00fchren sollte. Damals warfen am 23. Mai Protestanten einige katholische W\u00fcrdentr\u00e4ger aus dem Prager Rathaus, was diese jedoch \u00fcberlebten. Dennoch kam es zum Krieg.<\/p>\n<p>Wir schauen uns noch ein paar Bilder an, so die Burg (Hrad) auf dem Hradschin unterhalb des Veitsdoms, wo Rudolf hinuntersah auf die Moldau und seine Pferde striegelte und streichelte. Den Veitsdom fing \u00fcbrigens Kaiser Karl IV. an, der neben Rudolf in Prag auch noch verehrt wird.<\/p>\n<p>&nbsp;<\/p>\n<p><a href=\"https:\/\/manipogo.de\/wp-content\/uploads\/1000014479.jpg\"><img loading=\"lazy\" decoding=\"async\" class=\"aligncenter wp-image-43676 size-full\" src=\"https:\/\/manipogo.de\/wp-content\/uploads\/1000014479.jpg\" alt=\"\" width=\"540\" height=\"418\" srcset=\"https:\/\/manipogo.de\/wp-content\/uploads\/1000014479.jpg 540w, https:\/\/manipogo.de\/wp-content\/uploads\/1000014479-300x232.jpg 300w\" sizes=\"auto, (max-width: 540px) 100vw, 540px\" \/><\/a><\/p>\n<p>&nbsp;<\/p>\n<div id=\"attachment_43678\" style=\"width: 550px\" class=\"wp-caption aligncenter\"><a href=\"https:\/\/manipogo.de\/wp-content\/uploads\/1000014480.jpg\"><img loading=\"lazy\" decoding=\"async\" aria-describedby=\"caption-attachment-43678\" class=\"size-full wp-image-43678\" src=\"https:\/\/manipogo.de\/wp-content\/uploads\/1000014480.jpg\" alt=\"\" width=\"540\" height=\"364\" srcset=\"https:\/\/manipogo.de\/wp-content\/uploads\/1000014480.jpg 540w, https:\/\/manipogo.de\/wp-content\/uploads\/1000014480-300x202.jpg 300w\" sizes=\"auto, (max-width: 540px) 100vw, 540px\" \/><\/a><p id=\"caption-attachment-43678\" class=\"wp-caption-text\">Der Innenhof.<\/p><\/div>\n<p>&nbsp;<\/p>\n<div id=\"attachment_43679\" style=\"width: 550px\" class=\"wp-caption aligncenter\"><a href=\"https:\/\/manipogo.de\/wp-content\/uploads\/1000014482.jpg\"><img loading=\"lazy\" decoding=\"async\" aria-describedby=\"caption-attachment-43679\" class=\"size-full wp-image-43679\" src=\"https:\/\/manipogo.de\/wp-content\/uploads\/1000014482.jpg\" alt=\"\" width=\"540\" height=\"720\" srcset=\"https:\/\/manipogo.de\/wp-content\/uploads\/1000014482.jpg 540w, https:\/\/manipogo.de\/wp-content\/uploads\/1000014482-225x300.jpg 225w\" sizes=\"auto, (max-width: 540px) 100vw, 540px\" \/><\/a><p id=\"caption-attachment-43679\" class=\"wp-caption-text\">Der achtunggebietende fast 100 Meter hohe St.Veits-Dom<\/p><\/div>\n<p>&nbsp;<\/p>\n<div id=\"attachment_43680\" style=\"width: 550px\" class=\"wp-caption aligncenter\"><a href=\"https:\/\/manipogo.de\/wp-content\/uploads\/1000014483.jpg\"><img loading=\"lazy\" decoding=\"async\" aria-describedby=\"caption-attachment-43680\" class=\"size-full wp-image-43680\" src=\"https:\/\/manipogo.de\/wp-content\/uploads\/1000014483.jpg\" alt=\"\" width=\"540\" height=\"340\" srcset=\"https:\/\/manipogo.de\/wp-content\/uploads\/1000014483.jpg 540w, https:\/\/manipogo.de\/wp-content\/uploads\/1000014483-300x189.jpg 300w\" sizes=\"auto, (max-width: 540px) 100vw, 540px\" \/><\/a><p id=\"caption-attachment-43680\" class=\"wp-caption-text\">Etwas schwer zu erkennen: Aber Rudolf hat den Dom mit einem neuen Schiff versehen und sein &#8222;R&#8220; angebracht<\/p><\/div>\n<p>&nbsp;<\/p>\n<div id=\"attachment_43681\" style=\"width: 550px\" class=\"wp-caption aligncenter\"><a href=\"https:\/\/manipogo.de\/wp-content\/uploads\/1000014637-scaled.jpg\"><img loading=\"lazy\" decoding=\"async\" aria-describedby=\"caption-attachment-43681\" class=\"wp-image-43681\" src=\"https:\/\/manipogo.de\/wp-content\/uploads\/1000014637-1024x768.jpg\" alt=\"\" width=\"540\" height=\"405\" srcset=\"https:\/\/manipogo.de\/wp-content\/uploads\/1000014637-1024x768.jpg 1024w, https:\/\/manipogo.de\/wp-content\/uploads\/1000014637-300x225.jpg 300w, https:\/\/manipogo.de\/wp-content\/uploads\/1000014637-768x576.jpg 768w, https:\/\/manipogo.de\/wp-content\/uploads\/1000014637-1536x1152.jpg 1536w, https:\/\/manipogo.de\/wp-content\/uploads\/1000014637-2048x1536.jpg 2048w\" sizes=\"auto, (max-width: 540px) 100vw, 540px\" \/><\/a><p id=\"caption-attachment-43681\" class=\"wp-caption-text\">Und: eine Bierhalle zu Ehren des Rudolf<\/p><\/div>\n<p>&nbsp;<\/p>\n<p>Verwandte Artikel:<\/p>\n<p><a href=\"https:\/\/manipogo.de\/?p=4617\">Gedenken an Rudi<\/a> \u2013 <a href=\"https:\/\/manipogo.de\/?p=16423\">Klein- und Gro\u00df Schnellendorf<\/a><\/p>\n<p>&nbsp;<\/p>\n<p>&nbsp;<\/p>\n<p>&nbsp;<\/p>\n","protected":false},"excerpt":{"rendered":"<p>Prag hat mir viel bedeutet. Meine Gro\u00dfv\u00e4ter haben mir ja ihre Namen aufgedr\u00fcckt, ich hei\u00dfe mit Vornamen Manfred Rudolf Maximilian, da wundern sich die Beamten der Passkontrolle immer: so lang! Rudi war mein Opa aus Oberschlesien, Maximilian der aus Landsberg am Lech. Und beide Namen haben mit Prag zu tun.<\/p>\n","protected":false},"author":1,"featured_media":0,"comment_status":"closed","ping_status":"closed","sticky":false,"template":"","format":"standard","meta":{"footnotes":""},"categories":[6],"tags":[1456,2831],"class_list":["post-43671","post","type-post","status-publish","format-standard","hentry","category-alte-wege","tag-prag","tag-rudolf"],"yoast_head":"<!-- This site is optimized with the Yoast SEO plugin v27.3 - https:\/\/yoast.com\/product\/yoast-seo-wordpress\/ -->\n<title>Rudolf II. - manipogo<\/title>\n<meta name=\"description\" content=\"Der Habsburger Rudolf II., der von 1575 bis 1612 Kaiser war, wird in Prag immer noch geachtet und geliebt. Er kaufte Gem\u00e4lde, liebte die K\u00fcnste, war friedlich und etwas seltsam.\" \/>\n<meta name=\"robots\" content=\"index, follow, max-snippet:-1, max-image-preview:large, max-video-preview:-1\" \/>\n<link rel=\"canonical\" href=\"https:\/\/manipogo.de\/?p=43671\" \/>\n<meta property=\"og:locale\" content=\"de_DE\" \/>\n<meta property=\"og:type\" content=\"article\" \/>\n<meta property=\"og:title\" content=\"Rudolf II. - manipogo\" \/>\n<meta property=\"og:description\" content=\"Der Habsburger Rudolf II., der von 1575 bis 1612 Kaiser war, wird in Prag immer noch geachtet und geliebt. Er kaufte Gem\u00e4lde, liebte die K\u00fcnste, war friedlich und etwas seltsam.\" \/>\n<meta property=\"og:url\" content=\"https:\/\/manipogo.de\/?p=43671\" \/>\n<meta property=\"og:site_name\" content=\"manipogo\" \/>\n<meta property=\"article:published_time\" content=\"2026-01-20T00:38:45+00:00\" \/>\n<meta property=\"og:image\" content=\"https:\/\/manipogo.de\/wp-content\/uploads\/rudolf-ii-1124.jpg\" \/>\n\t<meta property=\"og:image:width\" content=\"324\" \/>\n\t<meta property=\"og:image:height\" content=\"500\" \/>\n\t<meta property=\"og:image:type\" content=\"image\/jpeg\" \/>\n<meta name=\"author\" content=\"web108\" \/>\n<meta name=\"twitter:card\" content=\"summary_large_image\" \/>\n<meta name=\"twitter:label1\" content=\"Verfasst von\" \/>\n\t<meta name=\"twitter:data1\" content=\"web108\" \/>\n\t<meta name=\"twitter:label2\" content=\"Gesch\u00e4tzte Lesezeit\" \/>\n\t<meta name=\"twitter:data2\" content=\"5\u00a0Minuten\" \/>\n<script type=\"application\/ld+json\" class=\"yoast-schema-graph\">{\"@context\":\"https:\\\/\\\/schema.org\",\"@graph\":[{\"@type\":\"Article\",\"@id\":\"https:\\\/\\\/manipogo.de\\\/?p=43671#article\",\"isPartOf\":{\"@id\":\"https:\\\/\\\/manipogo.de\\\/?p=43671\"},\"author\":{\"name\":\"web108\",\"@id\":\"https:\\\/\\\/manipogo.de\\\/#\\\/schema\\\/person\\\/991913de0e39267877f234553fd7f58d\"},\"headline\":\"Rudolf II.\",\"datePublished\":\"2026-01-20T00:38:45+00:00\",\"mainEntityOfPage\":{\"@id\":\"https:\\\/\\\/manipogo.de\\\/?p=43671\"},\"wordCount\":643,\"image\":{\"@id\":\"https:\\\/\\\/manipogo.de\\\/?p=43671#primaryimage\"},\"thumbnailUrl\":\"https:\\\/\\\/manipogo.de\\\/wp-content\\\/uploads\\\/rudolf-ii-1124.jpg\",\"keywords\":[\"Prag\",\"Rudolf\"],\"articleSection\":[\"Alte Wege\"],\"inLanguage\":\"de\"},{\"@type\":\"WebPage\",\"@id\":\"https:\\\/\\\/manipogo.de\\\/?p=43671\",\"url\":\"https:\\\/\\\/manipogo.de\\\/?p=43671\",\"name\":\"Rudolf II. - manipogo\",\"isPartOf\":{\"@id\":\"https:\\\/\\\/manipogo.de\\\/#website\"},\"primaryImageOfPage\":{\"@id\":\"https:\\\/\\\/manipogo.de\\\/?p=43671#primaryimage\"},\"image\":{\"@id\":\"https:\\\/\\\/manipogo.de\\\/?p=43671#primaryimage\"},\"thumbnailUrl\":\"https:\\\/\\\/manipogo.de\\\/wp-content\\\/uploads\\\/rudolf-ii-1124.jpg\",\"datePublished\":\"2026-01-20T00:38:45+00:00\",\"author\":{\"@id\":\"https:\\\/\\\/manipogo.de\\\/#\\\/schema\\\/person\\\/991913de0e39267877f234553fd7f58d\"},\"description\":\"Der Habsburger Rudolf II., der von 1575 bis 1612 Kaiser war, wird in Prag immer noch geachtet und geliebt. Er kaufte Gem\u00e4lde, liebte die K\u00fcnste, war friedlich und etwas seltsam.\",\"breadcrumb\":{\"@id\":\"https:\\\/\\\/manipogo.de\\\/?p=43671#breadcrumb\"},\"inLanguage\":\"de\",\"potentialAction\":[{\"@type\":\"ReadAction\",\"target\":[\"https:\\\/\\\/manipogo.de\\\/?p=43671\"]}]},{\"@type\":\"ImageObject\",\"inLanguage\":\"de\",\"@id\":\"https:\\\/\\\/manipogo.de\\\/?p=43671#primaryimage\",\"url\":\"https:\\\/\\\/manipogo.de\\\/wp-content\\\/uploads\\\/rudolf-ii-1124.jpg\",\"contentUrl\":\"https:\\\/\\\/manipogo.de\\\/wp-content\\\/uploads\\\/rudolf-ii-1124.jpg\"},{\"@type\":\"BreadcrumbList\",\"@id\":\"https:\\\/\\\/manipogo.de\\\/?p=43671#breadcrumb\",\"itemListElement\":[{\"@type\":\"ListItem\",\"position\":1,\"name\":\"Startseite\",\"item\":\"https:\\\/\\\/manipogo.de\\\/\"},{\"@type\":\"ListItem\",\"position\":2,\"name\":\"Rudolf II.\"}]},{\"@type\":\"WebSite\",\"@id\":\"https:\\\/\\\/manipogo.de\\\/#website\",\"url\":\"https:\\\/\\\/manipogo.de\\\/\",\"name\":\"manipogo\",\"description\":\"Gott und die Welt\",\"potentialAction\":[{\"@type\":\"SearchAction\",\"target\":{\"@type\":\"EntryPoint\",\"urlTemplate\":\"https:\\\/\\\/manipogo.de\\\/?s={search_term_string}\"},\"query-input\":{\"@type\":\"PropertyValueSpecification\",\"valueRequired\":true,\"valueName\":\"search_term_string\"}}],\"inLanguage\":\"de\"},{\"@type\":\"Person\",\"@id\":\"https:\\\/\\\/manipogo.de\\\/#\\\/schema\\\/person\\\/991913de0e39267877f234553fd7f58d\",\"name\":\"web108\",\"url\":\"https:\\\/\\\/manipogo.de\\\/?author=1\"}]}<\/script>\n<!-- \/ Yoast SEO plugin. -->","yoast_head_json":{"title":"Rudolf II. - manipogo","description":"Der Habsburger Rudolf II., der von 1575 bis 1612 Kaiser war, wird in Prag immer noch geachtet und geliebt. Er kaufte Gem\u00e4lde, liebte die K\u00fcnste, war friedlich und etwas seltsam.","robots":{"index":"index","follow":"follow","max-snippet":"max-snippet:-1","max-image-preview":"max-image-preview:large","max-video-preview":"max-video-preview:-1"},"canonical":"https:\/\/manipogo.de\/?p=43671","og_locale":"de_DE","og_type":"article","og_title":"Rudolf II. - manipogo","og_description":"Der Habsburger Rudolf II., der von 1575 bis 1612 Kaiser war, wird in Prag immer noch geachtet und geliebt. Er kaufte Gem\u00e4lde, liebte die K\u00fcnste, war friedlich und etwas seltsam.","og_url":"https:\/\/manipogo.de\/?p=43671","og_site_name":"manipogo","article_published_time":"2026-01-20T00:38:45+00:00","og_image":[{"width":324,"height":500,"url":"https:\/\/manipogo.de\/wp-content\/uploads\/rudolf-ii-1124.jpg","type":"image\/jpeg"}],"author":"web108","twitter_card":"summary_large_image","twitter_misc":{"Verfasst von":"web108","Gesch\u00e4tzte Lesezeit":"5\u00a0Minuten"},"schema":{"@context":"https:\/\/schema.org","@graph":[{"@type":"Article","@id":"https:\/\/manipogo.de\/?p=43671#article","isPartOf":{"@id":"https:\/\/manipogo.de\/?p=43671"},"author":{"name":"web108","@id":"https:\/\/manipogo.de\/#\/schema\/person\/991913de0e39267877f234553fd7f58d"},"headline":"Rudolf II.","datePublished":"2026-01-20T00:38:45+00:00","mainEntityOfPage":{"@id":"https:\/\/manipogo.de\/?p=43671"},"wordCount":643,"image":{"@id":"https:\/\/manipogo.de\/?p=43671#primaryimage"},"thumbnailUrl":"https:\/\/manipogo.de\/wp-content\/uploads\/rudolf-ii-1124.jpg","keywords":["Prag","Rudolf"],"articleSection":["Alte Wege"],"inLanguage":"de"},{"@type":"WebPage","@id":"https:\/\/manipogo.de\/?p=43671","url":"https:\/\/manipogo.de\/?p=43671","name":"Rudolf II. - manipogo","isPartOf":{"@id":"https:\/\/manipogo.de\/#website"},"primaryImageOfPage":{"@id":"https:\/\/manipogo.de\/?p=43671#primaryimage"},"image":{"@id":"https:\/\/manipogo.de\/?p=43671#primaryimage"},"thumbnailUrl":"https:\/\/manipogo.de\/wp-content\/uploads\/rudolf-ii-1124.jpg","datePublished":"2026-01-20T00:38:45+00:00","author":{"@id":"https:\/\/manipogo.de\/#\/schema\/person\/991913de0e39267877f234553fd7f58d"},"description":"Der Habsburger Rudolf II., der von 1575 bis 1612 Kaiser war, wird in Prag immer noch geachtet und geliebt. Er kaufte Gem\u00e4lde, liebte die K\u00fcnste, war friedlich und etwas seltsam.","breadcrumb":{"@id":"https:\/\/manipogo.de\/?p=43671#breadcrumb"},"inLanguage":"de","potentialAction":[{"@type":"ReadAction","target":["https:\/\/manipogo.de\/?p=43671"]}]},{"@type":"ImageObject","inLanguage":"de","@id":"https:\/\/manipogo.de\/?p=43671#primaryimage","url":"https:\/\/manipogo.de\/wp-content\/uploads\/rudolf-ii-1124.jpg","contentUrl":"https:\/\/manipogo.de\/wp-content\/uploads\/rudolf-ii-1124.jpg"},{"@type":"BreadcrumbList","@id":"https:\/\/manipogo.de\/?p=43671#breadcrumb","itemListElement":[{"@type":"ListItem","position":1,"name":"Startseite","item":"https:\/\/manipogo.de\/"},{"@type":"ListItem","position":2,"name":"Rudolf II."}]},{"@type":"WebSite","@id":"https:\/\/manipogo.de\/#website","url":"https:\/\/manipogo.de\/","name":"manipogo","description":"Gott und die Welt","potentialAction":[{"@type":"SearchAction","target":{"@type":"EntryPoint","urlTemplate":"https:\/\/manipogo.de\/?s={search_term_string}"},"query-input":{"@type":"PropertyValueSpecification","valueRequired":true,"valueName":"search_term_string"}}],"inLanguage":"de"},{"@type":"Person","@id":"https:\/\/manipogo.de\/#\/schema\/person\/991913de0e39267877f234553fd7f58d","name":"web108","url":"https:\/\/manipogo.de\/?author=1"}]}},"_links":{"self":[{"href":"https:\/\/manipogo.de\/index.php?rest_route=\/wp\/v2\/posts\/43671","targetHints":{"allow":["GET"]}}],"collection":[{"href":"https:\/\/manipogo.de\/index.php?rest_route=\/wp\/v2\/posts"}],"about":[{"href":"https:\/\/manipogo.de\/index.php?rest_route=\/wp\/v2\/types\/post"}],"author":[{"embeddable":true,"href":"https:\/\/manipogo.de\/index.php?rest_route=\/wp\/v2\/users\/1"}],"replies":[{"embeddable":true,"href":"https:\/\/manipogo.de\/index.php?rest_route=%2Fwp%2Fv2%2Fcomments&post=43671"}],"version-history":[{"count":10,"href":"https:\/\/manipogo.de\/index.php?rest_route=\/wp\/v2\/posts\/43671\/revisions"}],"predecessor-version":[{"id":43819,"href":"https:\/\/manipogo.de\/index.php?rest_route=\/wp\/v2\/posts\/43671\/revisions\/43819"}],"wp:attachment":[{"href":"https:\/\/manipogo.de\/index.php?rest_route=%2Fwp%2Fv2%2Fmedia&parent=43671"}],"wp:term":[{"taxonomy":"category","embeddable":true,"href":"https:\/\/manipogo.de\/index.php?rest_route=%2Fwp%2Fv2%2Fcategories&post=43671"},{"taxonomy":"post_tag","embeddable":true,"href":"https:\/\/manipogo.de\/index.php?rest_route=%2Fwp%2Fv2%2Ftags&post=43671"}],"curies":[{"name":"wp","href":"https:\/\/api.w.org\/{rel}","templated":true}]}}