{"id":44427,"date":"2026-03-16T01:13:48","date_gmt":"2026-03-16T00:13:48","guid":{"rendered":"https:\/\/manipogo.de\/?p=44427"},"modified":"2026-03-15T22:52:09","modified_gmt":"2026-03-15T21:52:09","slug":"die-tyrannen","status":"publish","type":"post","link":"https:\/\/manipogo.de\/?p=44427","title":{"rendered":"Tyrannen und Heuchler"},"content":{"rendered":"<p>Julius Caesar und alle anderen Tyrannen und Potentaten, die ihm vorausgingen und ihm folgten &#8230; Wir m\u00fcssen schon wieder negativ werden, auch wenn wir das in der zweiten Februarh\u00e4lfte zur Gen\u00fcge hatten, denn die Welt ist so, und ein kurzer Rundblick macht einen mutlos. Doch wir halten das aus, wir stellen uns dieser Herausforderung. <!--more--><\/p>\n<p>Der Pr\u00e4sident des m\u00e4chtigsten Staates der Erde ist von seinem eigenen Ego besessen, die B\u00fcrger seines Staates interessieren ihn nur am Rand. Viele M\u00e4chtige werden der Verantwortung f\u00fcr ihr Volk nicht gerecht. Sie wollen Macht und Geld, und immer leiden darunter die Menschen. Mich besch\u00e4ftigte das, seit Frau Z\u00fcrcher so nebenbei bemerkte, die Menschheit sei nicht sehr weitergekommen: Man kaufe Waffen und f\u00fchre Kriege, statt den Menschen ein gutes Leben zu bieten. Israel l\u00e4sst nun Bomben \u00fcber Iran regnen, die es von den USA bekommt, und Trump, der den Friedensnobelpreis m\u00f6chte, will die Waffenproduktion stark ankurbeln. Das wird gewisse Kreise freuen, weniger die armen Leute in Iran.<\/p>\n<p><a href=\"https:\/\/manipogo.de\/wp-content\/uploads\/Uomini-1-2.jpg\"><img loading=\"lazy\" decoding=\"async\" class=\"aligncenter size-full wp-image-44429\" src=\"https:\/\/manipogo.de\/wp-content\/uploads\/Uomini-1-2.jpg\" alt=\"\" width=\"540\" height=\"449\" srcset=\"https:\/\/manipogo.de\/wp-content\/uploads\/Uomini-1-2.jpg 540w, https:\/\/manipogo.de\/wp-content\/uploads\/Uomini-1-2-300x249.jpg 300w\" sizes=\"auto, (max-width: 540px) 100vw, 540px\" \/><\/a><\/p>\n<p>Kuba steht am Abgrund, denn Venezuela und Mexiko liefern aufgrund Drucks durch die USA kein \u00d6l mehr. Der kubanische Tourismus (<em>die einzige reelle Einkommensquelle<\/em>) geht allm\u00e4hlich zugrunde. Die Kubaner haben keinen Strom und kaum Benzin. In Iran litten 90 Millionen Menschen unter ein paar verwirrten, irren religi\u00f6sen Extremisten, deren Helfer auch <a href=\"https:\/\/manipogo.de\/wp-content\/uploads\/IMG_20260301_142209.jpg\"><img loading=\"lazy\" decoding=\"async\" class=\"alignright size-medium wp-image-44750\" src=\"https:\/\/manipogo.de\/wp-content\/uploads\/IMG_20260301_142209-208x300.jpg\" alt=\"\" width=\"208\" height=\"300\" srcset=\"https:\/\/manipogo.de\/wp-content\/uploads\/IMG_20260301_142209-208x300.jpg 208w, https:\/\/manipogo.de\/wp-content\/uploads\/IMG_20260301_142209.jpg 540w\" sizes=\"auto, (max-width: 208px) 100vw, 208px\" \/><\/a>an der Macht teilhaben wollten, und es ist zu bef\u00fcrchten, dass es trotz der Luftschl\u00e4ge so weitergeht. Die Wut ist gro\u00df und die Armut auch. \u00c4hnlich ist es in Afghanistan.<\/p>\n<p>Der \u00e4gyptische Machthaber Al-Sisi verwirklicht irrsinnig teure Gro\u00dfprojekte, unterdr\u00fcckt die freie Meinung ind l\u00e4sst die Gef\u00e4ngnisse f\u00fcllen. In Syrien wurden die Kurden eingegliedert, aber die IS-K\u00e4mpfer machen Sorge. Krieg im Sudan, aber aus Afrika h\u00f6rt man wenig. Der Gaza-Streifen ist zerbombt. In Osteuropa starb wom\u00f6glich bereits eine Million Menschen \u2013Soldaten und Zivilisten \u2013 in dem sinnlosen Krieg um die Ukraine, den Putin wollte. Die multilaterale Weltordnung ist in Gefahr, nur weil zwei Herrscher vom Weltreich tr\u00e4umen wie andere von der totalen Herrschaft in ihrem Land. Immer M\u00e4nner! (<em>Rechts klein das Bild Terror und Volkstrauer von Julien Val\u00e9ry, Haiti, 1987<\/em>. )<\/p>\n<p>Aber halten wir fest, dass in der Mehrzahl der L\u00e4nder auf diesem Planeten es sich gut lebt, ohne Repression und Gewalt. Der Tag wird kommen, da es \u00fcberall so ist. Unser Mitteleuropa ist ja auch weitergekommen seit dem Drei\u00dfigj\u00e4hrigen Krieg, auch wenn es schlimme R\u00fcckschl\u00e4ge gab durch zwei Weltkriege, die von hier ihren Ausgang nahmen.<\/p>\n<p>Das erw\u00e4hne ich, weil ich ja derzeit den <em>Simplicissmus<\/em> lese und den <em>Schwejk<\/em>. Der Simpel fragte sich angesichts der Soldaten, die sich ihrer Meucheltaten br\u00fcsteten: \u00bbSind wir noch unter Christen?\u00ab Ihm fiel nur ein, die Menschen in \u00bbzahme\u00ab und \u00bbwilde\u00ab zu unterteilen, und Viktor Frankl sprach von \u00bbanst\u00e4ndigen\u00ab und \u00bbunanst\u00e4ndigen\u00ab Menschen.<\/p>\n<div id=\"attachment_44430\" style=\"width: 550px\" class=\"wp-caption aligncenter\"><a href=\"https:\/\/manipogo.de\/wp-content\/uploads\/die-leiden-der-bevoelkerung-im-dreiSsigjaehrigen-krieg-49721-917348-scaled.jpg\"><img loading=\"lazy\" decoding=\"async\" aria-describedby=\"caption-attachment-44430\" class=\"wp-image-44430\" src=\"https:\/\/manipogo.de\/wp-content\/uploads\/die-leiden-der-bevoelkerung-im-dreiSsigjaehrigen-krieg-49721-917348-1024x387.jpg\" alt=\"\" width=\"540\" height=\"204\" srcset=\"https:\/\/manipogo.de\/wp-content\/uploads\/die-leiden-der-bevoelkerung-im-dreiSsigjaehrigen-krieg-49721-917348-1024x387.jpg 1024w, https:\/\/manipogo.de\/wp-content\/uploads\/die-leiden-der-bevoelkerung-im-dreiSsigjaehrigen-krieg-49721-917348-300x113.jpg 300w, https:\/\/manipogo.de\/wp-content\/uploads\/die-leiden-der-bevoelkerung-im-dreiSsigjaehrigen-krieg-49721-917348-768x290.jpg 768w, https:\/\/manipogo.de\/wp-content\/uploads\/die-leiden-der-bevoelkerung-im-dreiSsigjaehrigen-krieg-49721-917348-1536x581.jpg 1536w, https:\/\/manipogo.de\/wp-content\/uploads\/die-leiden-der-bevoelkerung-im-dreiSsigjaehrigen-krieg-49721-917348-2048x774.jpg 2048w\" sizes=\"auto, (max-width: 540px) 100vw, 540px\" \/><\/a><p id=\"caption-attachment-44430\" class=\"wp-caption-text\">Leben der Bev\u00f6lkerung im Drei\u00dfigj\u00e4hrigen Krieg. Erstellerin: Lore Liebscher, Heimatmuseum Ebersbach-Neugersdorf<\/p><\/div>\n<p>Diese meine beiden B\u00fccher sind pazifistisch.<\/p>\n<p>Es m\u00fcssen klare Worte gesprochen werden. Der Oberfeldkurat Ibl h\u00e4lt im <em>Schwejk<\/em> eine Rede und preist den sterbenden Soldaten, der vor dem Kaiser sich noch ein \u00bbHoch \u00d6sterreich!\u00ab abringt. Der Kurat, ein christlicher Heuchler und Kriegstreiber, der mit sch\u00f6nen Worten den schmierigen Tod der Soldaten zum Heldentod verkl\u00e4rt, ist eine typische Gestalt. Ha\u0161ek schrieb:<\/p>\n<p><em>Als Schwejk an diese Rede des Oberfeldkuraten Ibl dachte, konnte er ihn tats\u00e4chlich, ohne ihm das geringste Unrecht zuzuf\u00fcgen, einen Bl\u00f6dian ohnegleichen nennen.\u00a0\u00a0<\/em><\/p>\n<p>Haben nicht christliche Priester auch Waffen gesegnet? Ich schaute in meinen \u00bbSchott\u00ab von 1938, was da \u00fcber den Beginn der Fastenzeit, den Sonntag Septuagesima, geschrieben w\u00e4re, und was musste ich lesen?<\/p>\n<p><em><a href=\"https:\/\/manipogo.de\/wp-content\/uploads\/DSCN4026-11.jpg\"><img loading=\"lazy\" decoding=\"async\" class=\"alignleft size-medium wp-image-44733\" src=\"https:\/\/manipogo.de\/wp-content\/uploads\/DSCN4026-11-300x225.jpg\" alt=\"\" width=\"300\" height=\"225\" srcset=\"https:\/\/manipogo.de\/wp-content\/uploads\/DSCN4026-11-300x225.jpg 300w, https:\/\/manipogo.de\/wp-content\/uploads\/DSCN4026-11.jpg 540w\" sizes=\"auto, (max-width: 300px) 100vw, 300px\" \/><\/a>Durch Kampf zum Sieg, durch Sterben zum Leben, zur Auferstehung, zur Erl\u00f6sung. &#8230; Mit ihm (Laurentius, der den Tod auf dem gl\u00fchenden Rost starb, Anm.) treten wir entschlossen, starkm\u00fctig und kampfbereit in die Rennbahn &#8230; So entsagen wir uns selbst, bringen uns in der Opfergabe Christus zum Opfer, &#8230; werden zugleich auch selbst M\u00e4rtyrer und Sieger.\u00a0<\/em><\/p>\n<p>So ein Bl\u00f6dsinn! Das sind reine Nazi-Parolen: <em>Durch Kampf zum Sieg<\/em>, das war Hitlers Beschw\u00f6rung, und die Kirche bediente sich auch dieser barbarischen, hochtrabenden Sprache des Nazireichs, das den Tod f\u00fcr die Nation feierte, das Opfer. Kein Wort verlor der damalige Papst Pius XII., der von 1939 bis 1958 das Amt bekleidete, \u00fcber das Schicksal der Juden, das ihm in allen Details bekannt war.<\/p>\n<p>Agnes Sassoon war als 12-j\u00e4hriges M\u00e4dchen 1944 auf einem Todesmarsch durch Ungarn zur \u00f6sterreichischen Grenze. Die armen Menschen schleppten sich so dahin, bewacht durch die gnadenlosen Pfeilkreuzler, \u2013 da wurde ein katholischer Kirchenf\u00fcrst im vollem Ornat vorbeigetragen. Es war der sp\u00e4tere Kardinal Mindszenty. Er segnete die Gruppe. Agnes:<\/p>\n<p><em>Ich h\u00f6rte seine Worte, gesprochen in Gottes Namen, aber ich h\u00f6rte keine Worte der Menschlichkeit.<\/em><\/p>\n<p>Und heute, so ist (<em>bei t-online<\/em>) zu lesen, unterst\u00fctzt die orthodoxe Kirche Putin und stimmt in den Ruf ein: Russland ist in Gefahr! Die Opfer k\u00fcmmern den Klerus anscheinend nicht. Das passt ja perfekt ins Bild machthungriger, liebedienerischer Kirchenf\u00fcrsten. Tyrannen und Heuchler.<\/p>\n<p>&nbsp;<\/p>\n","protected":false},"excerpt":{"rendered":"<p>Julius Caesar und alle anderen Tyrannen und Potentaten, die ihm vorausgingen und ihm folgten &#8230; Wir m\u00fcssen schon wieder negativ werden, auch wenn wir das in der zweiten Februarh\u00e4lfte zur Gen\u00fcge hatten, denn die Welt ist so, und ein kurzer Rundblick macht einen mutlos. Doch wir halten das aus, wir stellen uns dieser Herausforderung.<\/p>\n","protected":false},"author":1,"featured_media":0,"comment_status":"closed","ping_status":"closed","sticky":false,"template":"","format":"standard","meta":{"footnotes":""},"categories":[5],"tags":[2431,2848],"class_list":["post-44427","post","type-post","status-publish","format-standard","hentry","category-leben-heute","tag-kriege","tag-krisen"],"yoast_head":"<!-- This site is optimized with the Yoast SEO plugin v27.3 - https:\/\/yoast.com\/product\/yoast-seo-wordpress\/ -->\n<title>Tyrannen und Heuchler - manipogo<\/title>\n<meta name=\"description\" content=\"Man denkt an die Weltlage, die vielen Konflikte auf diesem Planeten und die wenigen machtbesessenen Herrscher, die vom Weltreich tr\u00e4umen. Aber der Tag wird kommen, da alle Menschen so leben k\u00f6nnen wie in Europa, Australien und S\u00fcdostasien.\" \/>\n<meta name=\"robots\" content=\"index, follow, max-snippet:-1, max-image-preview:large, max-video-preview:-1\" \/>\n<link rel=\"canonical\" href=\"https:\/\/manipogo.de\/?p=44427\" \/>\n<meta property=\"og:locale\" content=\"de_DE\" \/>\n<meta property=\"og:type\" content=\"article\" \/>\n<meta property=\"og:title\" content=\"Tyrannen und Heuchler - manipogo\" \/>\n<meta property=\"og:description\" content=\"Man denkt an die Weltlage, die vielen Konflikte auf diesem Planeten und die wenigen machtbesessenen Herrscher, die vom Weltreich tr\u00e4umen. Aber der Tag wird kommen, da alle Menschen so leben k\u00f6nnen wie in Europa, Australien und S\u00fcdostasien.\" \/>\n<meta property=\"og:url\" content=\"https:\/\/manipogo.de\/?p=44427\" \/>\n<meta property=\"og:site_name\" content=\"manipogo\" \/>\n<meta property=\"article:published_time\" content=\"2026-03-16T00:13:48+00:00\" \/>\n<meta property=\"og:image\" content=\"https:\/\/manipogo.de\/wp-content\/uploads\/Uomini-1-2.jpg\" \/>\n\t<meta property=\"og:image:width\" content=\"540\" \/>\n\t<meta property=\"og:image:height\" content=\"449\" \/>\n\t<meta property=\"og:image:type\" content=\"image\/jpeg\" \/>\n<meta name=\"author\" content=\"web108\" \/>\n<meta name=\"twitter:card\" content=\"summary_large_image\" \/>\n<meta name=\"twitter:label1\" content=\"Verfasst von\" \/>\n\t<meta name=\"twitter:data1\" content=\"web108\" \/>\n\t<meta name=\"twitter:label2\" content=\"Gesch\u00e4tzte Lesezeit\" \/>\n\t<meta name=\"twitter:data2\" content=\"6\u00a0Minuten\" \/>\n<script type=\"application\/ld+json\" class=\"yoast-schema-graph\">{\"@context\":\"https:\\\/\\\/schema.org\",\"@graph\":[{\"@type\":\"Article\",\"@id\":\"https:\\\/\\\/manipogo.de\\\/?p=44427#article\",\"isPartOf\":{\"@id\":\"https:\\\/\\\/manipogo.de\\\/?p=44427\"},\"author\":{\"name\":\"web108\",\"@id\":\"https:\\\/\\\/manipogo.de\\\/#\\\/schema\\\/person\\\/991913de0e39267877f234553fd7f58d\"},\"headline\":\"Tyrannen und Heuchler\",\"datePublished\":\"2026-03-16T00:13:48+00:00\",\"mainEntityOfPage\":{\"@id\":\"https:\\\/\\\/manipogo.de\\\/?p=44427\"},\"wordCount\":862,\"image\":{\"@id\":\"https:\\\/\\\/manipogo.de\\\/?p=44427#primaryimage\"},\"thumbnailUrl\":\"https:\\\/\\\/manipogo.de\\\/wp-content\\\/uploads\\\/Uomini-1-2.jpg\",\"keywords\":[\"Kriege\",\"Krisen\"],\"articleSection\":[\"Leben heute\"],\"inLanguage\":\"de\"},{\"@type\":\"WebPage\",\"@id\":\"https:\\\/\\\/manipogo.de\\\/?p=44427\",\"url\":\"https:\\\/\\\/manipogo.de\\\/?p=44427\",\"name\":\"Tyrannen und Heuchler - manipogo\",\"isPartOf\":{\"@id\":\"https:\\\/\\\/manipogo.de\\\/#website\"},\"primaryImageOfPage\":{\"@id\":\"https:\\\/\\\/manipogo.de\\\/?p=44427#primaryimage\"},\"image\":{\"@id\":\"https:\\\/\\\/manipogo.de\\\/?p=44427#primaryimage\"},\"thumbnailUrl\":\"https:\\\/\\\/manipogo.de\\\/wp-content\\\/uploads\\\/Uomini-1-2.jpg\",\"datePublished\":\"2026-03-16T00:13:48+00:00\",\"author\":{\"@id\":\"https:\\\/\\\/manipogo.de\\\/#\\\/schema\\\/person\\\/991913de0e39267877f234553fd7f58d\"},\"description\":\"Man denkt an die Weltlage, die vielen Konflikte auf diesem Planeten und die wenigen machtbesessenen Herrscher, die vom Weltreich tr\u00e4umen. Aber der Tag wird kommen, da alle Menschen so leben k\u00f6nnen wie in Europa, Australien und S\u00fcdostasien.\",\"breadcrumb\":{\"@id\":\"https:\\\/\\\/manipogo.de\\\/?p=44427#breadcrumb\"},\"inLanguage\":\"de\",\"potentialAction\":[{\"@type\":\"ReadAction\",\"target\":[\"https:\\\/\\\/manipogo.de\\\/?p=44427\"]}]},{\"@type\":\"ImageObject\",\"inLanguage\":\"de\",\"@id\":\"https:\\\/\\\/manipogo.de\\\/?p=44427#primaryimage\",\"url\":\"https:\\\/\\\/manipogo.de\\\/wp-content\\\/uploads\\\/Uomini-1-2.jpg\",\"contentUrl\":\"https:\\\/\\\/manipogo.de\\\/wp-content\\\/uploads\\\/Uomini-1-2.jpg\"},{\"@type\":\"BreadcrumbList\",\"@id\":\"https:\\\/\\\/manipogo.de\\\/?p=44427#breadcrumb\",\"itemListElement\":[{\"@type\":\"ListItem\",\"position\":1,\"name\":\"Startseite\",\"item\":\"https:\\\/\\\/manipogo.de\\\/\"},{\"@type\":\"ListItem\",\"position\":2,\"name\":\"Tyrannen und Heuchler\"}]},{\"@type\":\"WebSite\",\"@id\":\"https:\\\/\\\/manipogo.de\\\/#website\",\"url\":\"https:\\\/\\\/manipogo.de\\\/\",\"name\":\"manipogo\",\"description\":\"Gott und die Welt\",\"potentialAction\":[{\"@type\":\"SearchAction\",\"target\":{\"@type\":\"EntryPoint\",\"urlTemplate\":\"https:\\\/\\\/manipogo.de\\\/?s={search_term_string}\"},\"query-input\":{\"@type\":\"PropertyValueSpecification\",\"valueRequired\":true,\"valueName\":\"search_term_string\"}}],\"inLanguage\":\"de\"},{\"@type\":\"Person\",\"@id\":\"https:\\\/\\\/manipogo.de\\\/#\\\/schema\\\/person\\\/991913de0e39267877f234553fd7f58d\",\"name\":\"web108\",\"url\":\"https:\\\/\\\/manipogo.de\\\/?author=1\"}]}<\/script>\n<!-- \/ Yoast SEO plugin. -->","yoast_head_json":{"title":"Tyrannen und Heuchler - manipogo","description":"Man denkt an die Weltlage, die vielen Konflikte auf diesem Planeten und die wenigen machtbesessenen Herrscher, die vom Weltreich tr\u00e4umen. Aber der Tag wird kommen, da alle Menschen so leben k\u00f6nnen wie in Europa, Australien und S\u00fcdostasien.","robots":{"index":"index","follow":"follow","max-snippet":"max-snippet:-1","max-image-preview":"max-image-preview:large","max-video-preview":"max-video-preview:-1"},"canonical":"https:\/\/manipogo.de\/?p=44427","og_locale":"de_DE","og_type":"article","og_title":"Tyrannen und Heuchler - manipogo","og_description":"Man denkt an die Weltlage, die vielen Konflikte auf diesem Planeten und die wenigen machtbesessenen Herrscher, die vom Weltreich tr\u00e4umen. Aber der Tag wird kommen, da alle Menschen so leben k\u00f6nnen wie in Europa, Australien und S\u00fcdostasien.","og_url":"https:\/\/manipogo.de\/?p=44427","og_site_name":"manipogo","article_published_time":"2026-03-16T00:13:48+00:00","og_image":[{"width":540,"height":449,"url":"https:\/\/manipogo.de\/wp-content\/uploads\/Uomini-1-2.jpg","type":"image\/jpeg"}],"author":"web108","twitter_card":"summary_large_image","twitter_misc":{"Verfasst von":"web108","Gesch\u00e4tzte Lesezeit":"6\u00a0Minuten"},"schema":{"@context":"https:\/\/schema.org","@graph":[{"@type":"Article","@id":"https:\/\/manipogo.de\/?p=44427#article","isPartOf":{"@id":"https:\/\/manipogo.de\/?p=44427"},"author":{"name":"web108","@id":"https:\/\/manipogo.de\/#\/schema\/person\/991913de0e39267877f234553fd7f58d"},"headline":"Tyrannen und Heuchler","datePublished":"2026-03-16T00:13:48+00:00","mainEntityOfPage":{"@id":"https:\/\/manipogo.de\/?p=44427"},"wordCount":862,"image":{"@id":"https:\/\/manipogo.de\/?p=44427#primaryimage"},"thumbnailUrl":"https:\/\/manipogo.de\/wp-content\/uploads\/Uomini-1-2.jpg","keywords":["Kriege","Krisen"],"articleSection":["Leben heute"],"inLanguage":"de"},{"@type":"WebPage","@id":"https:\/\/manipogo.de\/?p=44427","url":"https:\/\/manipogo.de\/?p=44427","name":"Tyrannen und Heuchler - manipogo","isPartOf":{"@id":"https:\/\/manipogo.de\/#website"},"primaryImageOfPage":{"@id":"https:\/\/manipogo.de\/?p=44427#primaryimage"},"image":{"@id":"https:\/\/manipogo.de\/?p=44427#primaryimage"},"thumbnailUrl":"https:\/\/manipogo.de\/wp-content\/uploads\/Uomini-1-2.jpg","datePublished":"2026-03-16T00:13:48+00:00","author":{"@id":"https:\/\/manipogo.de\/#\/schema\/person\/991913de0e39267877f234553fd7f58d"},"description":"Man denkt an die Weltlage, die vielen Konflikte auf diesem Planeten und die wenigen machtbesessenen Herrscher, die vom Weltreich tr\u00e4umen. Aber der Tag wird kommen, da alle Menschen so leben k\u00f6nnen wie in Europa, Australien und S\u00fcdostasien.","breadcrumb":{"@id":"https:\/\/manipogo.de\/?p=44427#breadcrumb"},"inLanguage":"de","potentialAction":[{"@type":"ReadAction","target":["https:\/\/manipogo.de\/?p=44427"]}]},{"@type":"ImageObject","inLanguage":"de","@id":"https:\/\/manipogo.de\/?p=44427#primaryimage","url":"https:\/\/manipogo.de\/wp-content\/uploads\/Uomini-1-2.jpg","contentUrl":"https:\/\/manipogo.de\/wp-content\/uploads\/Uomini-1-2.jpg"},{"@type":"BreadcrumbList","@id":"https:\/\/manipogo.de\/?p=44427#breadcrumb","itemListElement":[{"@type":"ListItem","position":1,"name":"Startseite","item":"https:\/\/manipogo.de\/"},{"@type":"ListItem","position":2,"name":"Tyrannen und Heuchler"}]},{"@type":"WebSite","@id":"https:\/\/manipogo.de\/#website","url":"https:\/\/manipogo.de\/","name":"manipogo","description":"Gott und die Welt","potentialAction":[{"@type":"SearchAction","target":{"@type":"EntryPoint","urlTemplate":"https:\/\/manipogo.de\/?s={search_term_string}"},"query-input":{"@type":"PropertyValueSpecification","valueRequired":true,"valueName":"search_term_string"}}],"inLanguage":"de"},{"@type":"Person","@id":"https:\/\/manipogo.de\/#\/schema\/person\/991913de0e39267877f234553fd7f58d","name":"web108","url":"https:\/\/manipogo.de\/?author=1"}]}},"_links":{"self":[{"href":"https:\/\/manipogo.de\/index.php?rest_route=\/wp\/v2\/posts\/44427","targetHints":{"allow":["GET"]}}],"collection":[{"href":"https:\/\/manipogo.de\/index.php?rest_route=\/wp\/v2\/posts"}],"about":[{"href":"https:\/\/manipogo.de\/index.php?rest_route=\/wp\/v2\/types\/post"}],"author":[{"embeddable":true,"href":"https:\/\/manipogo.de\/index.php?rest_route=\/wp\/v2\/users\/1"}],"replies":[{"embeddable":true,"href":"https:\/\/manipogo.de\/index.php?rest_route=%2Fwp%2Fv2%2Fcomments&post=44427"}],"version-history":[{"count":11,"href":"https:\/\/manipogo.de\/index.php?rest_route=\/wp\/v2\/posts\/44427\/revisions"}],"predecessor-version":[{"id":44923,"href":"https:\/\/manipogo.de\/index.php?rest_route=\/wp\/v2\/posts\/44427\/revisions\/44923"}],"wp:attachment":[{"href":"https:\/\/manipogo.de\/index.php?rest_route=%2Fwp%2Fv2%2Fmedia&parent=44427"}],"wp:term":[{"taxonomy":"category","embeddable":true,"href":"https:\/\/manipogo.de\/index.php?rest_route=%2Fwp%2Fv2%2Fcategories&post=44427"},{"taxonomy":"post_tag","embeddable":true,"href":"https:\/\/manipogo.de\/index.php?rest_route=%2Fwp%2Fv2%2Ftags&post=44427"}],"curies":[{"name":"wp","href":"https:\/\/api.w.org\/{rel}","templated":true}]}}