{"id":44435,"date":"2026-03-17T00:50:17","date_gmt":"2026-03-16T23:50:17","guid":{"rendered":"https:\/\/manipogo.de\/?p=44435"},"modified":"2026-03-16T21:44:07","modified_gmt":"2026-03-16T20:44:07","slug":"ministerium-fuer-mitgefuehl","status":"publish","type":"post","link":"https:\/\/manipogo.de\/?p=44435","title":{"rendered":"Das Ministerium f\u00fcr Mitgef\u00fchl"},"content":{"rendered":"<p>In Berlin hatte ich vergangenen Herbst den <em>Karuna Kompass<\/em> mitgenommen, eine Zeitschrift f\u00fcr Obdachlose. Karuna hei\u00dft in den Sprachen des alten Indien Mitgef\u00fchl. Diese Zeitschrift lag da also rum, und jetzt komme ich dazu, \u00fcber sie zu schreiben: besonders \u00fcber das Ministerium f\u00fcr Mitgef\u00fchl. <!--more--><\/p>\n<p>Das Oktoberheft 2025 erw\u00e4hnte die drei gelben Busse, die unter dem Namen KARUNA SUB jeweils am Dienstag, Mittwoch und Freitag regelm\u00e4\u00dfige Routen durch Berlin abfahren, zum Beispiel: 10.45 Lichtenberg, dann Ostbahnhof, Alexanderplatz, Bahnhof Zoo und zur\u00fcck. Mein Berliner Freund Fritz, der im November ja auch erw\u00e4hnt wurde, arbeitet ab und an in der Nacht in einem Obdachlosenheim.<\/p>\n<p>Was Mitgef\u00fchl bedeutet, woher es kommt und wie man es st\u00e4rkt, steht auch in der Zeitschrift. Wir aber k\u00fcmmern uns um das Ministerium f\u00fcr Mitgef\u00fchl. Das sei, wie wir lesen, eine 2018 gegr\u00fcndete Kunstauktion. Der <em>Karuna Kompass<\/em> sprach mit der Ministerin, die sagte:<\/p>\n<p><em>Wir als Ministerium f\u00fcr Mitgef\u00fchl haben uns 2018 gegr\u00fcndet.\u00a0<\/em><\/p>\n<div id=\"attachment_44437\" style=\"width: 550px\" class=\"wp-caption aligncenter\"><a href=\"https:\/\/manipogo.de\/wp-content\/uploads\/2026-02-18-0001.jpg\"><img loading=\"lazy\" decoding=\"async\" aria-describedby=\"caption-attachment-44437\" class=\"wp-image-44437 size-full\" src=\"https:\/\/manipogo.de\/wp-content\/uploads\/2026-02-18-0001.jpg\" alt=\"\" width=\"540\" height=\"659\" srcset=\"https:\/\/manipogo.de\/wp-content\/uploads\/2026-02-18-0001.jpg 540w, https:\/\/manipogo.de\/wp-content\/uploads\/2026-02-18-0001-246x300.jpg 246w\" sizes=\"auto, (max-width: 540px) 100vw, 540px\" \/><\/a><p id=\"caption-attachment-44437\" class=\"wp-caption-text\">aus dem Karuna Kompass, Oktober 2025. Leider steht nirgends, von wem die bunten Grafiken sind<\/p><\/div>\n<p>Wir? Wer denn die Ministerin sei?<\/p>\n<p><em>Wir alle. Aktuell hat das Ministerium rund zehn aktive Mitglieder. &#8230; Manche kommen, andere gehen, und nicht alle k\u00f6nnen &#8230; immer aktiv sein. Daher bezeichnen wir uns alle als die Ministerin f\u00fcr Mitgef\u00fchl. Wir nehmen pers\u00f6nlich an Veranstaltungen teil, das aber anonym, als Ministerin.\u00a0<\/em><\/p>\n<p>Sei die Ministerin f\u00fcr Mitgef\u00fchl immer weiblich?<\/p>\n<p><em>Ja, beziehungsweise nicht cis-m\u00e4nnlich, weil es genug cis-m\u00e4nnliche Minister gibt. Im Grunde aber kann jede*r Ministerin f\u00fcr Mitgef\u00fchl sein, wenn er*sie sich daf\u00fcr entscheidet.\u00a0<\/em><\/p>\n<p>Es gab viele Projekte, und das Ministerium hat viele Texte verfasst f\u00fcr Situationen, in der mehr Mitgef\u00fchl n\u00f6tig w\u00e4re, denn: \u00bbMitgef\u00fchl\u00a0hat keine Lobby.\u00ab\u00a0 Die sozialen Medien werden vereinzelt genutzt, aber:<\/p>\n<p><em>Uns gibt es nur im echten Leben. <\/em><\/p>\n<p>Es gibt sogenannte Sprechstunden der Ministerin f\u00fcr Mitgef\u00fchl, um Menschen zusammenzubringen. Die Einladung erfolgt durch Institutionen, das Ministerium entwickelt zehn Fragen. Wichtig:<\/p>\n<p><em>Alle Anwesenden sind mit ihrer Teilnahme automatisch Ministerin f\u00fcr Mitgef\u00fchl. Sie finden sich nach einer bestimmten Choreographie zu Paaren zusammen; es gibt Raum zum Nachdenken, Reden und Zuh\u00f6ren &#8230; Die meisten Menschen gehen mit einem L\u00e4cheln aus dem Austausch. Wir bekommen oft die R\u00fcckmeldung, speziell von \u00e4lteren Menschen, dass ihnen schon lange nicht mehr zugeh\u00f6rt wurde. Dadurch entsteht N\u00e4he, und dass Menschen dieses Gef\u00fchl mitnehmen, das w\u00fcnschen wir uns.\u00a0<\/em><\/p>\n<p>Auf <em>Instagram<\/em> schilderte k\u00fcrzlich ein griechischer Handwerker seine Erfahrung nach 15 Jahren Deutschland. Er habe es als kalt empfunden dort, es herrschte viel Konkurrenz, und er habe sich isoliert gef\u00fchlt. So ist das. Unsere Leute sind oft schlecht gelaunt und auf sich konzentriert. Die menschliche W\u00e4rme wie in Italien und Griechenland fehlt meist.<\/p>\n<p>Zum Abschluss gab es noch den Versuch einer Definition:<\/p>\n<p><em>Wir verstehen uns als Kollektiv aus kunstschaffenden Personen. &#8230; Wir machen, was wir in unserer Freizeit leisten k\u00f6nnen. &#8230; wir arbeiten nicht im Sinne einer praktischen Sozialhilfe. Wir wollen das Denken, die Sprache ver\u00e4ndern. Wir wollen eine Gesellschaft, eine Politik, die vom schw\u00e4chsten Mitglied aus gedacht wird und nicht vom st\u00e4rksten.\u00a0<\/em><\/p>\n<p>Weltweit w\u00e4re das zu verlangen. Die Politiker haben meist vergessen, f\u00fcr wen sie da sind. Und die Kirchen kommen mit ihrem sinkenden Einfluss nicht zurecht, die Kleriker sind kleinm\u00fctig geworden, und so fehlt es allerorten an Pl\u00e4doyers f\u00fcr Mitgef\u00fchl.<\/p>\n<p>Wer Interesse an einer Sprechstunde der Ministerin f\u00fcr Mitgef\u00fchl habe, k\u00f6nne sich <a href=\"https:\/\/karuna.family\/\">\u00fcber die Karuna-Website<\/a> melden. Im Anhang zum Interview steht, das Ministerium freue sich besonders \u00fcber Anfragen von Bibliotheken, Rath\u00e4usern, Beh\u00f6rden, Museen, Schulen und Universit\u00e4ten.<\/p>\n<p>&nbsp;<\/p>\n<p>&nbsp;<\/p>\n<p>&nbsp;<\/p>\n<p>&nbsp;<\/p>\n<p>&nbsp;<\/p>\n<p>&nbsp;<\/p>\n<p>&nbsp;<\/p>\n","protected":false},"excerpt":{"rendered":"<p>In Berlin hatte ich vergangenen Herbst den Karuna Kompass mitgenommen, eine Zeitschrift f\u00fcr Obdachlose. Karuna hei\u00dft in den Sprachen des alten Indien Mitgef\u00fchl. Diese Zeitschrift lag da also rum, und jetzt komme ich dazu, \u00fcber sie zu schreiben: besonders \u00fcber das Ministerium f\u00fcr Mitgef\u00fchl.<\/p>\n","protected":false},"author":1,"featured_media":0,"comment_status":"closed","ping_status":"closed","sticky":false,"template":"","format":"standard","meta":{"footnotes":""},"categories":[45],"tags":[2849,1532],"class_list":["post-44435","post","type-post","status-publish","format-standard","hentry","category-phaenomene","tag-mitgefuehl","tag-politik"],"yoast_head":"<!-- This site is optimized with the Yoast SEO plugin v27.3 - https:\/\/yoast.com\/product\/yoast-seo-wordpress\/ -->\n<title>Das Ministerium f\u00fcr Mitgef\u00fchl - manipogo<\/title>\n<meta name=\"description\" content=\"2018 wurde als Kunstaktion in Berlin das Ministerium f\u00fcr Mitgef\u00fchl gegr\u00fcndet, an der zehn Personen beteiligt sind. Es handelt sich um Frauen, von denen jede Ministerin ist. Sie lassen sich einladen und diskutieren mit B\u00fcrgern.\" \/>\n<meta name=\"robots\" content=\"index, follow, max-snippet:-1, max-image-preview:large, max-video-preview:-1\" \/>\n<link rel=\"canonical\" href=\"https:\/\/manipogo.de\/?p=44435\" \/>\n<meta property=\"og:locale\" content=\"de_DE\" \/>\n<meta property=\"og:type\" content=\"article\" \/>\n<meta property=\"og:title\" content=\"Das Ministerium f\u00fcr Mitgef\u00fchl - manipogo\" \/>\n<meta property=\"og:description\" content=\"2018 wurde als Kunstaktion in Berlin das Ministerium f\u00fcr Mitgef\u00fchl gegr\u00fcndet, an der zehn Personen beteiligt sind. Es handelt sich um Frauen, von denen jede Ministerin ist. Sie lassen sich einladen und diskutieren mit B\u00fcrgern.\" \/>\n<meta property=\"og:url\" content=\"https:\/\/manipogo.de\/?p=44435\" \/>\n<meta property=\"og:site_name\" content=\"manipogo\" \/>\n<meta property=\"article:published_time\" content=\"2026-03-16T23:50:17+00:00\" \/>\n<meta property=\"og:image\" content=\"https:\/\/manipogo.de\/wp-content\/uploads\/2026-02-18-0001.jpg\" \/>\n\t<meta property=\"og:image:width\" content=\"540\" \/>\n\t<meta property=\"og:image:height\" content=\"659\" \/>\n\t<meta property=\"og:image:type\" content=\"image\/jpeg\" \/>\n<meta name=\"author\" content=\"web108\" \/>\n<meta name=\"twitter:card\" content=\"summary_large_image\" \/>\n<meta name=\"twitter:label1\" content=\"Verfasst von\" \/>\n\t<meta name=\"twitter:data1\" content=\"web108\" \/>\n\t<meta name=\"twitter:label2\" content=\"Gesch\u00e4tzte Lesezeit\" \/>\n\t<meta name=\"twitter:data2\" content=\"4\u00a0Minuten\" \/>\n<script type=\"application\/ld+json\" class=\"yoast-schema-graph\">{\"@context\":\"https:\\\/\\\/schema.org\",\"@graph\":[{\"@type\":\"Article\",\"@id\":\"https:\\\/\\\/manipogo.de\\\/?p=44435#article\",\"isPartOf\":{\"@id\":\"https:\\\/\\\/manipogo.de\\\/?p=44435\"},\"author\":{\"name\":\"web108\",\"@id\":\"https:\\\/\\\/manipogo.de\\\/#\\\/schema\\\/person\\\/991913de0e39267877f234553fd7f58d\"},\"headline\":\"Das Ministerium f\u00fcr Mitgef\u00fchl\",\"datePublished\":\"2026-03-16T23:50:17+00:00\",\"mainEntityOfPage\":{\"@id\":\"https:\\\/\\\/manipogo.de\\\/?p=44435\"},\"wordCount\":641,\"image\":{\"@id\":\"https:\\\/\\\/manipogo.de\\\/?p=44435#primaryimage\"},\"thumbnailUrl\":\"https:\\\/\\\/manipogo.de\\\/wp-content\\\/uploads\\\/2026-02-18-0001.jpg\",\"keywords\":[\"Mitgef\u00fchl\",\"Politik\"],\"articleSection\":[\"Ph\u00e4nomene\"],\"inLanguage\":\"de\"},{\"@type\":\"WebPage\",\"@id\":\"https:\\\/\\\/manipogo.de\\\/?p=44435\",\"url\":\"https:\\\/\\\/manipogo.de\\\/?p=44435\",\"name\":\"Das Ministerium f\u00fcr Mitgef\u00fchl - manipogo\",\"isPartOf\":{\"@id\":\"https:\\\/\\\/manipogo.de\\\/#website\"},\"primaryImageOfPage\":{\"@id\":\"https:\\\/\\\/manipogo.de\\\/?p=44435#primaryimage\"},\"image\":{\"@id\":\"https:\\\/\\\/manipogo.de\\\/?p=44435#primaryimage\"},\"thumbnailUrl\":\"https:\\\/\\\/manipogo.de\\\/wp-content\\\/uploads\\\/2026-02-18-0001.jpg\",\"datePublished\":\"2026-03-16T23:50:17+00:00\",\"author\":{\"@id\":\"https:\\\/\\\/manipogo.de\\\/#\\\/schema\\\/person\\\/991913de0e39267877f234553fd7f58d\"},\"description\":\"2018 wurde als Kunstaktion in Berlin das Ministerium f\u00fcr Mitgef\u00fchl gegr\u00fcndet, an der zehn Personen beteiligt sind. Es handelt sich um Frauen, von denen jede Ministerin ist. Sie lassen sich einladen und diskutieren mit B\u00fcrgern.\",\"breadcrumb\":{\"@id\":\"https:\\\/\\\/manipogo.de\\\/?p=44435#breadcrumb\"},\"inLanguage\":\"de\",\"potentialAction\":[{\"@type\":\"ReadAction\",\"target\":[\"https:\\\/\\\/manipogo.de\\\/?p=44435\"]}]},{\"@type\":\"ImageObject\",\"inLanguage\":\"de\",\"@id\":\"https:\\\/\\\/manipogo.de\\\/?p=44435#primaryimage\",\"url\":\"https:\\\/\\\/manipogo.de\\\/wp-content\\\/uploads\\\/2026-02-18-0001.jpg\",\"contentUrl\":\"https:\\\/\\\/manipogo.de\\\/wp-content\\\/uploads\\\/2026-02-18-0001.jpg\"},{\"@type\":\"BreadcrumbList\",\"@id\":\"https:\\\/\\\/manipogo.de\\\/?p=44435#breadcrumb\",\"itemListElement\":[{\"@type\":\"ListItem\",\"position\":1,\"name\":\"Startseite\",\"item\":\"https:\\\/\\\/manipogo.de\\\/\"},{\"@type\":\"ListItem\",\"position\":2,\"name\":\"Das Ministerium f\u00fcr Mitgef\u00fchl\"}]},{\"@type\":\"WebSite\",\"@id\":\"https:\\\/\\\/manipogo.de\\\/#website\",\"url\":\"https:\\\/\\\/manipogo.de\\\/\",\"name\":\"manipogo\",\"description\":\"Gott und die Welt\",\"potentialAction\":[{\"@type\":\"SearchAction\",\"target\":{\"@type\":\"EntryPoint\",\"urlTemplate\":\"https:\\\/\\\/manipogo.de\\\/?s={search_term_string}\"},\"query-input\":{\"@type\":\"PropertyValueSpecification\",\"valueRequired\":true,\"valueName\":\"search_term_string\"}}],\"inLanguage\":\"de\"},{\"@type\":\"Person\",\"@id\":\"https:\\\/\\\/manipogo.de\\\/#\\\/schema\\\/person\\\/991913de0e39267877f234553fd7f58d\",\"name\":\"web108\",\"url\":\"https:\\\/\\\/manipogo.de\\\/?author=1\"}]}<\/script>\n<!-- \/ Yoast SEO plugin. -->","yoast_head_json":{"title":"Das Ministerium f\u00fcr Mitgef\u00fchl - manipogo","description":"2018 wurde als Kunstaktion in Berlin das Ministerium f\u00fcr Mitgef\u00fchl gegr\u00fcndet, an der zehn Personen beteiligt sind. Es handelt sich um Frauen, von denen jede Ministerin ist. Sie lassen sich einladen und diskutieren mit B\u00fcrgern.","robots":{"index":"index","follow":"follow","max-snippet":"max-snippet:-1","max-image-preview":"max-image-preview:large","max-video-preview":"max-video-preview:-1"},"canonical":"https:\/\/manipogo.de\/?p=44435","og_locale":"de_DE","og_type":"article","og_title":"Das Ministerium f\u00fcr Mitgef\u00fchl - manipogo","og_description":"2018 wurde als Kunstaktion in Berlin das Ministerium f\u00fcr Mitgef\u00fchl gegr\u00fcndet, an der zehn Personen beteiligt sind. Es handelt sich um Frauen, von denen jede Ministerin ist. Sie lassen sich einladen und diskutieren mit B\u00fcrgern.","og_url":"https:\/\/manipogo.de\/?p=44435","og_site_name":"manipogo","article_published_time":"2026-03-16T23:50:17+00:00","og_image":[{"width":540,"height":659,"url":"https:\/\/manipogo.de\/wp-content\/uploads\/2026-02-18-0001.jpg","type":"image\/jpeg"}],"author":"web108","twitter_card":"summary_large_image","twitter_misc":{"Verfasst von":"web108","Gesch\u00e4tzte Lesezeit":"4\u00a0Minuten"},"schema":{"@context":"https:\/\/schema.org","@graph":[{"@type":"Article","@id":"https:\/\/manipogo.de\/?p=44435#article","isPartOf":{"@id":"https:\/\/manipogo.de\/?p=44435"},"author":{"name":"web108","@id":"https:\/\/manipogo.de\/#\/schema\/person\/991913de0e39267877f234553fd7f58d"},"headline":"Das Ministerium f\u00fcr Mitgef\u00fchl","datePublished":"2026-03-16T23:50:17+00:00","mainEntityOfPage":{"@id":"https:\/\/manipogo.de\/?p=44435"},"wordCount":641,"image":{"@id":"https:\/\/manipogo.de\/?p=44435#primaryimage"},"thumbnailUrl":"https:\/\/manipogo.de\/wp-content\/uploads\/2026-02-18-0001.jpg","keywords":["Mitgef\u00fchl","Politik"],"articleSection":["Ph\u00e4nomene"],"inLanguage":"de"},{"@type":"WebPage","@id":"https:\/\/manipogo.de\/?p=44435","url":"https:\/\/manipogo.de\/?p=44435","name":"Das Ministerium f\u00fcr Mitgef\u00fchl - manipogo","isPartOf":{"@id":"https:\/\/manipogo.de\/#website"},"primaryImageOfPage":{"@id":"https:\/\/manipogo.de\/?p=44435#primaryimage"},"image":{"@id":"https:\/\/manipogo.de\/?p=44435#primaryimage"},"thumbnailUrl":"https:\/\/manipogo.de\/wp-content\/uploads\/2026-02-18-0001.jpg","datePublished":"2026-03-16T23:50:17+00:00","author":{"@id":"https:\/\/manipogo.de\/#\/schema\/person\/991913de0e39267877f234553fd7f58d"},"description":"2018 wurde als Kunstaktion in Berlin das Ministerium f\u00fcr Mitgef\u00fchl gegr\u00fcndet, an der zehn Personen beteiligt sind. Es handelt sich um Frauen, von denen jede Ministerin ist. Sie lassen sich einladen und diskutieren mit B\u00fcrgern.","breadcrumb":{"@id":"https:\/\/manipogo.de\/?p=44435#breadcrumb"},"inLanguage":"de","potentialAction":[{"@type":"ReadAction","target":["https:\/\/manipogo.de\/?p=44435"]}]},{"@type":"ImageObject","inLanguage":"de","@id":"https:\/\/manipogo.de\/?p=44435#primaryimage","url":"https:\/\/manipogo.de\/wp-content\/uploads\/2026-02-18-0001.jpg","contentUrl":"https:\/\/manipogo.de\/wp-content\/uploads\/2026-02-18-0001.jpg"},{"@type":"BreadcrumbList","@id":"https:\/\/manipogo.de\/?p=44435#breadcrumb","itemListElement":[{"@type":"ListItem","position":1,"name":"Startseite","item":"https:\/\/manipogo.de\/"},{"@type":"ListItem","position":2,"name":"Das Ministerium f\u00fcr Mitgef\u00fchl"}]},{"@type":"WebSite","@id":"https:\/\/manipogo.de\/#website","url":"https:\/\/manipogo.de\/","name":"manipogo","description":"Gott und die Welt","potentialAction":[{"@type":"SearchAction","target":{"@type":"EntryPoint","urlTemplate":"https:\/\/manipogo.de\/?s={search_term_string}"},"query-input":{"@type":"PropertyValueSpecification","valueRequired":true,"valueName":"search_term_string"}}],"inLanguage":"de"},{"@type":"Person","@id":"https:\/\/manipogo.de\/#\/schema\/person\/991913de0e39267877f234553fd7f58d","name":"web108","url":"https:\/\/manipogo.de\/?author=1"}]}},"_links":{"self":[{"href":"https:\/\/manipogo.de\/index.php?rest_route=\/wp\/v2\/posts\/44435","targetHints":{"allow":["GET"]}}],"collection":[{"href":"https:\/\/manipogo.de\/index.php?rest_route=\/wp\/v2\/posts"}],"about":[{"href":"https:\/\/manipogo.de\/index.php?rest_route=\/wp\/v2\/types\/post"}],"author":[{"embeddable":true,"href":"https:\/\/manipogo.de\/index.php?rest_route=\/wp\/v2\/users\/1"}],"replies":[{"embeddable":true,"href":"https:\/\/manipogo.de\/index.php?rest_route=%2Fwp%2Fv2%2Fcomments&post=44435"}],"version-history":[{"count":6,"href":"https:\/\/manipogo.de\/index.php?rest_route=\/wp\/v2\/posts\/44435\/revisions"}],"predecessor-version":[{"id":44931,"href":"https:\/\/manipogo.de\/index.php?rest_route=\/wp\/v2\/posts\/44435\/revisions\/44931"}],"wp:attachment":[{"href":"https:\/\/manipogo.de\/index.php?rest_route=%2Fwp%2Fv2%2Fmedia&parent=44435"}],"wp:term":[{"taxonomy":"category","embeddable":true,"href":"https:\/\/manipogo.de\/index.php?rest_route=%2Fwp%2Fv2%2Fcategories&post=44435"},{"taxonomy":"post_tag","embeddable":true,"href":"https:\/\/manipogo.de\/index.php?rest_route=%2Fwp%2Fv2%2Ftags&post=44435"}],"curies":[{"name":"wp","href":"https:\/\/api.w.org\/{rel}","templated":true}]}}