{"id":44587,"date":"2026-04-03T00:47:21","date_gmt":"2026-04-02T23:47:21","guid":{"rendered":"https:\/\/manipogo.de\/?p=44587"},"modified":"2026-04-02T23:30:54","modified_gmt":"2026-04-02T21:30:54","slug":"unser-gehirn","status":"publish","type":"post","link":"https:\/\/manipogo.de\/?p=44587","title":{"rendered":"Unser Gehirn"},"content":{"rendered":"<p>Von Neurologie habe ich keine Ahnung und von Medizin sehr wenig, darum werde ich in diesem Beitrag \u00fcbers menschliche Gehirn vorwiegend Pim van Lommel zitieren. Es geht uns ja eher ums Bewusstsein als ums Gehirn, und das kommt morgen dran. <!--more--><\/p>\n<p>Pim van Lommel schreibt:<\/p>\n<p><em>Es ist immer noch eine unbewiesene Tatsache, dass Bewusstsein und Erinnerungen ausschlie\u00dflich in unserem Gehirn produziert und gespeichert werden. Schon seit Dutzenden von Jahren versucht man, diese Funktionen im Gehirn zu lokalisieren, aber bis heute ist dies nicht gelungen, und es ist noch immer fraglich, ob es je gelingen wird.\u00a0\u00a0<\/em><\/p>\n<p><a href=\"https:\/\/manipogo.de\/wp-content\/uploads\/cosmic-3.jpg\"><img loading=\"lazy\" decoding=\"async\" class=\"aligncenter wp-image-44594\" src=\"https:\/\/manipogo.de\/wp-content\/uploads\/cosmic-3.jpg\" alt=\"\" width=\"540\" height=\"271\" srcset=\"https:\/\/manipogo.de\/wp-content\/uploads\/cosmic-3.jpg 400w, https:\/\/manipogo.de\/wp-content\/uploads\/cosmic-3-300x151.jpg 300w\" sizes=\"auto, (max-width: 540px) 100vw, 540px\" \/><\/a><\/p>\n<p>Das Gehirn besitzt\u00a010<sup>14\u00a0 <\/sup>Synapsen, das ist eine kaum vorstellbare Zahl. Synapsen verbinden die Neuronen untereinander, etwa 1000 gehen von jedem Neuron aus, und auf 1 Kubikzentimeter gibt es im Gehirn 100 Millionen Neuronen. Dennoch<\/p>\n<p><em>errechnete der Compterspezialist Simon Berkevich, dass die Kapazit\u00e4t des Gehirns trotz dieser riesigen Zahl von Neuronen immer noch vollkommen unzureichend daf\u00fcr w\u00e4re, alle Erinnerungen unseres Lebens und die damit verbundenen assoziativen Gedanken und Gef\u00fchle zu speichern. &#8230; Auch der Neurobiologe Herms Romjin (1940-2002) &#8230; hat nachgewiesen, dass das Speichern aller Erinnerungen im Gehirn anatomisch und funktionell unm\u00f6glich ist.<\/em><\/p>\n<p>Das Gehirn verbraucht mit seinen eineinhalb Kilogramm 20 Prozent unserer K\u00f6rperenergie. Um sich hier zu f\u00fchlen und Gedanken und Gef\u00fchle zu haben, bedarf es eines funktionierenden Systems aus vielen Gehirnzentren. &#8230;<\/p>\n<p><em>Es erscheint immer unwahrscheinlicher, dass das Bewusstsein einzig und allein ein Produkt des Gehirns ist. Nicht nur weil die messbaren Aktivit\u00e4ten des Gehirns nichts \u00fcber den Inhalt von Gef\u00fchlen und Gedanken aussagen, sondern auch weil das Bewusstsein in der Lage ist, die Anatomie und Funktionsweise des Gehirns zu ver\u00e4ndern (Neuroplastizit\u00e4t, Placebo). Weiterhin wurde nachgewiesen, dass Bewusstsein (in einer NDE) unabh\u00e4ngig von einer Gehirnt\u00e4tigkeit erfahren werden kann.\u00a0<\/em><\/p>\n<p><a href=\"https:\/\/manipogo.de\/wp-content\/uploads\/1000013385-1.jpg\"><img loading=\"lazy\" decoding=\"async\" class=\"aligncenter size-full wp-image-44593\" src=\"https:\/\/manipogo.de\/wp-content\/uploads\/1000013385-1.jpg\" alt=\"\" width=\"540\" height=\"405\" srcset=\"https:\/\/manipogo.de\/wp-content\/uploads\/1000013385-1.jpg 540w, https:\/\/manipogo.de\/wp-content\/uploads\/1000013385-1-300x225.jpg 300w\" sizes=\"auto, (max-width: 540px) 100vw, 540px\" \/><\/a><\/p>\n<p>Um einen Zusammenhang zwischen Gehirn und Bewusstsein herzustellen, brauchen wir noch den <strong>nicht-lokalen Raum<\/strong>. Diese Nicht-Lokalit\u00e4t ben\u00f6tigt f\u00fcr Wirkungen nicht die r\u00e4umliche N\u00e4he oder so etwas wie Ursache und Wirkung. Im nicht-lokalen Raum gibt es keine Materie, nur Wahrscheinlichkeiten, die jedoch, wenn das Bewusstsein eingreift (wenn ich etwa etwas messe), zusammenbrechen und Teilchen produzieren. Der nicht-lokale Raum ist ein Vakuum.<\/p>\n<p>Der nicht-lokale Raum ist eine verborgene Wirklichkeit. Alles, was wir sehen, existiert in jenem Raum geisterhaft, als \u00bbInteraktion von Quantenzust\u00e4nden\u00ab, und van Lommel schreibt:<\/p>\n<p><em>Alles Sichtbare entspringt dem Unsichtbaren.\u00a0\u00a0<\/em><\/p>\n<p>Einige Physiker vertraten die Ansicht, dass Bewusstsein im Universum von Anfang an existent ist und alle Materie subjektive Eigenschaften oder Bewusstsein aufweist. Bewusstsein ist demnach nicht-lokal und fungiert als Ursprung oder \u00bbFundament\u00ab aller Dinge.<\/p>\n<p>Und zwischen dem Bewusstsein und dem Gehirn gibt es Schnittstellen.<\/p>\n<p>&nbsp;<\/p>\n<p>Verwandter Artikel:<\/p>\n<p><a href=\"https:\/\/manipogo.de\/?p=36759\">Du, dein Gehirn<\/a> \u2013 <a href=\"https:\/\/manipogo.de\/?p=23327\">Gehirn, Psyche, Geist<\/a> \u2013 <a href=\"https:\/\/manipogo.de\/?p=43121\">Brenda Dunne und PK, PEAR und RNG\u00a0<\/a><\/p>\n<p>&nbsp;<\/p>\n<p>&nbsp;<\/p>\n<p>&nbsp;<\/p>\n","protected":false},"excerpt":{"rendered":"<p>Von Neurologie habe ich keine Ahnung und von Medizin sehr wenig, darum werde ich in diesem Beitrag \u00fcbers menschliche Gehirn vorwiegend Pim van Lommel zitieren. Es geht uns ja eher ums Bewusstsein als ums Gehirn, und das kommt morgen dran.<\/p>\n","protected":false},"author":1,"featured_media":0,"comment_status":"closed","ping_status":"closed","sticky":false,"template":"","format":"standard","meta":{"footnotes":""},"categories":[1349],"tags":[235,181],"class_list":["post-44587","post","type-post","status-publish","format-standard","hentry","category-medizin","tag-bewusstsein","tag-gehirn"],"yoast_head":"<!-- This site is optimized with the Yoast SEO plugin v27.3 - https:\/\/yoast.com\/product\/yoast-seo-wordpress\/ -->\n<title>Unser Gehirn - manipogo<\/title>\n<meta name=\"description\" content=\"Pim van Lommel schreibt, dass das Gehirn nicht in der Lage sei, alle Erinnerungen und Gef\u00fchle zu speichern. Es \u00fcbertr\u00e4gt das Bewusstsein, das im nicht-lokalen Raum anwesend ist, einem Vakuum voller Wahrscheinlichkeiten, die durch es zu Materie werden.\" \/>\n<meta name=\"robots\" content=\"index, follow, max-snippet:-1, max-image-preview:large, max-video-preview:-1\" \/>\n<link rel=\"canonical\" href=\"https:\/\/manipogo.de\/?p=44587\" \/>\n<meta property=\"og:locale\" content=\"de_DE\" \/>\n<meta property=\"og:type\" content=\"article\" \/>\n<meta property=\"og:title\" content=\"Unser Gehirn - manipogo\" \/>\n<meta property=\"og:description\" content=\"Pim van Lommel schreibt, dass das Gehirn nicht in der Lage sei, alle Erinnerungen und Gef\u00fchle zu speichern. Es \u00fcbertr\u00e4gt das Bewusstsein, das im nicht-lokalen Raum anwesend ist, einem Vakuum voller Wahrscheinlichkeiten, die durch es zu Materie werden.\" \/>\n<meta property=\"og:url\" content=\"https:\/\/manipogo.de\/?p=44587\" \/>\n<meta property=\"og:site_name\" content=\"manipogo\" \/>\n<meta property=\"article:published_time\" content=\"2026-04-02T23:47:21+00:00\" \/>\n<meta property=\"og:image\" content=\"https:\/\/manipogo.de\/wp-content\/uploads\/cosmic-3.jpg\" \/>\n\t<meta property=\"og:image:width\" content=\"400\" \/>\n\t<meta property=\"og:image:height\" content=\"201\" \/>\n\t<meta property=\"og:image:type\" content=\"image\/jpeg\" \/>\n<meta name=\"author\" content=\"web108\" \/>\n<meta name=\"twitter:card\" content=\"summary_large_image\" \/>\n<meta name=\"twitter:label1\" content=\"Verfasst von\" \/>\n\t<meta name=\"twitter:data1\" content=\"web108\" \/>\n\t<meta name=\"twitter:label2\" content=\"Gesch\u00e4tzte Lesezeit\" \/>\n\t<meta name=\"twitter:data2\" content=\"3\u00a0Minuten\" \/>\n<script type=\"application\/ld+json\" class=\"yoast-schema-graph\">{\"@context\":\"https:\\\/\\\/schema.org\",\"@graph\":[{\"@type\":\"Article\",\"@id\":\"https:\\\/\\\/manipogo.de\\\/?p=44587#article\",\"isPartOf\":{\"@id\":\"https:\\\/\\\/manipogo.de\\\/?p=44587\"},\"author\":{\"name\":\"web108\",\"@id\":\"https:\\\/\\\/manipogo.de\\\/#\\\/schema\\\/person\\\/991913de0e39267877f234553fd7f58d\"},\"headline\":\"Unser Gehirn\",\"datePublished\":\"2026-04-02T23:47:21+00:00\",\"mainEntityOfPage\":{\"@id\":\"https:\\\/\\\/manipogo.de\\\/?p=44587\"},\"wordCount\":451,\"image\":{\"@id\":\"https:\\\/\\\/manipogo.de\\\/?p=44587#primaryimage\"},\"thumbnailUrl\":\"https:\\\/\\\/manipogo.de\\\/wp-content\\\/uploads\\\/cosmic-3.jpg\",\"keywords\":[\"Bewusstsein\",\"Gehirn\"],\"articleSection\":[\"Medizin\"],\"inLanguage\":\"de\"},{\"@type\":\"WebPage\",\"@id\":\"https:\\\/\\\/manipogo.de\\\/?p=44587\",\"url\":\"https:\\\/\\\/manipogo.de\\\/?p=44587\",\"name\":\"Unser Gehirn - manipogo\",\"isPartOf\":{\"@id\":\"https:\\\/\\\/manipogo.de\\\/#website\"},\"primaryImageOfPage\":{\"@id\":\"https:\\\/\\\/manipogo.de\\\/?p=44587#primaryimage\"},\"image\":{\"@id\":\"https:\\\/\\\/manipogo.de\\\/?p=44587#primaryimage\"},\"thumbnailUrl\":\"https:\\\/\\\/manipogo.de\\\/wp-content\\\/uploads\\\/cosmic-3.jpg\",\"datePublished\":\"2026-04-02T23:47:21+00:00\",\"author\":{\"@id\":\"https:\\\/\\\/manipogo.de\\\/#\\\/schema\\\/person\\\/991913de0e39267877f234553fd7f58d\"},\"description\":\"Pim van Lommel schreibt, dass das Gehirn nicht in der Lage sei, alle Erinnerungen und Gef\u00fchle zu speichern. Es \u00fcbertr\u00e4gt das Bewusstsein, das im nicht-lokalen Raum anwesend ist, einem Vakuum voller Wahrscheinlichkeiten, die durch es zu Materie werden.\",\"breadcrumb\":{\"@id\":\"https:\\\/\\\/manipogo.de\\\/?p=44587#breadcrumb\"},\"inLanguage\":\"de\",\"potentialAction\":[{\"@type\":\"ReadAction\",\"target\":[\"https:\\\/\\\/manipogo.de\\\/?p=44587\"]}]},{\"@type\":\"ImageObject\",\"inLanguage\":\"de\",\"@id\":\"https:\\\/\\\/manipogo.de\\\/?p=44587#primaryimage\",\"url\":\"https:\\\/\\\/manipogo.de\\\/wp-content\\\/uploads\\\/cosmic-3.jpg\",\"contentUrl\":\"https:\\\/\\\/manipogo.de\\\/wp-content\\\/uploads\\\/cosmic-3.jpg\"},{\"@type\":\"BreadcrumbList\",\"@id\":\"https:\\\/\\\/manipogo.de\\\/?p=44587#breadcrumb\",\"itemListElement\":[{\"@type\":\"ListItem\",\"position\":1,\"name\":\"Startseite\",\"item\":\"https:\\\/\\\/manipogo.de\\\/\"},{\"@type\":\"ListItem\",\"position\":2,\"name\":\"Unser Gehirn\"}]},{\"@type\":\"WebSite\",\"@id\":\"https:\\\/\\\/manipogo.de\\\/#website\",\"url\":\"https:\\\/\\\/manipogo.de\\\/\",\"name\":\"manipogo\",\"description\":\"Gott und die Welt\",\"potentialAction\":[{\"@type\":\"SearchAction\",\"target\":{\"@type\":\"EntryPoint\",\"urlTemplate\":\"https:\\\/\\\/manipogo.de\\\/?s={search_term_string}\"},\"query-input\":{\"@type\":\"PropertyValueSpecification\",\"valueRequired\":true,\"valueName\":\"search_term_string\"}}],\"inLanguage\":\"de\"},{\"@type\":\"Person\",\"@id\":\"https:\\\/\\\/manipogo.de\\\/#\\\/schema\\\/person\\\/991913de0e39267877f234553fd7f58d\",\"name\":\"web108\",\"url\":\"https:\\\/\\\/manipogo.de\\\/?author=1\"}]}<\/script>\n<!-- \/ Yoast SEO plugin. -->","yoast_head_json":{"title":"Unser Gehirn - manipogo","description":"Pim van Lommel schreibt, dass das Gehirn nicht in der Lage sei, alle Erinnerungen und Gef\u00fchle zu speichern. Es \u00fcbertr\u00e4gt das Bewusstsein, das im nicht-lokalen Raum anwesend ist, einem Vakuum voller Wahrscheinlichkeiten, die durch es zu Materie werden.","robots":{"index":"index","follow":"follow","max-snippet":"max-snippet:-1","max-image-preview":"max-image-preview:large","max-video-preview":"max-video-preview:-1"},"canonical":"https:\/\/manipogo.de\/?p=44587","og_locale":"de_DE","og_type":"article","og_title":"Unser Gehirn - manipogo","og_description":"Pim van Lommel schreibt, dass das Gehirn nicht in der Lage sei, alle Erinnerungen und Gef\u00fchle zu speichern. Es \u00fcbertr\u00e4gt das Bewusstsein, das im nicht-lokalen Raum anwesend ist, einem Vakuum voller Wahrscheinlichkeiten, die durch es zu Materie werden.","og_url":"https:\/\/manipogo.de\/?p=44587","og_site_name":"manipogo","article_published_time":"2026-04-02T23:47:21+00:00","og_image":[{"width":400,"height":201,"url":"https:\/\/manipogo.de\/wp-content\/uploads\/cosmic-3.jpg","type":"image\/jpeg"}],"author":"web108","twitter_card":"summary_large_image","twitter_misc":{"Verfasst von":"web108","Gesch\u00e4tzte Lesezeit":"3\u00a0Minuten"},"schema":{"@context":"https:\/\/schema.org","@graph":[{"@type":"Article","@id":"https:\/\/manipogo.de\/?p=44587#article","isPartOf":{"@id":"https:\/\/manipogo.de\/?p=44587"},"author":{"name":"web108","@id":"https:\/\/manipogo.de\/#\/schema\/person\/991913de0e39267877f234553fd7f58d"},"headline":"Unser Gehirn","datePublished":"2026-04-02T23:47:21+00:00","mainEntityOfPage":{"@id":"https:\/\/manipogo.de\/?p=44587"},"wordCount":451,"image":{"@id":"https:\/\/manipogo.de\/?p=44587#primaryimage"},"thumbnailUrl":"https:\/\/manipogo.de\/wp-content\/uploads\/cosmic-3.jpg","keywords":["Bewusstsein","Gehirn"],"articleSection":["Medizin"],"inLanguage":"de"},{"@type":"WebPage","@id":"https:\/\/manipogo.de\/?p=44587","url":"https:\/\/manipogo.de\/?p=44587","name":"Unser Gehirn - manipogo","isPartOf":{"@id":"https:\/\/manipogo.de\/#website"},"primaryImageOfPage":{"@id":"https:\/\/manipogo.de\/?p=44587#primaryimage"},"image":{"@id":"https:\/\/manipogo.de\/?p=44587#primaryimage"},"thumbnailUrl":"https:\/\/manipogo.de\/wp-content\/uploads\/cosmic-3.jpg","datePublished":"2026-04-02T23:47:21+00:00","author":{"@id":"https:\/\/manipogo.de\/#\/schema\/person\/991913de0e39267877f234553fd7f58d"},"description":"Pim van Lommel schreibt, dass das Gehirn nicht in der Lage sei, alle Erinnerungen und Gef\u00fchle zu speichern. Es \u00fcbertr\u00e4gt das Bewusstsein, das im nicht-lokalen Raum anwesend ist, einem Vakuum voller Wahrscheinlichkeiten, die durch es zu Materie werden.","breadcrumb":{"@id":"https:\/\/manipogo.de\/?p=44587#breadcrumb"},"inLanguage":"de","potentialAction":[{"@type":"ReadAction","target":["https:\/\/manipogo.de\/?p=44587"]}]},{"@type":"ImageObject","inLanguage":"de","@id":"https:\/\/manipogo.de\/?p=44587#primaryimage","url":"https:\/\/manipogo.de\/wp-content\/uploads\/cosmic-3.jpg","contentUrl":"https:\/\/manipogo.de\/wp-content\/uploads\/cosmic-3.jpg"},{"@type":"BreadcrumbList","@id":"https:\/\/manipogo.de\/?p=44587#breadcrumb","itemListElement":[{"@type":"ListItem","position":1,"name":"Startseite","item":"https:\/\/manipogo.de\/"},{"@type":"ListItem","position":2,"name":"Unser Gehirn"}]},{"@type":"WebSite","@id":"https:\/\/manipogo.de\/#website","url":"https:\/\/manipogo.de\/","name":"manipogo","description":"Gott und die Welt","potentialAction":[{"@type":"SearchAction","target":{"@type":"EntryPoint","urlTemplate":"https:\/\/manipogo.de\/?s={search_term_string}"},"query-input":{"@type":"PropertyValueSpecification","valueRequired":true,"valueName":"search_term_string"}}],"inLanguage":"de"},{"@type":"Person","@id":"https:\/\/manipogo.de\/#\/schema\/person\/991913de0e39267877f234553fd7f58d","name":"web108","url":"https:\/\/manipogo.de\/?author=1"}]}},"_links":{"self":[{"href":"https:\/\/manipogo.de\/index.php?rest_route=\/wp\/v2\/posts\/44587","targetHints":{"allow":["GET"]}}],"collection":[{"href":"https:\/\/manipogo.de\/index.php?rest_route=\/wp\/v2\/posts"}],"about":[{"href":"https:\/\/manipogo.de\/index.php?rest_route=\/wp\/v2\/types\/post"}],"author":[{"embeddable":true,"href":"https:\/\/manipogo.de\/index.php?rest_route=\/wp\/v2\/users\/1"}],"replies":[{"embeddable":true,"href":"https:\/\/manipogo.de\/index.php?rest_route=%2Fwp%2Fv2%2Fcomments&post=44587"}],"version-history":[{"count":7,"href":"https:\/\/manipogo.de\/index.php?rest_route=\/wp\/v2\/posts\/44587\/revisions"}],"predecessor-version":[{"id":45328,"href":"https:\/\/manipogo.de\/index.php?rest_route=\/wp\/v2\/posts\/44587\/revisions\/45328"}],"wp:attachment":[{"href":"https:\/\/manipogo.de\/index.php?rest_route=%2Fwp%2Fv2%2Fmedia&parent=44587"}],"wp:term":[{"taxonomy":"category","embeddable":true,"href":"https:\/\/manipogo.de\/index.php?rest_route=%2Fwp%2Fv2%2Fcategories&post=44587"},{"taxonomy":"post_tag","embeddable":true,"href":"https:\/\/manipogo.de\/index.php?rest_route=%2Fwp%2Fv2%2Ftags&post=44587"}],"curies":[{"name":"wp","href":"https:\/\/api.w.org\/{rel}","templated":true}]}}