{"id":44648,"date":"2026-03-22T01:40:40","date_gmt":"2026-03-22T00:40:40","guid":{"rendered":"https:\/\/manipogo.de\/?p=44648"},"modified":"2026-03-21T22:21:03","modified_gmt":"2026-03-21T21:21:03","slug":"geister-in-basel-2","status":"publish","type":"post","link":"https:\/\/manipogo.de\/?p=44648","title":{"rendered":"Geister-Austreibung"},"content":{"rendered":"<p>Eine Woche vor Ende der Ausstellung <em>Geister<\/em> im Kunstmuseum Basel war ich dort und habe sie mir angesehen. Was an meinen Ausf\u00fchrungen zu einem Artikel in der <em>Badischen Zeitung<\/em> vor 5 Monaten (zum Beginn der Ausstellung) nicht viel \u00e4ndert. Der Geist als reale Gestalt wurde gezeigt, die Texte hierzu demontierten ihn jedoch. <!--more--><\/p>\n<p>Man darf ja ein paar Bilder zeigen, sie sind alt, und die Ausstellung ist seit 2 Wochen zu Ende. Schon der Text am Eingang irritierte mich. Da hie\u00df es:<\/p>\n<p><em><a href=\"https:\/\/manipogo.de\/wp-content\/uploads\/mistyghost-4.jpg\"><img loading=\"lazy\" decoding=\"async\" class=\"alignright size-full wp-image-44654\" src=\"https:\/\/manipogo.de\/wp-content\/uploads\/mistyghost-4.jpg\" alt=\"\" width=\"195\" height=\"259\" \/><\/a>Auch wenn viele Menschen von pers\u00f6nlichen Erlebnissen berichten k\u00f6nnten &#8230;\u00a0<\/em><\/p>\n<p>Was doch ein einziger Buchstabe bewirkt! Denkt man ihn sich weg, stimmt es; doch er wurde eingef\u00fcgt. Durch das <strong>t<\/strong> in <strong><em>k\u00f6nnten<\/em><\/strong> entstand die M\u00f6glichkeitsform (<em>Konditional<\/em>), und so stimmt es eben nicht. Es ist nicht so, dass Menschen vielleicht etwas erlebt haben, es aber nicht berichteten, nein! Sie haben Geister erlebt und davon erz\u00e4hlt, seit Jahrhunderten tun sie das!(<em>Das Bild rechts war auch zu sehen, ich wei\u00df aber nicht, von wem es ist<\/em>)<\/p>\n<p>Und sollten wirklich 90 Prozent der Berichterstatter unter Drogen gestanden haben oder Betr\u00fcger gewesen sein, wie gern angedeutet wird, so blieben immer noch genug Zeugnisse, die f\u00fcr die Realit\u00e4t der Geister stehen.<\/p>\n<p>Die Ausstellungsmacher wollten ein knalliges Thema, das sie dann aber zu entsch\u00e4rfen trachteten, weil Kunstleute eben Realisten und Skeptiker sind, und Parapsychologen (die vom <em>Institut f\u00fcr Grenzgebiete der<\/em> <em>Psychologie<\/em> in Freiburg) sind es auch. Aber das ignorieren wir; Geister gibt es!<\/p>\n<p>Freuen wir uns an einigen Bildern.<\/p>\n<div id=\"attachment_44649\" style=\"width: 550px\" class=\"wp-caption aligncenter\"><a href=\"https:\/\/manipogo.de\/wp-content\/uploads\/VA_PC_2007BP2214-001-1.jpg\"><img loading=\"lazy\" decoding=\"async\" aria-describedby=\"caption-attachment-44649\" class=\"wp-image-44649 size-full\" src=\"https:\/\/manipogo.de\/wp-content\/uploads\/VA_PC_2007BP2214-001-1.jpg\" alt=\"\" width=\"540\" height=\"392\" srcset=\"https:\/\/manipogo.de\/wp-content\/uploads\/VA_PC_2007BP2214-001-1.jpg 540w, https:\/\/manipogo.de\/wp-content\/uploads\/VA_PC_2007BP2214-001-1-300x218.jpg 300w\" sizes=\"auto, (max-width: 540px) 100vw, 540px\" \/><\/a><p id=\"caption-attachment-44649\" class=\"wp-caption-text\">Saul und die Hexe von Endor von Benjamin West (1738-1820), 1777<\/p><\/div>\n<p>&nbsp;<\/p>\n<div id=\"attachment_44650\" style=\"width: 550px\" class=\"wp-caption aligncenter\"><a href=\"https:\/\/manipogo.de\/wp-content\/uploads\/IMG_20260301_105658.jpg\"><img loading=\"lazy\" decoding=\"async\" aria-describedby=\"caption-attachment-44650\" class=\"wp-image-44650 size-full\" src=\"https:\/\/manipogo.de\/wp-content\/uploads\/IMG_20260301_105658.jpg\" alt=\"\" width=\"540\" height=\"418\" srcset=\"https:\/\/manipogo.de\/wp-content\/uploads\/IMG_20260301_105658.jpg 540w, https:\/\/manipogo.de\/wp-content\/uploads\/IMG_20260301_105658-300x232.jpg 300w\" sizes=\"auto, (max-width: 540px) 100vw, 540px\" \/><\/a><p id=\"caption-attachment-44650\" class=\"wp-caption-text\">Speak! von John Everest Millais (1829-1896)<\/p><\/div>\n<p>&nbsp;<\/p>\n<div id=\"attachment_44651\" style=\"width: 550px\" class=\"wp-caption aligncenter\"><a href=\"https:\/\/manipogo.de\/wp-content\/uploads\/IMG_20260301_103624.jpg\"><img loading=\"lazy\" decoding=\"async\" aria-describedby=\"caption-attachment-44651\" class=\"wp-image-44651 size-full\" src=\"https:\/\/manipogo.de\/wp-content\/uploads\/IMG_20260301_103624.jpg\" alt=\"\" width=\"540\" height=\"434\" srcset=\"https:\/\/manipogo.de\/wp-content\/uploads\/IMG_20260301_103624.jpg 540w, https:\/\/manipogo.de\/wp-content\/uploads\/IMG_20260301_103624-300x241.jpg 300w\" sizes=\"auto, (max-width: 540px) 100vw, 540px\" \/><\/a><p id=\"caption-attachment-44651\" class=\"wp-caption-text\">Das ist toll f\u00fcr die Erlebnisse am Berg! Der Geisterj\u00e4ger, 1888, von William Blair Bruce (1859-1906)<\/p><\/div>\n<p>&nbsp;<\/p>\n<div id=\"attachment_44659\" style=\"width: 550px\" class=\"wp-caption aligncenter\"><a href=\"https:\/\/manipogo.de\/wp-content\/uploads\/IMG_20260301_110007.jpg\"><img loading=\"lazy\" decoding=\"async\" aria-describedby=\"caption-attachment-44659\" class=\"wp-image-44659 size-full\" src=\"https:\/\/manipogo.de\/wp-content\/uploads\/IMG_20260301_110007.jpg\" alt=\"\" width=\"540\" height=\"720\" srcset=\"https:\/\/manipogo.de\/wp-content\/uploads\/IMG_20260301_110007.jpg 540w, https:\/\/manipogo.de\/wp-content\/uploads\/IMG_20260301_110007-225x300.jpg 225w\" sizes=\"auto, (max-width: 540px) 100vw, 540px\" \/><\/a><p id=\"caption-attachment-44659\" class=\"wp-caption-text\">Blick in die \u00d6rtlichkeit. Oben ein Blick in die Spuk-Abteilung, und die Treppe geht&#8217;s hinab in die Sammlung des 20. Jahrhunderts. Es ist ein wunderbares Museum.<\/p><\/div>\n<p>&nbsp;<\/p>\n<div id=\"attachment_44653\" style=\"width: 550px\" class=\"wp-caption aligncenter\"><a href=\"https:\/\/manipogo.de\/wp-content\/uploads\/IMG_20260301_104849.jpg\"><img loading=\"lazy\" decoding=\"async\" aria-describedby=\"caption-attachment-44653\" class=\"wp-image-44653 size-full\" src=\"https:\/\/manipogo.de\/wp-content\/uploads\/IMG_20260301_104849.jpg\" alt=\"\" width=\"540\" height=\"424\" srcset=\"https:\/\/manipogo.de\/wp-content\/uploads\/IMG_20260301_104849.jpg 540w, https:\/\/manipogo.de\/wp-content\/uploads\/IMG_20260301_104849-300x236.jpg 300w\" sizes=\"auto, (max-width: 540px) 100vw, 540px\" \/><\/a><p id=\"caption-attachment-44653\" class=\"wp-caption-text\">Corinne Mae Botz (1977 geboren) fotografierte 42 Szenen aus Spukh\u00e4usern; hier sehen wir 12<\/p><\/div>\n<p>&nbsp;<\/p>\n<p>Zum Spuk h\u00e4tte man sich eine professionelle Erkl\u00e4rung gew\u00fcnscht; stattdessen haben sie ein riesiges wei\u00dfes abgewracktes Haus von Rachel Whitehead hingestellt, weil es ja darum ging, das unsichtbare \u00dcbersinnliche zu \u00bbvisualisieren\u00ab, um jeden Preis. Na ja, die Geister hatten mal wieder ihren Auftritt, freuen wir uns dar\u00fcber, ich hatte am 1. M\u00e4rz Sonne und setzte mich noch mit einem Bierchen mit vielen anderen an den Rhein. Das andere Museum hatte ich da auch schon hinter mir, den <em>Weg ins Jenseits<\/em>, und das schauen wir uns morgen an.<\/p>\n<p>Verwandte Artikel:<\/p>\n<p><a href=\"https:\/\/manipogo.de\/?p=42315\">&#8222;Geister&#8220; im Basler Kunstmuseum<\/a> \u2013 <a href=\"https:\/\/manipogo.de\/?p=29615\">Else Blankenhorn<\/a><\/p>\n<p>&nbsp;<\/p>\n","protected":false},"excerpt":{"rendered":"<p>Eine Woche vor Ende der Ausstellung Geister im Kunstmuseum Basel war ich dort und habe sie mir angesehen. Was an meinen Ausf\u00fchrungen zu einem Artikel in der Badischen Zeitung vor 5 Monaten (zum Beginn der Ausstellung) nicht viel \u00e4ndert. Der Geist als reale Gestalt wurde gezeigt, die Texte hierzu demontierten ihn jedoch.<\/p>\n","protected":false},"author":1,"featured_media":0,"comment_status":"closed","ping_status":"closed","sticky":false,"template":"","format":"standard","meta":{"footnotes":""},"categories":[1225],"tags":[73,90],"class_list":["post-44648","post","type-post","status-publish","format-standard","hentry","category-jenseitspsi","tag-geister","tag-kunst"],"yoast_head":"<!-- This site is optimized with the Yoast SEO plugin v27.3 - https:\/\/yoast.com\/product\/yoast-seo-wordpress\/ -->\n<title>Geister-Austreibung - manipogo<\/title>\n<meta name=\"description\" content=\"Die Ausstellung &quot;Geister&quot; im Basler Kunstmuseum schloss am 8. M\u00e4rz. Eine Woche davor war ich noch dort, das musste ich schon sehen. Ein kurzer Einblick.\" \/>\n<meta name=\"robots\" content=\"index, follow, max-snippet:-1, max-image-preview:large, max-video-preview:-1\" \/>\n<link rel=\"canonical\" href=\"https:\/\/manipogo.de\/?p=44648\" \/>\n<meta property=\"og:locale\" content=\"de_DE\" \/>\n<meta property=\"og:type\" content=\"article\" \/>\n<meta property=\"og:title\" content=\"Geister-Austreibung - manipogo\" \/>\n<meta property=\"og:description\" content=\"Die Ausstellung &quot;Geister&quot; im Basler Kunstmuseum schloss am 8. M\u00e4rz. Eine Woche davor war ich noch dort, das musste ich schon sehen. Ein kurzer Einblick.\" \/>\n<meta property=\"og:url\" content=\"https:\/\/manipogo.de\/?p=44648\" \/>\n<meta property=\"og:site_name\" content=\"manipogo\" \/>\n<meta property=\"article:published_time\" content=\"2026-03-22T00:40:40+00:00\" \/>\n<meta property=\"og:image\" content=\"https:\/\/manipogo.de\/wp-content\/uploads\/mistyghost-4.jpg\" \/>\n\t<meta property=\"og:image:width\" content=\"195\" \/>\n\t<meta property=\"og:image:height\" content=\"259\" \/>\n\t<meta property=\"og:image:type\" content=\"image\/jpeg\" \/>\n<meta name=\"author\" content=\"web108\" \/>\n<meta name=\"twitter:card\" content=\"summary_large_image\" \/>\n<meta name=\"twitter:label1\" content=\"Verfasst von\" \/>\n\t<meta name=\"twitter:data1\" content=\"web108\" \/>\n\t<meta name=\"twitter:label2\" content=\"Gesch\u00e4tzte Lesezeit\" \/>\n\t<meta name=\"twitter:data2\" content=\"4\u00a0Minuten\" \/>\n<script type=\"application\/ld+json\" class=\"yoast-schema-graph\">{\"@context\":\"https:\\\/\\\/schema.org\",\"@graph\":[{\"@type\":\"Article\",\"@id\":\"https:\\\/\\\/manipogo.de\\\/?p=44648#article\",\"isPartOf\":{\"@id\":\"https:\\\/\\\/manipogo.de\\\/?p=44648\"},\"author\":{\"name\":\"web108\",\"@id\":\"https:\\\/\\\/manipogo.de\\\/#\\\/schema\\\/person\\\/991913de0e39267877f234553fd7f58d\"},\"headline\":\"Geister-Austreibung\",\"datePublished\":\"2026-03-22T00:40:40+00:00\",\"mainEntityOfPage\":{\"@id\":\"https:\\\/\\\/manipogo.de\\\/?p=44648\"},\"wordCount\":465,\"image\":{\"@id\":\"https:\\\/\\\/manipogo.de\\\/?p=44648#primaryimage\"},\"thumbnailUrl\":\"https:\\\/\\\/manipogo.de\\\/wp-content\\\/uploads\\\/mistyghost-4.jpg\",\"keywords\":[\"Geister\",\"Kunst\"],\"articleSection\":[\"Jenseits\\\/Psi\"],\"inLanguage\":\"de\"},{\"@type\":\"WebPage\",\"@id\":\"https:\\\/\\\/manipogo.de\\\/?p=44648\",\"url\":\"https:\\\/\\\/manipogo.de\\\/?p=44648\",\"name\":\"Geister-Austreibung - manipogo\",\"isPartOf\":{\"@id\":\"https:\\\/\\\/manipogo.de\\\/#website\"},\"primaryImageOfPage\":{\"@id\":\"https:\\\/\\\/manipogo.de\\\/?p=44648#primaryimage\"},\"image\":{\"@id\":\"https:\\\/\\\/manipogo.de\\\/?p=44648#primaryimage\"},\"thumbnailUrl\":\"https:\\\/\\\/manipogo.de\\\/wp-content\\\/uploads\\\/mistyghost-4.jpg\",\"datePublished\":\"2026-03-22T00:40:40+00:00\",\"author\":{\"@id\":\"https:\\\/\\\/manipogo.de\\\/#\\\/schema\\\/person\\\/991913de0e39267877f234553fd7f58d\"},\"description\":\"Die Ausstellung \\\"Geister\\\" im Basler Kunstmuseum schloss am 8. M\u00e4rz. Eine Woche davor war ich noch dort, das musste ich schon sehen. Ein kurzer Einblick.\",\"breadcrumb\":{\"@id\":\"https:\\\/\\\/manipogo.de\\\/?p=44648#breadcrumb\"},\"inLanguage\":\"de\",\"potentialAction\":[{\"@type\":\"ReadAction\",\"target\":[\"https:\\\/\\\/manipogo.de\\\/?p=44648\"]}]},{\"@type\":\"ImageObject\",\"inLanguage\":\"de\",\"@id\":\"https:\\\/\\\/manipogo.de\\\/?p=44648#primaryimage\",\"url\":\"https:\\\/\\\/manipogo.de\\\/wp-content\\\/uploads\\\/mistyghost-4.jpg\",\"contentUrl\":\"https:\\\/\\\/manipogo.de\\\/wp-content\\\/uploads\\\/mistyghost-4.jpg\"},{\"@type\":\"BreadcrumbList\",\"@id\":\"https:\\\/\\\/manipogo.de\\\/?p=44648#breadcrumb\",\"itemListElement\":[{\"@type\":\"ListItem\",\"position\":1,\"name\":\"Startseite\",\"item\":\"https:\\\/\\\/manipogo.de\\\/\"},{\"@type\":\"ListItem\",\"position\":2,\"name\":\"Geister-Austreibung\"}]},{\"@type\":\"WebSite\",\"@id\":\"https:\\\/\\\/manipogo.de\\\/#website\",\"url\":\"https:\\\/\\\/manipogo.de\\\/\",\"name\":\"manipogo\",\"description\":\"Gott und die Welt\",\"potentialAction\":[{\"@type\":\"SearchAction\",\"target\":{\"@type\":\"EntryPoint\",\"urlTemplate\":\"https:\\\/\\\/manipogo.de\\\/?s={search_term_string}\"},\"query-input\":{\"@type\":\"PropertyValueSpecification\",\"valueRequired\":true,\"valueName\":\"search_term_string\"}}],\"inLanguage\":\"de\"},{\"@type\":\"Person\",\"@id\":\"https:\\\/\\\/manipogo.de\\\/#\\\/schema\\\/person\\\/991913de0e39267877f234553fd7f58d\",\"name\":\"web108\",\"url\":\"https:\\\/\\\/manipogo.de\\\/?author=1\"}]}<\/script>\n<!-- \/ Yoast SEO plugin. -->","yoast_head_json":{"title":"Geister-Austreibung - manipogo","description":"Die Ausstellung \"Geister\" im Basler Kunstmuseum schloss am 8. M\u00e4rz. Eine Woche davor war ich noch dort, das musste ich schon sehen. Ein kurzer Einblick.","robots":{"index":"index","follow":"follow","max-snippet":"max-snippet:-1","max-image-preview":"max-image-preview:large","max-video-preview":"max-video-preview:-1"},"canonical":"https:\/\/manipogo.de\/?p=44648","og_locale":"de_DE","og_type":"article","og_title":"Geister-Austreibung - manipogo","og_description":"Die Ausstellung \"Geister\" im Basler Kunstmuseum schloss am 8. M\u00e4rz. Eine Woche davor war ich noch dort, das musste ich schon sehen. Ein kurzer Einblick.","og_url":"https:\/\/manipogo.de\/?p=44648","og_site_name":"manipogo","article_published_time":"2026-03-22T00:40:40+00:00","og_image":[{"width":195,"height":259,"url":"https:\/\/manipogo.de\/wp-content\/uploads\/mistyghost-4.jpg","type":"image\/jpeg"}],"author":"web108","twitter_card":"summary_large_image","twitter_misc":{"Verfasst von":"web108","Gesch\u00e4tzte Lesezeit":"4\u00a0Minuten"},"schema":{"@context":"https:\/\/schema.org","@graph":[{"@type":"Article","@id":"https:\/\/manipogo.de\/?p=44648#article","isPartOf":{"@id":"https:\/\/manipogo.de\/?p=44648"},"author":{"name":"web108","@id":"https:\/\/manipogo.de\/#\/schema\/person\/991913de0e39267877f234553fd7f58d"},"headline":"Geister-Austreibung","datePublished":"2026-03-22T00:40:40+00:00","mainEntityOfPage":{"@id":"https:\/\/manipogo.de\/?p=44648"},"wordCount":465,"image":{"@id":"https:\/\/manipogo.de\/?p=44648#primaryimage"},"thumbnailUrl":"https:\/\/manipogo.de\/wp-content\/uploads\/mistyghost-4.jpg","keywords":["Geister","Kunst"],"articleSection":["Jenseits\/Psi"],"inLanguage":"de"},{"@type":"WebPage","@id":"https:\/\/manipogo.de\/?p=44648","url":"https:\/\/manipogo.de\/?p=44648","name":"Geister-Austreibung - manipogo","isPartOf":{"@id":"https:\/\/manipogo.de\/#website"},"primaryImageOfPage":{"@id":"https:\/\/manipogo.de\/?p=44648#primaryimage"},"image":{"@id":"https:\/\/manipogo.de\/?p=44648#primaryimage"},"thumbnailUrl":"https:\/\/manipogo.de\/wp-content\/uploads\/mistyghost-4.jpg","datePublished":"2026-03-22T00:40:40+00:00","author":{"@id":"https:\/\/manipogo.de\/#\/schema\/person\/991913de0e39267877f234553fd7f58d"},"description":"Die Ausstellung \"Geister\" im Basler Kunstmuseum schloss am 8. M\u00e4rz. Eine Woche davor war ich noch dort, das musste ich schon sehen. Ein kurzer Einblick.","breadcrumb":{"@id":"https:\/\/manipogo.de\/?p=44648#breadcrumb"},"inLanguage":"de","potentialAction":[{"@type":"ReadAction","target":["https:\/\/manipogo.de\/?p=44648"]}]},{"@type":"ImageObject","inLanguage":"de","@id":"https:\/\/manipogo.de\/?p=44648#primaryimage","url":"https:\/\/manipogo.de\/wp-content\/uploads\/mistyghost-4.jpg","contentUrl":"https:\/\/manipogo.de\/wp-content\/uploads\/mistyghost-4.jpg"},{"@type":"BreadcrumbList","@id":"https:\/\/manipogo.de\/?p=44648#breadcrumb","itemListElement":[{"@type":"ListItem","position":1,"name":"Startseite","item":"https:\/\/manipogo.de\/"},{"@type":"ListItem","position":2,"name":"Geister-Austreibung"}]},{"@type":"WebSite","@id":"https:\/\/manipogo.de\/#website","url":"https:\/\/manipogo.de\/","name":"manipogo","description":"Gott und die Welt","potentialAction":[{"@type":"SearchAction","target":{"@type":"EntryPoint","urlTemplate":"https:\/\/manipogo.de\/?s={search_term_string}"},"query-input":{"@type":"PropertyValueSpecification","valueRequired":true,"valueName":"search_term_string"}}],"inLanguage":"de"},{"@type":"Person","@id":"https:\/\/manipogo.de\/#\/schema\/person\/991913de0e39267877f234553fd7f58d","name":"web108","url":"https:\/\/manipogo.de\/?author=1"}]}},"_links":{"self":[{"href":"https:\/\/manipogo.de\/index.php?rest_route=\/wp\/v2\/posts\/44648","targetHints":{"allow":["GET"]}}],"collection":[{"href":"https:\/\/manipogo.de\/index.php?rest_route=\/wp\/v2\/posts"}],"about":[{"href":"https:\/\/manipogo.de\/index.php?rest_route=\/wp\/v2\/types\/post"}],"author":[{"embeddable":true,"href":"https:\/\/manipogo.de\/index.php?rest_route=\/wp\/v2\/users\/1"}],"replies":[{"embeddable":true,"href":"https:\/\/manipogo.de\/index.php?rest_route=%2Fwp%2Fv2%2Fcomments&post=44648"}],"version-history":[{"count":5,"href":"https:\/\/manipogo.de\/index.php?rest_route=\/wp\/v2\/posts\/44648\/revisions"}],"predecessor-version":[{"id":45025,"href":"https:\/\/manipogo.de\/index.php?rest_route=\/wp\/v2\/posts\/44648\/revisions\/45025"}],"wp:attachment":[{"href":"https:\/\/manipogo.de\/index.php?rest_route=%2Fwp%2Fv2%2Fmedia&parent=44648"}],"wp:term":[{"taxonomy":"category","embeddable":true,"href":"https:\/\/manipogo.de\/index.php?rest_route=%2Fwp%2Fv2%2Fcategories&post=44648"},{"taxonomy":"post_tag","embeddable":true,"href":"https:\/\/manipogo.de\/index.php?rest_route=%2Fwp%2Fv2%2Ftags&post=44648"}],"curies":[{"name":"wp","href":"https:\/\/api.w.org\/{rel}","templated":true}]}}