{"id":4750,"date":"2013-12-05T00:37:41","date_gmt":"2013-12-04T23:37:41","guid":{"rendered":"http:\/\/manipogo.de\/?p=4750"},"modified":"2016-03-21T21:20:07","modified_gmt":"2016-03-21T20:20:07","slug":"der-ausweis","status":"publish","type":"post","link":"https:\/\/manipogo.de\/?p=4750","title":{"rendered":"Der Ausweis"},"content":{"rendered":"<p><span style=\"font-size: small;\">Gerade online meine Ausleihen bei der Freiburger Universit\u00e4tsbibliothek \u00fcberpr\u00fcft. Meine sechs B\u00fccher werden erst am 18. Dezember f\u00e4llig. Dann fiel mein Blick auf eine Rubrik: <em>Ausweis g\u00fcltig bis: 31.12.2099<\/em>. Leichter Schwindel trat auf. <!--more--><\/span><\/p>\n<p><span style=\"font-size: small;\">Das w\u00e4re knapp vor meinem 143. Geburtstag. Ich w\u00fcrde nat\u00fcrlich nicht mit dem Rad hinfahren, da es vermutlich kalt und unwirtlich w\u00e4re, sondern schon vor der Jahrtausendwende meinen Ausweis verl\u00e4ngern wollen. Es ist so eine sch\u00f6ne Nummer, ich habe sie seit 20 Jahren, und nichts spricht dagegen, sie noch 86 Jahre behalten zu d\u00fcrfen. Dann: happy 2100! Derzeit wird die Universit\u00e4tsbibliothek hergerichtet, sie soll n\u00e4chstes Jahr bereit sein. Die alte hielt immerhin 40 Jahre. Wenn ich meinen Ausweis verl\u00e4ngern muss, wird vielleicht die UB III sich dort erheben neben dem Freiburger Stadttheater. Oder schon die UB IV?\u00a0<\/span><\/p>\n<p><a href=\"https:\/\/manipogo.de\/wp-content\/uploads\/DSCN5079.jpg\"><img loading=\"lazy\" decoding=\"async\" class=\"size-full wp-image-4751\" title=\"DSCN5079\" src=\"https:\/\/manipogo.de\/wp-content\/uploads\/DSCN5079.jpg\" alt=\"\" width=\"540\" height=\"358\" srcset=\"https:\/\/manipogo.de\/wp-content\/uploads\/DSCN5079.jpg 540w, https:\/\/manipogo.de\/wp-content\/uploads\/DSCN5079-300x198.jpg 300w\" sizes=\"auto, (max-width: 540px) 100vw, 540px\" \/><\/a><\/p>\n<address class=\"wp-caption-dd\">Die neue UB sieht schon gut aus: November 2013<\/address>\n<\/div>\n<p><span style=\"font-size: small;\">Wird der SC Freiburg noch in der Bundesliga sein? Wird die Bev\u00f6lkerung tats\u00e4chlich um 95 Prozent gesunken sein, wie <a href=\"https:\/\/manipogo.de\/?p=1735\" target=\"_blank\">in einem Beitrag gemutma\u00dft<\/a>? Dann w\u00e4re Radfahren ein noch gr\u00f6\u00dferes Vergn\u00fcgen, und ich w\u00fcrde mich jeden Tag, auch als 140-J\u00e4hriger, auf den Drahtesel schwingen und besonders gerne in Rom umherfahren.\u00a0<\/span><span style=\"font-size: small;\">\u00a0<\/span><\/p>\n<p><span style=\"font-size: small;\">K\u00fcrzlich sprach ich mit Wolfgang, einem M\u00fcnsteraner und Mitarbeiter der Universit\u00e4tsbibliothek. Er hatte dort 1978 angefangen und wird am 20. Dezember pensioniert, nach 35 Jahren. Wenn er 140 w\u00fcrde, h\u00e4tte er nun 75 Jahre als Pension\u00e4r vor sich. Ich bin sicher, wenn die Bev\u00f6lkerung sinkt und der Rest recht lange lebt, wird die Pensionsgrenze auf 100 hinausgeschoben.\u00a0<\/span><span style=\"font-size: small;\">\u00a0<\/span><\/p>\n<p><span style=\"font-size: small;\">Mein 100. Geburtstag ist\u00a0am 11. Februar 2057. Ich f\u00fcrchte aber, auch in den verbleibenden 42 Jahren bis zum Ende des Ausweises werde ich es nicht schaffen, den Bestand der Freiburger UB auszulesen. Es sind 3,5 Millionen B\u00e4nde. Da ich noch 86 Jahre Zeit habe, was 31.390 Tagen entspricht, m\u00fcsste ich 100 B\u00fccher jeden Tag lesen, also sechs in der Stunde. Geht nicht. Muss auch nicht sein.\u00a0<\/span><span style=\"font-size: small;\">\u00a0<\/span><\/p>\n<p><span style=\"font-size: small;\">Ich werde wohl meinen Ausweis bis 31.12.2199 verl\u00e4ngern k\u00f6nnen. Ich freue mich darauf. <\/span><\/p>\n","protected":false},"excerpt":{"rendered":"<p>Gerade online meine Ausleihen bei der Freiburger Universit\u00e4tsbibliothek \u00fcberpr\u00fcft. Meine sechs B\u00fccher werden erst am 18. Dezember f\u00e4llig. Dann fiel mein Blick auf eine Rubrik: Ausweis g\u00fcltig bis: 31.12.2099. Leichter Schwindel trat auf.<\/p>\n","protected":false},"author":1,"featured_media":0,"comment_status":"open","ping_status":"open","sticky":false,"template":"","format":"standard","meta":{"footnotes":""},"categories":[1224],"tags":[622,24],"class_list":["post-4750","post","type-post","status-publish","format-standard","hentry","category-literatur","tag-bibliothek","tag-freiburg"],"yoast_head":"<!-- This site is optimized with the Yoast SEO plugin v27.3 - https:\/\/yoast.com\/product\/yoast-seo-wordpress\/ -->\n<title>Der Ausweis - manipogo<\/title>\n<meta name=\"robots\" content=\"index, follow, max-snippet:-1, max-image-preview:large, max-video-preview:-1\" \/>\n<link rel=\"canonical\" href=\"https:\/\/manipogo.de\/?p=4750\" \/>\n<meta property=\"og:locale\" content=\"de_DE\" \/>\n<meta property=\"og:type\" content=\"article\" \/>\n<meta property=\"og:title\" content=\"Der Ausweis - manipogo\" \/>\n<meta property=\"og:description\" content=\"Gerade online meine Ausleihen bei der Freiburger Universit\u00e4tsbibliothek \u00fcberpr\u00fcft. Meine sechs B\u00fccher werden erst am 18. Dezember f\u00e4llig. Dann fiel mein Blick auf eine Rubrik: Ausweis g\u00fcltig bis: 31.12.2099. Leichter Schwindel trat auf.\" \/>\n<meta property=\"og:url\" content=\"https:\/\/manipogo.de\/?p=4750\" \/>\n<meta property=\"og:site_name\" content=\"manipogo\" \/>\n<meta property=\"article:published_time\" content=\"2013-12-04T23:37:41+00:00\" \/>\n<meta property=\"article:modified_time\" content=\"2016-03-21T20:20:07+00:00\" \/>\n<meta property=\"og:image\" content=\"http:\/\/manipogo.de\/wp-content\/uploads\/DSCN5079.jpg\" \/>\n<meta name=\"author\" content=\"web108\" \/>\n<meta name=\"twitter:card\" content=\"summary_large_image\" \/>\n<meta name=\"twitter:label1\" content=\"Verfasst von\" \/>\n\t<meta name=\"twitter:data1\" content=\"web108\" \/>\n\t<meta name=\"twitter:label2\" content=\"Gesch\u00e4tzte Lesezeit\" \/>\n\t<meta name=\"twitter:data2\" content=\"2\u00a0Minuten\" \/>\n<script type=\"application\/ld+json\" class=\"yoast-schema-graph\">{\"@context\":\"https:\\\/\\\/schema.org\",\"@graph\":[{\"@type\":\"Article\",\"@id\":\"https:\\\/\\\/manipogo.de\\\/?p=4750#article\",\"isPartOf\":{\"@id\":\"https:\\\/\\\/manipogo.de\\\/?p=4750\"},\"author\":{\"name\":\"web108\",\"@id\":\"https:\\\/\\\/manipogo.de\\\/#\\\/schema\\\/person\\\/991913de0e39267877f234553fd7f58d\"},\"headline\":\"Der Ausweis\",\"datePublished\":\"2013-12-04T23:37:41+00:00\",\"dateModified\":\"2016-03-21T20:20:07+00:00\",\"mainEntityOfPage\":{\"@id\":\"https:\\\/\\\/manipogo.de\\\/?p=4750\"},\"wordCount\":339,\"commentCount\":0,\"image\":{\"@id\":\"https:\\\/\\\/manipogo.de\\\/?p=4750#primaryimage\"},\"thumbnailUrl\":\"http:\\\/\\\/manipogo.de\\\/wp-content\\\/uploads\\\/DSCN5079.jpg\",\"keywords\":[\"Bibliothek\",\"Freiburg\"],\"articleSection\":[\"Literatur\"],\"inLanguage\":\"de\",\"potentialAction\":[{\"@type\":\"CommentAction\",\"name\":\"Comment\",\"target\":[\"https:\\\/\\\/manipogo.de\\\/?p=4750#respond\"]}]},{\"@type\":\"WebPage\",\"@id\":\"https:\\\/\\\/manipogo.de\\\/?p=4750\",\"url\":\"https:\\\/\\\/manipogo.de\\\/?p=4750\",\"name\":\"Der Ausweis - manipogo\",\"isPartOf\":{\"@id\":\"https:\\\/\\\/manipogo.de\\\/#website\"},\"primaryImageOfPage\":{\"@id\":\"https:\\\/\\\/manipogo.de\\\/?p=4750#primaryimage\"},\"image\":{\"@id\":\"https:\\\/\\\/manipogo.de\\\/?p=4750#primaryimage\"},\"thumbnailUrl\":\"http:\\\/\\\/manipogo.de\\\/wp-content\\\/uploads\\\/DSCN5079.jpg\",\"datePublished\":\"2013-12-04T23:37:41+00:00\",\"dateModified\":\"2016-03-21T20:20:07+00:00\",\"author\":{\"@id\":\"https:\\\/\\\/manipogo.de\\\/#\\\/schema\\\/person\\\/991913de0e39267877f234553fd7f58d\"},\"breadcrumb\":{\"@id\":\"https:\\\/\\\/manipogo.de\\\/?p=4750#breadcrumb\"},\"inLanguage\":\"de\",\"potentialAction\":[{\"@type\":\"ReadAction\",\"target\":[\"https:\\\/\\\/manipogo.de\\\/?p=4750\"]}]},{\"@type\":\"ImageObject\",\"inLanguage\":\"de\",\"@id\":\"https:\\\/\\\/manipogo.de\\\/?p=4750#primaryimage\",\"url\":\"http:\\\/\\\/manipogo.de\\\/wp-content\\\/uploads\\\/DSCN5079.jpg\",\"contentUrl\":\"http:\\\/\\\/manipogo.de\\\/wp-content\\\/uploads\\\/DSCN5079.jpg\"},{\"@type\":\"BreadcrumbList\",\"@id\":\"https:\\\/\\\/manipogo.de\\\/?p=4750#breadcrumb\",\"itemListElement\":[{\"@type\":\"ListItem\",\"position\":1,\"name\":\"Startseite\",\"item\":\"https:\\\/\\\/manipogo.de\\\/\"},{\"@type\":\"ListItem\",\"position\":2,\"name\":\"Der Ausweis\"}]},{\"@type\":\"WebSite\",\"@id\":\"https:\\\/\\\/manipogo.de\\\/#website\",\"url\":\"https:\\\/\\\/manipogo.de\\\/\",\"name\":\"manipogo\",\"description\":\"Gott und die Welt\",\"potentialAction\":[{\"@type\":\"SearchAction\",\"target\":{\"@type\":\"EntryPoint\",\"urlTemplate\":\"https:\\\/\\\/manipogo.de\\\/?s={search_term_string}\"},\"query-input\":{\"@type\":\"PropertyValueSpecification\",\"valueRequired\":true,\"valueName\":\"search_term_string\"}}],\"inLanguage\":\"de\"},{\"@type\":\"Person\",\"@id\":\"https:\\\/\\\/manipogo.de\\\/#\\\/schema\\\/person\\\/991913de0e39267877f234553fd7f58d\",\"name\":\"web108\",\"url\":\"https:\\\/\\\/manipogo.de\\\/?author=1\"}]}<\/script>\n<!-- \/ Yoast SEO plugin. -->","yoast_head_json":{"title":"Der Ausweis - manipogo","robots":{"index":"index","follow":"follow","max-snippet":"max-snippet:-1","max-image-preview":"max-image-preview:large","max-video-preview":"max-video-preview:-1"},"canonical":"https:\/\/manipogo.de\/?p=4750","og_locale":"de_DE","og_type":"article","og_title":"Der Ausweis - manipogo","og_description":"Gerade online meine Ausleihen bei der Freiburger Universit\u00e4tsbibliothek \u00fcberpr\u00fcft. Meine sechs B\u00fccher werden erst am 18. Dezember f\u00e4llig. Dann fiel mein Blick auf eine Rubrik: Ausweis g\u00fcltig bis: 31.12.2099. Leichter Schwindel trat auf.","og_url":"https:\/\/manipogo.de\/?p=4750","og_site_name":"manipogo","article_published_time":"2013-12-04T23:37:41+00:00","article_modified_time":"2016-03-21T20:20:07+00:00","og_image":[{"url":"http:\/\/manipogo.de\/wp-content\/uploads\/DSCN5079.jpg","type":"","width":"","height":""}],"author":"web108","twitter_card":"summary_large_image","twitter_misc":{"Verfasst von":"web108","Gesch\u00e4tzte Lesezeit":"2\u00a0Minuten"},"schema":{"@context":"https:\/\/schema.org","@graph":[{"@type":"Article","@id":"https:\/\/manipogo.de\/?p=4750#article","isPartOf":{"@id":"https:\/\/manipogo.de\/?p=4750"},"author":{"name":"web108","@id":"https:\/\/manipogo.de\/#\/schema\/person\/991913de0e39267877f234553fd7f58d"},"headline":"Der Ausweis","datePublished":"2013-12-04T23:37:41+00:00","dateModified":"2016-03-21T20:20:07+00:00","mainEntityOfPage":{"@id":"https:\/\/manipogo.de\/?p=4750"},"wordCount":339,"commentCount":0,"image":{"@id":"https:\/\/manipogo.de\/?p=4750#primaryimage"},"thumbnailUrl":"http:\/\/manipogo.de\/wp-content\/uploads\/DSCN5079.jpg","keywords":["Bibliothek","Freiburg"],"articleSection":["Literatur"],"inLanguage":"de","potentialAction":[{"@type":"CommentAction","name":"Comment","target":["https:\/\/manipogo.de\/?p=4750#respond"]}]},{"@type":"WebPage","@id":"https:\/\/manipogo.de\/?p=4750","url":"https:\/\/manipogo.de\/?p=4750","name":"Der Ausweis - manipogo","isPartOf":{"@id":"https:\/\/manipogo.de\/#website"},"primaryImageOfPage":{"@id":"https:\/\/manipogo.de\/?p=4750#primaryimage"},"image":{"@id":"https:\/\/manipogo.de\/?p=4750#primaryimage"},"thumbnailUrl":"http:\/\/manipogo.de\/wp-content\/uploads\/DSCN5079.jpg","datePublished":"2013-12-04T23:37:41+00:00","dateModified":"2016-03-21T20:20:07+00:00","author":{"@id":"https:\/\/manipogo.de\/#\/schema\/person\/991913de0e39267877f234553fd7f58d"},"breadcrumb":{"@id":"https:\/\/manipogo.de\/?p=4750#breadcrumb"},"inLanguage":"de","potentialAction":[{"@type":"ReadAction","target":["https:\/\/manipogo.de\/?p=4750"]}]},{"@type":"ImageObject","inLanguage":"de","@id":"https:\/\/manipogo.de\/?p=4750#primaryimage","url":"http:\/\/manipogo.de\/wp-content\/uploads\/DSCN5079.jpg","contentUrl":"http:\/\/manipogo.de\/wp-content\/uploads\/DSCN5079.jpg"},{"@type":"BreadcrumbList","@id":"https:\/\/manipogo.de\/?p=4750#breadcrumb","itemListElement":[{"@type":"ListItem","position":1,"name":"Startseite","item":"https:\/\/manipogo.de\/"},{"@type":"ListItem","position":2,"name":"Der Ausweis"}]},{"@type":"WebSite","@id":"https:\/\/manipogo.de\/#website","url":"https:\/\/manipogo.de\/","name":"manipogo","description":"Gott und die Welt","potentialAction":[{"@type":"SearchAction","target":{"@type":"EntryPoint","urlTemplate":"https:\/\/manipogo.de\/?s={search_term_string}"},"query-input":{"@type":"PropertyValueSpecification","valueRequired":true,"valueName":"search_term_string"}}],"inLanguage":"de"},{"@type":"Person","@id":"https:\/\/manipogo.de\/#\/schema\/person\/991913de0e39267877f234553fd7f58d","name":"web108","url":"https:\/\/manipogo.de\/?author=1"}]}},"_links":{"self":[{"href":"https:\/\/manipogo.de\/index.php?rest_route=\/wp\/v2\/posts\/4750","targetHints":{"allow":["GET"]}}],"collection":[{"href":"https:\/\/manipogo.de\/index.php?rest_route=\/wp\/v2\/posts"}],"about":[{"href":"https:\/\/manipogo.de\/index.php?rest_route=\/wp\/v2\/types\/post"}],"author":[{"embeddable":true,"href":"https:\/\/manipogo.de\/index.php?rest_route=\/wp\/v2\/users\/1"}],"replies":[{"embeddable":true,"href":"https:\/\/manipogo.de\/index.php?rest_route=%2Fwp%2Fv2%2Fcomments&post=4750"}],"version-history":[{"count":10,"href":"https:\/\/manipogo.de\/index.php?rest_route=\/wp\/v2\/posts\/4750\/revisions"}],"predecessor-version":[{"id":10914,"href":"https:\/\/manipogo.de\/index.php?rest_route=\/wp\/v2\/posts\/4750\/revisions\/10914"}],"wp:attachment":[{"href":"https:\/\/manipogo.de\/index.php?rest_route=%2Fwp%2Fv2%2Fmedia&parent=4750"}],"wp:term":[{"taxonomy":"category","embeddable":true,"href":"https:\/\/manipogo.de\/index.php?rest_route=%2Fwp%2Fv2%2Fcategories&post=4750"},{"taxonomy":"post_tag","embeddable":true,"href":"https:\/\/manipogo.de\/index.php?rest_route=%2Fwp%2Fv2%2Ftags&post=4750"}],"curies":[{"name":"wp","href":"https:\/\/api.w.org\/{rel}","templated":true}]}}