{"id":4836,"date":"2013-12-06T00:46:49","date_gmt":"2013-12-05T23:46:49","guid":{"rendered":"http:\/\/manipogo.de\/?p=4836"},"modified":"2013-12-01T18:54:38","modified_gmt":"2013-12-01T17:54:38","slug":"das-schwarze-loch","status":"publish","type":"post","link":"https:\/\/manipogo.de\/?p=4836","title":{"rendered":"Das schwarze Loch"},"content":{"rendered":"<p><span style=\"font-size: small;\">Im November traf ich in Berlin Michael, einen fr\u00fcheren (Journalisten-)Schulkameraden, der sich zum Marxismus bekennt. Seine\u00a0kritische Ader steckt einen an. Ich las wieder einmal Hakim Bey und fand in einem Interview kritische Aussagen zum Internet. Etwas theoretisch klingt das; auf <em>futura9<\/em> gab&#8217;s zu dem Thema jedoch k\u00fcrzlich <a href=\"http:\/\/futura9.de\/2013\/11\/29\/verklappung-online\/\" target=\"_blank\">einen unterhaltsamen Artikel<\/a>.\u00a0\u00a0\u00a0\u00a0<!--more--><\/span><\/p>\n<p><span style=\"font-size: small;\">Hans Ulrich Obrist sprach im Dezember 2010 f\u00fcr die elektronische Zeitschrift <em>e-flux<\/em> mit diesem <em><a href=\"http:\/\/hermetic.com\/bey\/index.html\" target=\"_blank\">Hakim Bey<\/a><\/em>, dem amerikanischen K\u00fcnstler, Anarchisten und Aktivisten. Obrist sagt:<\/span><span style=\"font-size: small;\">\u00a0<\/span><\/p>\n<p><span style=\"font-size: small;\">\u00bbDer Historiker Eric Hobsbawn spricht sich immer gegen das Vergessen aus, und k\u00fcrzlich sagte mir Rem Koolhaas, Amnesie k\u00f6nnte das Herz der digitalen Revolution sein. Es scheint, dass es mit immer mehr Informationen immer weniger Ged\u00e4chtnis gibt. Sind Sie damit einverstanden? Dr\u00e4ngt es Sie, gegen das Vergessen zu protestieren? <\/span><\/p>\n<p><span style=\"font-size: small;\"><em>Hakim Bey<\/em>: Ich denke ja. Ich meine, ich habe vielleicht eine noch d\u00fcsterere Vorstellung vom Cyberspace und vom Internet als Rem Koolhaas. Ich halte es f\u00fcr das schwarze Loch der Erinnerung [memory], und ich glaube, dass die Erinnerung in alarmierendem Ma\u00dfe verschwindet, nun, da jeder eine Erinnerungs-Prothese besitzt. Die Idee ist, dass wenn jemand eine Erinnerungs-Prothese hat, er sich an nichts mehr erinnern muss. Du dr\u00fcckst auf einen Knopf und hast jede Erinnerung, die du haben willst. Nun, zuerst musst du wissen, welche Frage du stellen willst. Wenn du nicht einmal wei\u00dft, was du wissen willst, wie kannst du es dann wissen? Das ist es, was ich mit schwarzem Loch meine \u2013 es saugt Wissen an. Es ist in Wirklichkeit schlimmer als Vergessen \u2013 es arbeitet gegen die Erinnerung.<\/span><\/p>\n<p><span style=\"font-size: small;\"><em>Obrist<\/em>: Es ist wie die Antimaterie der Erinnerung. Aber gab es eine Phase, in der Sie meinten, das Internet k\u00f6nnte M\u00f6glichkeiten oder neue Freiheiten schaffen? Dachten Sie schon immer, dass das Internet ein schwarzes Loch sei?<\/span><\/p>\n<p><span style=\"font-size: small;\"><em>Hakim Bey<\/em>: Ich muss zugeben, dass ich wie alle in den 1980-er Jahren da optimistischer war. (\u2026) Ich glaube nun nicht, dass Technologie aus Gegnerschaft gegen das Soziale bestehen sollte. Und wenn Sie an das Symptom denken, \u00fcber das alle sprechen, den Verlust von Privatheit oder die Neudefinition dessen, was Privatheit sein k\u00f6nnte, na ja, dann sehe ich das als einen tats\u00e4chlichen Angriff auf die Gesellschaft. Und interessant ist, dass es zu dem Zeitpunkt kam, als Thatcher sagte, so etwas wie die Gesellschaft gebe es nicht. Es ist eine ideologische Bewegung in Richtung des Sozialen. <\/span><\/p>\n<p><span style=\"font-size: small;\">\u00bbUnd es geht auch nicht um die Glorifizierung des Individuums. F\u00fcr mich ist das Individuum in diesem Spiel auch der Verlierer. Vor allem soll die Gesellschaft in individuelle Konsum-Entit\u00e4ten aufgespalten werden, denn das ist es, was das Geld will. Das Kapital selbst will, dass jeder alles hat. Es will nicht, dass du dein Auto mit anderen teilst; du sollst dein eigenes haben. Und die USA haben es auch geschafft \u2013 bei uns hat jeder Erwachsene sein Auto. Das Kapital will, dass jeder alles hat und nichts mit anderen teilt. Und das soziale Resultat ist ein Horror. Es ist seltsam und be\u00e4ngstigend. F\u00fcr mich ist es apokalyptisch.\u00ab <\/span><\/p>\n","protected":false},"excerpt":{"rendered":"<p>Im November traf ich in Berlin Michael, einen fr\u00fcheren (Journalisten-)Schulkameraden, der sich zum Marxismus bekennt. Seine\u00a0kritische Ader steckt einen an. Ich las wieder einmal Hakim Bey und fand in einem Interview kritische Aussagen zum Internet. Etwas theoretisch klingt das; auf futura9 gab&#8217;s zu dem Thema jedoch k\u00fcrzlich einen unterhaltsamen Artikel.\u00a0\u00a0\u00a0\u00a0<\/p>\n","protected":false},"author":1,"featured_media":0,"comment_status":"open","ping_status":"open","sticky":false,"template":"","format":"standard","meta":{"footnotes":""},"categories":[5],"tags":[194,632],"class_list":["post-4836","post","type-post","status-publish","format-standard","hentry","category-leben-heute","tag-internet","tag-kapital"],"yoast_head":"<!-- This site is optimized with the Yoast SEO plugin v27.3 - https:\/\/yoast.com\/product\/yoast-seo-wordpress\/ -->\n<title>Das schwarze Loch  - manipogo<\/title>\n<meta name=\"robots\" content=\"index, follow, max-snippet:-1, max-image-preview:large, max-video-preview:-1\" \/>\n<link rel=\"canonical\" href=\"https:\/\/manipogo.de\/?p=4836\" \/>\n<meta property=\"og:locale\" content=\"de_DE\" \/>\n<meta property=\"og:type\" content=\"article\" \/>\n<meta property=\"og:title\" content=\"Das schwarze Loch  - manipogo\" \/>\n<meta property=\"og:description\" content=\"Im November traf ich in Berlin Michael, einen fr\u00fcheren (Journalisten-)Schulkameraden, der sich zum Marxismus bekennt. Seine\u00a0kritische Ader steckt einen an. Ich las wieder einmal Hakim Bey und fand in einem Interview kritische Aussagen zum Internet. Etwas theoretisch klingt das; auf futura9 gab&#8217;s zu dem Thema jedoch k\u00fcrzlich einen unterhaltsamen Artikel.\u00a0\u00a0\u00a0\u00a0\" \/>\n<meta property=\"og:url\" content=\"https:\/\/manipogo.de\/?p=4836\" \/>\n<meta property=\"og:site_name\" content=\"manipogo\" \/>\n<meta property=\"article:published_time\" content=\"2013-12-05T23:46:49+00:00\" \/>\n<meta name=\"author\" content=\"web108\" \/>\n<meta name=\"twitter:card\" content=\"summary_large_image\" \/>\n<meta name=\"twitter:label1\" content=\"Verfasst von\" \/>\n\t<meta name=\"twitter:data1\" content=\"web108\" \/>\n\t<meta name=\"twitter:label2\" content=\"Gesch\u00e4tzte Lesezeit\" \/>\n\t<meta name=\"twitter:data2\" content=\"3\u00a0Minuten\" \/>\n<script type=\"application\/ld+json\" class=\"yoast-schema-graph\">{\"@context\":\"https:\\\/\\\/schema.org\",\"@graph\":[{\"@type\":\"Article\",\"@id\":\"https:\\\/\\\/manipogo.de\\\/?p=4836#article\",\"isPartOf\":{\"@id\":\"https:\\\/\\\/manipogo.de\\\/?p=4836\"},\"author\":{\"name\":\"web108\",\"@id\":\"https:\\\/\\\/manipogo.de\\\/#\\\/schema\\\/person\\\/991913de0e39267877f234553fd7f58d\"},\"headline\":\"Das schwarze Loch\",\"datePublished\":\"2013-12-05T23:46:49+00:00\",\"mainEntityOfPage\":{\"@id\":\"https:\\\/\\\/manipogo.de\\\/?p=4836\"},\"wordCount\":511,\"commentCount\":0,\"keywords\":[\"Internet\",\"Kapital\"],\"articleSection\":[\"Leben heute\"],\"inLanguage\":\"de\",\"potentialAction\":[{\"@type\":\"CommentAction\",\"name\":\"Comment\",\"target\":[\"https:\\\/\\\/manipogo.de\\\/?p=4836#respond\"]}]},{\"@type\":\"WebPage\",\"@id\":\"https:\\\/\\\/manipogo.de\\\/?p=4836\",\"url\":\"https:\\\/\\\/manipogo.de\\\/?p=4836\",\"name\":\"Das schwarze Loch - manipogo\",\"isPartOf\":{\"@id\":\"https:\\\/\\\/manipogo.de\\\/#website\"},\"datePublished\":\"2013-12-05T23:46:49+00:00\",\"author\":{\"@id\":\"https:\\\/\\\/manipogo.de\\\/#\\\/schema\\\/person\\\/991913de0e39267877f234553fd7f58d\"},\"breadcrumb\":{\"@id\":\"https:\\\/\\\/manipogo.de\\\/?p=4836#breadcrumb\"},\"inLanguage\":\"de\",\"potentialAction\":[{\"@type\":\"ReadAction\",\"target\":[\"https:\\\/\\\/manipogo.de\\\/?p=4836\"]}]},{\"@type\":\"BreadcrumbList\",\"@id\":\"https:\\\/\\\/manipogo.de\\\/?p=4836#breadcrumb\",\"itemListElement\":[{\"@type\":\"ListItem\",\"position\":1,\"name\":\"Startseite\",\"item\":\"https:\\\/\\\/manipogo.de\\\/\"},{\"@type\":\"ListItem\",\"position\":2,\"name\":\"Das schwarze Loch\"}]},{\"@type\":\"WebSite\",\"@id\":\"https:\\\/\\\/manipogo.de\\\/#website\",\"url\":\"https:\\\/\\\/manipogo.de\\\/\",\"name\":\"manipogo\",\"description\":\"Gott und die Welt\",\"potentialAction\":[{\"@type\":\"SearchAction\",\"target\":{\"@type\":\"EntryPoint\",\"urlTemplate\":\"https:\\\/\\\/manipogo.de\\\/?s={search_term_string}\"},\"query-input\":{\"@type\":\"PropertyValueSpecification\",\"valueRequired\":true,\"valueName\":\"search_term_string\"}}],\"inLanguage\":\"de\"},{\"@type\":\"Person\",\"@id\":\"https:\\\/\\\/manipogo.de\\\/#\\\/schema\\\/person\\\/991913de0e39267877f234553fd7f58d\",\"name\":\"web108\",\"url\":\"https:\\\/\\\/manipogo.de\\\/?author=1\"}]}<\/script>\n<!-- \/ Yoast SEO plugin. -->","yoast_head_json":{"title":"Das schwarze Loch  - manipogo","robots":{"index":"index","follow":"follow","max-snippet":"max-snippet:-1","max-image-preview":"max-image-preview:large","max-video-preview":"max-video-preview:-1"},"canonical":"https:\/\/manipogo.de\/?p=4836","og_locale":"de_DE","og_type":"article","og_title":"Das schwarze Loch  - manipogo","og_description":"Im November traf ich in Berlin Michael, einen fr\u00fcheren (Journalisten-)Schulkameraden, der sich zum Marxismus bekennt. Seine\u00a0kritische Ader steckt einen an. Ich las wieder einmal Hakim Bey und fand in einem Interview kritische Aussagen zum Internet. Etwas theoretisch klingt das; auf futura9 gab&#8217;s zu dem Thema jedoch k\u00fcrzlich einen unterhaltsamen Artikel.\u00a0\u00a0\u00a0\u00a0","og_url":"https:\/\/manipogo.de\/?p=4836","og_site_name":"manipogo","article_published_time":"2013-12-05T23:46:49+00:00","author":"web108","twitter_card":"summary_large_image","twitter_misc":{"Verfasst von":"web108","Gesch\u00e4tzte Lesezeit":"3\u00a0Minuten"},"schema":{"@context":"https:\/\/schema.org","@graph":[{"@type":"Article","@id":"https:\/\/manipogo.de\/?p=4836#article","isPartOf":{"@id":"https:\/\/manipogo.de\/?p=4836"},"author":{"name":"web108","@id":"https:\/\/manipogo.de\/#\/schema\/person\/991913de0e39267877f234553fd7f58d"},"headline":"Das schwarze Loch","datePublished":"2013-12-05T23:46:49+00:00","mainEntityOfPage":{"@id":"https:\/\/manipogo.de\/?p=4836"},"wordCount":511,"commentCount":0,"keywords":["Internet","Kapital"],"articleSection":["Leben heute"],"inLanguage":"de","potentialAction":[{"@type":"CommentAction","name":"Comment","target":["https:\/\/manipogo.de\/?p=4836#respond"]}]},{"@type":"WebPage","@id":"https:\/\/manipogo.de\/?p=4836","url":"https:\/\/manipogo.de\/?p=4836","name":"Das schwarze Loch - manipogo","isPartOf":{"@id":"https:\/\/manipogo.de\/#website"},"datePublished":"2013-12-05T23:46:49+00:00","author":{"@id":"https:\/\/manipogo.de\/#\/schema\/person\/991913de0e39267877f234553fd7f58d"},"breadcrumb":{"@id":"https:\/\/manipogo.de\/?p=4836#breadcrumb"},"inLanguage":"de","potentialAction":[{"@type":"ReadAction","target":["https:\/\/manipogo.de\/?p=4836"]}]},{"@type":"BreadcrumbList","@id":"https:\/\/manipogo.de\/?p=4836#breadcrumb","itemListElement":[{"@type":"ListItem","position":1,"name":"Startseite","item":"https:\/\/manipogo.de\/"},{"@type":"ListItem","position":2,"name":"Das schwarze Loch"}]},{"@type":"WebSite","@id":"https:\/\/manipogo.de\/#website","url":"https:\/\/manipogo.de\/","name":"manipogo","description":"Gott und die Welt","potentialAction":[{"@type":"SearchAction","target":{"@type":"EntryPoint","urlTemplate":"https:\/\/manipogo.de\/?s={search_term_string}"},"query-input":{"@type":"PropertyValueSpecification","valueRequired":true,"valueName":"search_term_string"}}],"inLanguage":"de"},{"@type":"Person","@id":"https:\/\/manipogo.de\/#\/schema\/person\/991913de0e39267877f234553fd7f58d","name":"web108","url":"https:\/\/manipogo.de\/?author=1"}]}},"_links":{"self":[{"href":"https:\/\/manipogo.de\/index.php?rest_route=\/wp\/v2\/posts\/4836","targetHints":{"allow":["GET"]}}],"collection":[{"href":"https:\/\/manipogo.de\/index.php?rest_route=\/wp\/v2\/posts"}],"about":[{"href":"https:\/\/manipogo.de\/index.php?rest_route=\/wp\/v2\/types\/post"}],"author":[{"embeddable":true,"href":"https:\/\/manipogo.de\/index.php?rest_route=\/wp\/v2\/users\/1"}],"replies":[{"embeddable":true,"href":"https:\/\/manipogo.de\/index.php?rest_route=%2Fwp%2Fv2%2Fcomments&post=4836"}],"version-history":[{"count":7,"href":"https:\/\/manipogo.de\/index.php?rest_route=\/wp\/v2\/posts\/4836\/revisions"}],"predecessor-version":[{"id":4951,"href":"https:\/\/manipogo.de\/index.php?rest_route=\/wp\/v2\/posts\/4836\/revisions\/4951"}],"wp:attachment":[{"href":"https:\/\/manipogo.de\/index.php?rest_route=%2Fwp%2Fv2%2Fmedia&parent=4836"}],"wp:term":[{"taxonomy":"category","embeddable":true,"href":"https:\/\/manipogo.de\/index.php?rest_route=%2Fwp%2Fv2%2Fcategories&post=4836"},{"taxonomy":"post_tag","embeddable":true,"href":"https:\/\/manipogo.de\/index.php?rest_route=%2Fwp%2Fv2%2Ftags&post=4836"}],"curies":[{"name":"wp","href":"https:\/\/api.w.org\/{rel}","templated":true}]}}