{"id":5356,"date":"2014-01-13T01:00:02","date_gmt":"2014-01-13T00:00:02","guid":{"rendered":"http:\/\/manipogo.de\/?p=5356"},"modified":"2017-04-16T18:12:06","modified_gmt":"2017-04-16T17:12:06","slug":"amiri-baraka","status":"publish","type":"post","link":"https:\/\/manipogo.de\/?p=5356","title":{"rendered":"Amiri Baraka"},"content":{"rendered":"<p><span style=\"font-size: small;\">Amiri Baraka ist vergangenen Donnerstag gestorben, 79 Jahre alt. Zwei Mal traf ich ihn in Italien, und er hat Eindruck auf mich gemacht. Baraka schrieb Lyrik, setzte sich f\u00fcr die B\u00fcrgerrechte der Schwarzen und deren Musik ein. <em>Blues People<\/em> war ein Buch, das er 1963 schrieb, <em>Black Music<\/em> folgte 1968. Der Freiburger Verlag Orange Press ver\u00f6ffentlichte Blues People 40 Jahre nach seiner ersten Ver\u00f6ffentlichung auf Deutsch, und so kam ich ins Spiel. <!--more--><\/span><\/p>\n<p><span style=\"font-size: small;\">Denn f\u00fcr eine bevorstehende Tournee Barakas in Deutschland fehlte ein Plakat, fehlte ein Bild, und der K\u00fcnstler sollte Anfang April 2004 in Rom mit dem William Turner Quintet auftreten und mit diesem die Musik von Curtis Mayfield auff\u00fchren. Ich lebte ja in Rom und w\u00fcrde ihn ablichten k\u00f6nnen. Mayfield war ein einflussreicher Musiker des schwarzen Rhythm and Blues und Soul, wurde am 13. August 1990 bei einem Konzert in New York von einem Stahltr\u00e4ger getroffen, der sich wegen eines Sturms gel\u00f6st hatte und war danach gel\u00e4hmt. 1999 ist Curtis Mayfield gestorben. Er schuf gef\u00fchlvolle Melodien mit Texten, in denen es um Liebe und Solidarit\u00e4t ging.\u00a0<\/span><span style=\"font-size: small;\">\u00a0<\/span><\/p>\n<p><span style=\"font-size: small;\">Ich radelte also zum Auditorium, hatte wie \u00fcblich keine Ahnung, und man sagte, die Musiker seien ums Eck irgendwo beim Essen. Ein Wunder, dass ich sie auftrieb; ich brachte stockend mein Anliegen vor, fotografierte Amiri mit meiner alten Pentax-Spiegelreflexkamera und setzte mich dann noch unerkannt vor die B\u00fchne beim Konzert. <a href=\"http:\/\/www.lastfm.de\/music\/Leena+Conquest\" target=\"_blank\">Leena Conquest <\/a>sang, und sie gefiel mir noch mehr. Amiri sprach mehr als er sang;\u00a0seine hervorgesto\u00dfenen Satzfragmente konnten b\u00f6se und bitter klingen, aber sie gaben dem Konzert auch Spannung und Klang.\u00a0\u00a0<\/span><span style=\"font-size: small;\">\u00a0<\/span><\/p>\n<p><a href=\"https:\/\/manipogo.de\/wp-content\/uploads\/con06-Kopie.jpg\"><img loading=\"lazy\" decoding=\"async\" class=\"size-full wp-image-5362\" title=\"con06 Kopie\" src=\"https:\/\/manipogo.de\/wp-content\/uploads\/con06-Kopie.jpg\" alt=\"\" width=\"540\" height=\"368\" srcset=\"https:\/\/manipogo.de\/wp-content\/uploads\/con06-Kopie.jpg 540w, https:\/\/manipogo.de\/wp-content\/uploads\/con06-Kopie-300x204.jpg 300w\" sizes=\"auto, (max-width: 540px) 100vw, 540px\" \/><\/a><\/p>\n<address class=\"wp-caption-dd\">April 2004 in Rom<\/address>\n<\/div>\n<p><span style=\"font-size: small;\">Ohne diese Aktion w\u00e4re mein Buch <em>M\u00f6rderisches Rom<\/em> vielleicht nicht entstanden; oder es w\u00e4re anders geworden. Denn ich baute die Jazzband und die bet\u00f6rende S\u00e4ngerin in die Handlung ein, nur f\u00fcr Amiri Baraka war kein Platz &#8230; Sp\u00e4ter wollte es der Zufall, dass die Truppe mit derselben Besetzung und dem Mayfield-Programm in Vicenza auftrat, als ich gerade mit dem Rad vom Gardasee nach Rom unterwegs war. Also traf ich Amiri nochmals im Mai 2011 dort und sch\u00fcttelte ihm die Hand. Aber eigentlich war ich wegen Leena hingegangen, und danach wartete ich noch lange am B\u00fchneneingang &#8230; und dann kam sie, sah kleiner aus als erwartet, und ich begleitete sie ein St\u00fcck, und sie sagte: \u00bbWrite me an e-mail!\u00ab (<em>Kam aber keine Antwort <\/em>&#8230; <em>von ihr auf meine Mail)\u00a0<\/em><\/span><em><span style=\"font-size: small;\">\u00a0<\/span><\/em><\/p>\n<p><em><span style=\"font-size: small;\"><a href=\"https:\/\/manipogo.de\/wp-content\/uploads\/con09.jpg\"><img loading=\"lazy\" decoding=\"async\" class=\"alignright size-full wp-image-5363\" title=\"con09\" src=\"https:\/\/manipogo.de\/wp-content\/uploads\/con09.jpg\" alt=\"\" width=\"540\" height=\"285\" srcset=\"https:\/\/manipogo.de\/wp-content\/uploads\/con09.jpg 540w, https:\/\/manipogo.de\/wp-content\/uploads\/con09-300x158.jpg 300w\" sizes=\"auto, (max-width: 540px) 100vw, 540px\" \/><\/a><\/span><\/em><\/p>\n<p><span style=\"font-size: small;\">Jedenfalls gibt es das Plakat mit meinem Foto von Amiri Baraka, und ich werde es mir gleich wieder ins Bad h\u00e4ngen, zum Gedenken an den Aktivisten und Freiheitsk\u00e4mpfer. Es war eine kleine Koinzidenz, dass ich am Tag seines Todes ein Bild vom Konzert mit ihm in einen <em>manipogo<\/em>-Beitrag einbaute, der \u00fcbermorgen laufen wird: Es geht um afroamerikanische Lyrik aus den Staaten.\u00a0<\/span><span style=\"font-size: small;\">\u00a0<\/span><\/p>\n<p><span style=\"font-size: small;\">Baraka hei\u00dft Segen auf arabisch. Geboren wurde er als Everett LeRoi Jones, und er wurde Poetik-Dozent, Autor und Musiker, begr\u00fcndete das Black-Arts-Movement und bezeichnete sich als \u00bbPoeten-Ikone und revolution\u00e4rer politischer Aktivist\u00ab. Seine Stimme wurde geh\u00f6rt. <em>Blues People<\/em> sollte man lesen.\u00a0 \u00a0\u00a0<\/span><\/p>\n","protected":false},"excerpt":{"rendered":"<p>Amiri Baraka ist vergangenen Donnerstag gestorben, 79 Jahre alt. Zwei Mal traf ich ihn in Italien, und er hat Eindruck auf mich gemacht. Baraka schrieb Lyrik, setzte sich f\u00fcr die B\u00fcrgerrechte der Schwarzen und deren Musik ein. Blues People war ein Buch, das er 1963 schrieb, Black Music folgte 1968. Der Freiburger Verlag Orange Press [&hellip;]<\/p>\n","protected":false},"author":1,"featured_media":0,"comment_status":"open","ping_status":"open","sticky":false,"template":"","format":"standard","meta":{"footnotes":""},"categories":[1348],"tags":[683,253],"class_list":["post-5356","post","type-post","status-publish","format-standard","hentry","category-musik","tag-baraka","tag-musik"],"yoast_head":"<!-- This site is optimized with the Yoast SEO plugin v27.3 - https:\/\/yoast.com\/product\/yoast-seo-wordpress\/ -->\n<title>Amiri Baraka - manipogo<\/title>\n<meta name=\"robots\" content=\"index, follow, max-snippet:-1, max-image-preview:large, max-video-preview:-1\" \/>\n<link rel=\"canonical\" href=\"https:\/\/manipogo.de\/?p=5356\" \/>\n<meta property=\"og:locale\" content=\"de_DE\" \/>\n<meta property=\"og:type\" content=\"article\" \/>\n<meta property=\"og:title\" content=\"Amiri Baraka - manipogo\" \/>\n<meta property=\"og:description\" content=\"Amiri Baraka ist vergangenen Donnerstag gestorben, 79 Jahre alt. Zwei Mal traf ich ihn in Italien, und er hat Eindruck auf mich gemacht. Baraka schrieb Lyrik, setzte sich f\u00fcr die B\u00fcrgerrechte der Schwarzen und deren Musik ein. Blues People war ein Buch, das er 1963 schrieb, Black Music folgte 1968. Der Freiburger Verlag Orange Press [&hellip;]\" \/>\n<meta property=\"og:url\" content=\"https:\/\/manipogo.de\/?p=5356\" \/>\n<meta property=\"og:site_name\" content=\"manipogo\" \/>\n<meta property=\"article:published_time\" content=\"2014-01-13T00:00:02+00:00\" \/>\n<meta property=\"article:modified_time\" content=\"2017-04-16T17:12:06+00:00\" \/>\n<meta property=\"og:image\" content=\"http:\/\/manipogo.de\/wp-content\/uploads\/con06-Kopie.jpg\" \/>\n<meta name=\"author\" content=\"web108\" \/>\n<meta name=\"twitter:card\" content=\"summary_large_image\" \/>\n<meta name=\"twitter:label1\" content=\"Verfasst von\" \/>\n\t<meta name=\"twitter:data1\" content=\"web108\" \/>\n\t<meta name=\"twitter:label2\" content=\"Gesch\u00e4tzte Lesezeit\" \/>\n\t<meta name=\"twitter:data2\" content=\"3\u00a0Minuten\" \/>\n<script type=\"application\/ld+json\" class=\"yoast-schema-graph\">{\"@context\":\"https:\\\/\\\/schema.org\",\"@graph\":[{\"@type\":\"Article\",\"@id\":\"https:\\\/\\\/manipogo.de\\\/?p=5356#article\",\"isPartOf\":{\"@id\":\"https:\\\/\\\/manipogo.de\\\/?p=5356\"},\"author\":{\"name\":\"web108\",\"@id\":\"https:\\\/\\\/manipogo.de\\\/#\\\/schema\\\/person\\\/991913de0e39267877f234553fd7f58d\"},\"headline\":\"Amiri Baraka\",\"datePublished\":\"2014-01-13T00:00:02+00:00\",\"dateModified\":\"2017-04-16T17:12:06+00:00\",\"mainEntityOfPage\":{\"@id\":\"https:\\\/\\\/manipogo.de\\\/?p=5356\"},\"wordCount\":514,\"commentCount\":0,\"image\":{\"@id\":\"https:\\\/\\\/manipogo.de\\\/?p=5356#primaryimage\"},\"thumbnailUrl\":\"http:\\\/\\\/manipogo.de\\\/wp-content\\\/uploads\\\/con06-Kopie.jpg\",\"keywords\":[\"Baraka\",\"Musik\"],\"articleSection\":[\"Musik\"],\"inLanguage\":\"de\",\"potentialAction\":[{\"@type\":\"CommentAction\",\"name\":\"Comment\",\"target\":[\"https:\\\/\\\/manipogo.de\\\/?p=5356#respond\"]}]},{\"@type\":\"WebPage\",\"@id\":\"https:\\\/\\\/manipogo.de\\\/?p=5356\",\"url\":\"https:\\\/\\\/manipogo.de\\\/?p=5356\",\"name\":\"Amiri Baraka - manipogo\",\"isPartOf\":{\"@id\":\"https:\\\/\\\/manipogo.de\\\/#website\"},\"primaryImageOfPage\":{\"@id\":\"https:\\\/\\\/manipogo.de\\\/?p=5356#primaryimage\"},\"image\":{\"@id\":\"https:\\\/\\\/manipogo.de\\\/?p=5356#primaryimage\"},\"thumbnailUrl\":\"http:\\\/\\\/manipogo.de\\\/wp-content\\\/uploads\\\/con06-Kopie.jpg\",\"datePublished\":\"2014-01-13T00:00:02+00:00\",\"dateModified\":\"2017-04-16T17:12:06+00:00\",\"author\":{\"@id\":\"https:\\\/\\\/manipogo.de\\\/#\\\/schema\\\/person\\\/991913de0e39267877f234553fd7f58d\"},\"breadcrumb\":{\"@id\":\"https:\\\/\\\/manipogo.de\\\/?p=5356#breadcrumb\"},\"inLanguage\":\"de\",\"potentialAction\":[{\"@type\":\"ReadAction\",\"target\":[\"https:\\\/\\\/manipogo.de\\\/?p=5356\"]}]},{\"@type\":\"ImageObject\",\"inLanguage\":\"de\",\"@id\":\"https:\\\/\\\/manipogo.de\\\/?p=5356#primaryimage\",\"url\":\"http:\\\/\\\/manipogo.de\\\/wp-content\\\/uploads\\\/con06-Kopie.jpg\",\"contentUrl\":\"http:\\\/\\\/manipogo.de\\\/wp-content\\\/uploads\\\/con06-Kopie.jpg\"},{\"@type\":\"BreadcrumbList\",\"@id\":\"https:\\\/\\\/manipogo.de\\\/?p=5356#breadcrumb\",\"itemListElement\":[{\"@type\":\"ListItem\",\"position\":1,\"name\":\"Startseite\",\"item\":\"https:\\\/\\\/manipogo.de\\\/\"},{\"@type\":\"ListItem\",\"position\":2,\"name\":\"Amiri Baraka\"}]},{\"@type\":\"WebSite\",\"@id\":\"https:\\\/\\\/manipogo.de\\\/#website\",\"url\":\"https:\\\/\\\/manipogo.de\\\/\",\"name\":\"manipogo\",\"description\":\"Gott und die Welt\",\"potentialAction\":[{\"@type\":\"SearchAction\",\"target\":{\"@type\":\"EntryPoint\",\"urlTemplate\":\"https:\\\/\\\/manipogo.de\\\/?s={search_term_string}\"},\"query-input\":{\"@type\":\"PropertyValueSpecification\",\"valueRequired\":true,\"valueName\":\"search_term_string\"}}],\"inLanguage\":\"de\"},{\"@type\":\"Person\",\"@id\":\"https:\\\/\\\/manipogo.de\\\/#\\\/schema\\\/person\\\/991913de0e39267877f234553fd7f58d\",\"name\":\"web108\",\"url\":\"https:\\\/\\\/manipogo.de\\\/?author=1\"}]}<\/script>\n<!-- \/ Yoast SEO plugin. -->","yoast_head_json":{"title":"Amiri Baraka - manipogo","robots":{"index":"index","follow":"follow","max-snippet":"max-snippet:-1","max-image-preview":"max-image-preview:large","max-video-preview":"max-video-preview:-1"},"canonical":"https:\/\/manipogo.de\/?p=5356","og_locale":"de_DE","og_type":"article","og_title":"Amiri Baraka - manipogo","og_description":"Amiri Baraka ist vergangenen Donnerstag gestorben, 79 Jahre alt. Zwei Mal traf ich ihn in Italien, und er hat Eindruck auf mich gemacht. Baraka schrieb Lyrik, setzte sich f\u00fcr die B\u00fcrgerrechte der Schwarzen und deren Musik ein. Blues People war ein Buch, das er 1963 schrieb, Black Music folgte 1968. Der Freiburger Verlag Orange Press [&hellip;]","og_url":"https:\/\/manipogo.de\/?p=5356","og_site_name":"manipogo","article_published_time":"2014-01-13T00:00:02+00:00","article_modified_time":"2017-04-16T17:12:06+00:00","og_image":[{"url":"http:\/\/manipogo.de\/wp-content\/uploads\/con06-Kopie.jpg","type":"","width":"","height":""}],"author":"web108","twitter_card":"summary_large_image","twitter_misc":{"Verfasst von":"web108","Gesch\u00e4tzte Lesezeit":"3\u00a0Minuten"},"schema":{"@context":"https:\/\/schema.org","@graph":[{"@type":"Article","@id":"https:\/\/manipogo.de\/?p=5356#article","isPartOf":{"@id":"https:\/\/manipogo.de\/?p=5356"},"author":{"name":"web108","@id":"https:\/\/manipogo.de\/#\/schema\/person\/991913de0e39267877f234553fd7f58d"},"headline":"Amiri Baraka","datePublished":"2014-01-13T00:00:02+00:00","dateModified":"2017-04-16T17:12:06+00:00","mainEntityOfPage":{"@id":"https:\/\/manipogo.de\/?p=5356"},"wordCount":514,"commentCount":0,"image":{"@id":"https:\/\/manipogo.de\/?p=5356#primaryimage"},"thumbnailUrl":"http:\/\/manipogo.de\/wp-content\/uploads\/con06-Kopie.jpg","keywords":["Baraka","Musik"],"articleSection":["Musik"],"inLanguage":"de","potentialAction":[{"@type":"CommentAction","name":"Comment","target":["https:\/\/manipogo.de\/?p=5356#respond"]}]},{"@type":"WebPage","@id":"https:\/\/manipogo.de\/?p=5356","url":"https:\/\/manipogo.de\/?p=5356","name":"Amiri Baraka - manipogo","isPartOf":{"@id":"https:\/\/manipogo.de\/#website"},"primaryImageOfPage":{"@id":"https:\/\/manipogo.de\/?p=5356#primaryimage"},"image":{"@id":"https:\/\/manipogo.de\/?p=5356#primaryimage"},"thumbnailUrl":"http:\/\/manipogo.de\/wp-content\/uploads\/con06-Kopie.jpg","datePublished":"2014-01-13T00:00:02+00:00","dateModified":"2017-04-16T17:12:06+00:00","author":{"@id":"https:\/\/manipogo.de\/#\/schema\/person\/991913de0e39267877f234553fd7f58d"},"breadcrumb":{"@id":"https:\/\/manipogo.de\/?p=5356#breadcrumb"},"inLanguage":"de","potentialAction":[{"@type":"ReadAction","target":["https:\/\/manipogo.de\/?p=5356"]}]},{"@type":"ImageObject","inLanguage":"de","@id":"https:\/\/manipogo.de\/?p=5356#primaryimage","url":"http:\/\/manipogo.de\/wp-content\/uploads\/con06-Kopie.jpg","contentUrl":"http:\/\/manipogo.de\/wp-content\/uploads\/con06-Kopie.jpg"},{"@type":"BreadcrumbList","@id":"https:\/\/manipogo.de\/?p=5356#breadcrumb","itemListElement":[{"@type":"ListItem","position":1,"name":"Startseite","item":"https:\/\/manipogo.de\/"},{"@type":"ListItem","position":2,"name":"Amiri Baraka"}]},{"@type":"WebSite","@id":"https:\/\/manipogo.de\/#website","url":"https:\/\/manipogo.de\/","name":"manipogo","description":"Gott und die Welt","potentialAction":[{"@type":"SearchAction","target":{"@type":"EntryPoint","urlTemplate":"https:\/\/manipogo.de\/?s={search_term_string}"},"query-input":{"@type":"PropertyValueSpecification","valueRequired":true,"valueName":"search_term_string"}}],"inLanguage":"de"},{"@type":"Person","@id":"https:\/\/manipogo.de\/#\/schema\/person\/991913de0e39267877f234553fd7f58d","name":"web108","url":"https:\/\/manipogo.de\/?author=1"}]}},"_links":{"self":[{"href":"https:\/\/manipogo.de\/index.php?rest_route=\/wp\/v2\/posts\/5356","targetHints":{"allow":["GET"]}}],"collection":[{"href":"https:\/\/manipogo.de\/index.php?rest_route=\/wp\/v2\/posts"}],"about":[{"href":"https:\/\/manipogo.de\/index.php?rest_route=\/wp\/v2\/types\/post"}],"author":[{"embeddable":true,"href":"https:\/\/manipogo.de\/index.php?rest_route=\/wp\/v2\/users\/1"}],"replies":[{"embeddable":true,"href":"https:\/\/manipogo.de\/index.php?rest_route=%2Fwp%2Fv2%2Fcomments&post=5356"}],"version-history":[{"count":8,"href":"https:\/\/manipogo.de\/index.php?rest_route=\/wp\/v2\/posts\/5356\/revisions"}],"predecessor-version":[{"id":13099,"href":"https:\/\/manipogo.de\/index.php?rest_route=\/wp\/v2\/posts\/5356\/revisions\/13099"}],"wp:attachment":[{"href":"https:\/\/manipogo.de\/index.php?rest_route=%2Fwp%2Fv2%2Fmedia&parent=5356"}],"wp:term":[{"taxonomy":"category","embeddable":true,"href":"https:\/\/manipogo.de\/index.php?rest_route=%2Fwp%2Fv2%2Fcategories&post=5356"},{"taxonomy":"post_tag","embeddable":true,"href":"https:\/\/manipogo.de\/index.php?rest_route=%2Fwp%2Fv2%2Ftags&post=5356"}],"curies":[{"name":"wp","href":"https:\/\/api.w.org\/{rel}","templated":true}]}}