{"id":6398,"date":"2014-07-04T00:39:43","date_gmt":"2014-07-03T22:39:43","guid":{"rendered":"http:\/\/manipogo.de\/?p=6398"},"modified":"2014-07-03T18:34:06","modified_gmt":"2014-07-03T16:34:06","slug":"geliebtes-deutsches-vaterland","status":"publish","type":"post","link":"https:\/\/manipogo.de\/?p=6398","title":{"rendered":"Geliebtes deutsches Vaterland"},"content":{"rendered":"<p>Ich fand ein Video, das ich einmal irgendwo erworben hatte, weil es um mein Geburtsjahr ging, das entfernte 1957. Der junge Ulrich- Sat-1- Meyer (1955 geboren) f\u00fchrt in die Beitr\u00e4ge ein, im Anzug und arrogant wie eh, und in einem alten Filmbeitrag feiern Leute, weil die Saar wieder zu Deutschland geh\u00f6rt, und der damalige Kanzler Konrad Adenauer spricht. Und was sagt er?<!--more--><\/p>\n<p>Adenauer dr\u00fcckte (1957) seine Freude dar\u00fcber aus, dass das Saarland wieder \u00bbzu unserem geliebten deutschen Vaterland\u00ab geh\u00f6rt. 12 Jahre nach der Befreiung von Auschwitz und dem Kriegsende sagt er so einfach <em>geliebtes deutsches Vaterland<\/em>, ist das denn zu fassen? Dann dachte ich noch daran, was Jimmy Page (oder Robert Plant) von der englischen Rockband <em>Led Zeppelin<\/em> von einem Auftritt in K\u00f6ln 1970 berichteten: b\u00f6se Polizisten mit Sch\u00e4ferhunden. Und 1957 durfte Deutschland schon wieder eine Armee haben, die feierlich vereidigt wurde.<\/p>\n<div class=\"mceTemp\">\n<dl class=\"wp-caption alignleft\" style=\"width: 550px;\">\n<dt class=\"wp-caption-dt\"><a href=\"https:\/\/manipogo.de\/wp-content\/uploads\/DSCN5100.jpg\"><img loading=\"lazy\" decoding=\"async\" class=\"size-full wp-image-6399\" title=\"DSCN5100\" src=\"https:\/\/manipogo.de\/wp-content\/uploads\/DSCN5100.jpg\" alt=\"\" width=\"540\" height=\"365\" srcset=\"https:\/\/manipogo.de\/wp-content\/uploads\/DSCN5100.jpg 540w, https:\/\/manipogo.de\/wp-content\/uploads\/DSCN5100-300x202.jpg 300w\" sizes=\"auto, (max-width: 540px) 100vw, 540px\" \/><\/a><\/dt>\n<\/dl>\n<address class=\"wp-caption-dd\">Der alte, nun zerst\u00f6rte Anhalter Bahnhof in Berlin<\/address>\n<\/div>\n<p>Fr\u00fchere Nazi-Funktion\u00e4re machten in der Regierung mit, weil die sich auskannten und die Verwaltung ja irgendwie weiterlaufen musste. Aber man wird den Verdacht nicht los, dass die echte Aufarbeitung erst sp\u00e4ter einsetzte. Erst machte man gr\u00fcndlich und deutsch weiter, doch dann, seltsam, wurde die Nazizeit immer mehr tabuisiert. Je mehr Zeit verging, desto sensibler wurden die Leute, und da kamen ihnen andere, die Fehler machten, gerade recht.<\/p>\n<p>Wer in den Jahrzehnten danach irgendeinen ungl\u00fccklichen oder dummen Hitler-Vergleich bem\u00fchte, war sofort weg. Man bestrafte andere und war fein raus. In dem Buch <em>Du machst mich noch verr\u00fcckt<\/em> von einer Therapeutin, das ich gerade nicht finde, war das gut beschrieben. Der Aggressor sch\u00e4mt sich seiner eigenen Schandtaten und geht gleich \u00a0zum Gegenangriff \u00fcber.<\/p>\n<p>Darum hat man nach dem Zweiten Weltkrieg die Autoren, die ins Exil gegangen waren, nicht mehr angeh\u00f6rt. Man wollte sich nicht mit der eigenen Schuld konfrontieren. Die Exilanten wurden totgeschwiegen, und es hat auch lange gedauert, bis man den \u00dcberlebenden der Konzentrationslager zuh\u00f6rte. Das Buch <em>Die Untergegangenen und die Geretteten<\/em> von Primo Levi wurde erst Mitte der 1980-er Jahre auf Deutsch ver\u00f6ffentlicht und bekannt; er selber, der italienische Chemiker aus Turin, nahm sich 1987 das Leben.<\/p>\n<p>Jetzt ist das alles fernste Vergangenheit, und man kann schon wieder Witze dar\u00fcber machen (wie man sie aber auch schon in den 1960-er Jahren machte, weil man das Ausma\u00df nicht begriff). Vor zwei Jahren konnte sogar ein Buch \u00fcber die R\u00fcckkehr Adolf Hitlers ver\u00f6ffentlicht werden (<em>Er ist wieder da<\/em>), was man nur irritiert zur Kenntnis nehmen konnte. 50 Millionen Menschen haben in dem Weltkrieg ihr Leben verloren, 6 Millionen Juden wurden von Deutschen ermordet. Ein hundertj\u00e4hriges In-Sich-Gehen w\u00e4re angebracht gewesen.<\/p>\n","protected":false},"excerpt":{"rendered":"<p>Ich fand ein Video, das ich einmal irgendwo erworben hatte, weil es um mein Geburtsjahr ging, das entfernte 1957. Der junge Ulrich- Sat-1- Meyer (1955 geboren) f\u00fchrt in die Beitr\u00e4ge ein, im Anzug und arrogant wie eh, und in einem alten Filmbeitrag feiern Leute, weil die Saar wieder zu Deutschland geh\u00f6rt, und der damalige Kanzler [&hellip;]<\/p>\n","protected":false},"author":1,"featured_media":0,"comment_status":"open","ping_status":"open","sticky":false,"template":"","format":"standard","meta":{"footnotes":""},"categories":[6],"tags":[799,212],"class_list":["post-6398","post","type-post","status-publish","format-standard","hentry","category-alte-wege","tag-adenauer","tag-nazis"],"yoast_head":"<!-- This site is optimized with the Yoast SEO plugin v27.3 - https:\/\/yoast.com\/product\/yoast-seo-wordpress\/ -->\n<title>Geliebtes deutsches Vaterland  - manipogo<\/title>\n<meta name=\"robots\" content=\"index, follow, max-snippet:-1, max-image-preview:large, max-video-preview:-1\" \/>\n<link rel=\"canonical\" href=\"https:\/\/manipogo.de\/?p=6398\" \/>\n<meta property=\"og:locale\" content=\"de_DE\" \/>\n<meta property=\"og:type\" content=\"article\" \/>\n<meta property=\"og:title\" content=\"Geliebtes deutsches Vaterland  - manipogo\" \/>\n<meta property=\"og:description\" content=\"Ich fand ein Video, das ich einmal irgendwo erworben hatte, weil es um mein Geburtsjahr ging, das entfernte 1957. Der junge Ulrich- Sat-1- Meyer (1955 geboren) f\u00fchrt in die Beitr\u00e4ge ein, im Anzug und arrogant wie eh, und in einem alten Filmbeitrag feiern Leute, weil die Saar wieder zu Deutschland geh\u00f6rt, und der damalige Kanzler [&hellip;]\" \/>\n<meta property=\"og:url\" content=\"https:\/\/manipogo.de\/?p=6398\" \/>\n<meta property=\"og:site_name\" content=\"manipogo\" \/>\n<meta property=\"article:published_time\" content=\"2014-07-03T22:39:43+00:00\" \/>\n<meta property=\"og:image\" content=\"http:\/\/manipogo.de\/wp-content\/uploads\/DSCN5100.jpg\" \/>\n<meta name=\"author\" content=\"web108\" \/>\n<meta name=\"twitter:card\" content=\"summary_large_image\" \/>\n<meta name=\"twitter:label1\" content=\"Verfasst von\" \/>\n\t<meta name=\"twitter:data1\" content=\"web108\" \/>\n\t<meta name=\"twitter:label2\" content=\"Gesch\u00e4tzte Lesezeit\" \/>\n\t<meta name=\"twitter:data2\" content=\"2\u00a0Minuten\" \/>\n<script type=\"application\/ld+json\" class=\"yoast-schema-graph\">{\"@context\":\"https:\\\/\\\/schema.org\",\"@graph\":[{\"@type\":\"Article\",\"@id\":\"https:\\\/\\\/manipogo.de\\\/?p=6398#article\",\"isPartOf\":{\"@id\":\"https:\\\/\\\/manipogo.de\\\/?p=6398\"},\"author\":{\"name\":\"web108\",\"@id\":\"https:\\\/\\\/manipogo.de\\\/#\\\/schema\\\/person\\\/991913de0e39267877f234553fd7f58d\"},\"headline\":\"Geliebtes deutsches Vaterland\",\"datePublished\":\"2014-07-03T22:39:43+00:00\",\"mainEntityOfPage\":{\"@id\":\"https:\\\/\\\/manipogo.de\\\/?p=6398\"},\"wordCount\":448,\"commentCount\":0,\"image\":{\"@id\":\"https:\\\/\\\/manipogo.de\\\/?p=6398#primaryimage\"},\"thumbnailUrl\":\"http:\\\/\\\/manipogo.de\\\/wp-content\\\/uploads\\\/DSCN5100.jpg\",\"keywords\":[\"Adenauer\",\"Nazis\"],\"articleSection\":[\"Alte Wege\"],\"inLanguage\":\"de\",\"potentialAction\":[{\"@type\":\"CommentAction\",\"name\":\"Comment\",\"target\":[\"https:\\\/\\\/manipogo.de\\\/?p=6398#respond\"]}]},{\"@type\":\"WebPage\",\"@id\":\"https:\\\/\\\/manipogo.de\\\/?p=6398\",\"url\":\"https:\\\/\\\/manipogo.de\\\/?p=6398\",\"name\":\"Geliebtes deutsches Vaterland - manipogo\",\"isPartOf\":{\"@id\":\"https:\\\/\\\/manipogo.de\\\/#website\"},\"primaryImageOfPage\":{\"@id\":\"https:\\\/\\\/manipogo.de\\\/?p=6398#primaryimage\"},\"image\":{\"@id\":\"https:\\\/\\\/manipogo.de\\\/?p=6398#primaryimage\"},\"thumbnailUrl\":\"http:\\\/\\\/manipogo.de\\\/wp-content\\\/uploads\\\/DSCN5100.jpg\",\"datePublished\":\"2014-07-03T22:39:43+00:00\",\"author\":{\"@id\":\"https:\\\/\\\/manipogo.de\\\/#\\\/schema\\\/person\\\/991913de0e39267877f234553fd7f58d\"},\"breadcrumb\":{\"@id\":\"https:\\\/\\\/manipogo.de\\\/?p=6398#breadcrumb\"},\"inLanguage\":\"de\",\"potentialAction\":[{\"@type\":\"ReadAction\",\"target\":[\"https:\\\/\\\/manipogo.de\\\/?p=6398\"]}]},{\"@type\":\"ImageObject\",\"inLanguage\":\"de\",\"@id\":\"https:\\\/\\\/manipogo.de\\\/?p=6398#primaryimage\",\"url\":\"http:\\\/\\\/manipogo.de\\\/wp-content\\\/uploads\\\/DSCN5100.jpg\",\"contentUrl\":\"http:\\\/\\\/manipogo.de\\\/wp-content\\\/uploads\\\/DSCN5100.jpg\"},{\"@type\":\"BreadcrumbList\",\"@id\":\"https:\\\/\\\/manipogo.de\\\/?p=6398#breadcrumb\",\"itemListElement\":[{\"@type\":\"ListItem\",\"position\":1,\"name\":\"Startseite\",\"item\":\"https:\\\/\\\/manipogo.de\\\/\"},{\"@type\":\"ListItem\",\"position\":2,\"name\":\"Geliebtes deutsches Vaterland\"}]},{\"@type\":\"WebSite\",\"@id\":\"https:\\\/\\\/manipogo.de\\\/#website\",\"url\":\"https:\\\/\\\/manipogo.de\\\/\",\"name\":\"manipogo\",\"description\":\"Gott und die Welt\",\"potentialAction\":[{\"@type\":\"SearchAction\",\"target\":{\"@type\":\"EntryPoint\",\"urlTemplate\":\"https:\\\/\\\/manipogo.de\\\/?s={search_term_string}\"},\"query-input\":{\"@type\":\"PropertyValueSpecification\",\"valueRequired\":true,\"valueName\":\"search_term_string\"}}],\"inLanguage\":\"de\"},{\"@type\":\"Person\",\"@id\":\"https:\\\/\\\/manipogo.de\\\/#\\\/schema\\\/person\\\/991913de0e39267877f234553fd7f58d\",\"name\":\"web108\",\"url\":\"https:\\\/\\\/manipogo.de\\\/?author=1\"}]}<\/script>\n<!-- \/ Yoast SEO plugin. -->","yoast_head_json":{"title":"Geliebtes deutsches Vaterland  - manipogo","robots":{"index":"index","follow":"follow","max-snippet":"max-snippet:-1","max-image-preview":"max-image-preview:large","max-video-preview":"max-video-preview:-1"},"canonical":"https:\/\/manipogo.de\/?p=6398","og_locale":"de_DE","og_type":"article","og_title":"Geliebtes deutsches Vaterland  - manipogo","og_description":"Ich fand ein Video, das ich einmal irgendwo erworben hatte, weil es um mein Geburtsjahr ging, das entfernte 1957. Der junge Ulrich- Sat-1- Meyer (1955 geboren) f\u00fchrt in die Beitr\u00e4ge ein, im Anzug und arrogant wie eh, und in einem alten Filmbeitrag feiern Leute, weil die Saar wieder zu Deutschland geh\u00f6rt, und der damalige Kanzler [&hellip;]","og_url":"https:\/\/manipogo.de\/?p=6398","og_site_name":"manipogo","article_published_time":"2014-07-03T22:39:43+00:00","og_image":[{"url":"http:\/\/manipogo.de\/wp-content\/uploads\/DSCN5100.jpg","type":"","width":"","height":""}],"author":"web108","twitter_card":"summary_large_image","twitter_misc":{"Verfasst von":"web108","Gesch\u00e4tzte Lesezeit":"2\u00a0Minuten"},"schema":{"@context":"https:\/\/schema.org","@graph":[{"@type":"Article","@id":"https:\/\/manipogo.de\/?p=6398#article","isPartOf":{"@id":"https:\/\/manipogo.de\/?p=6398"},"author":{"name":"web108","@id":"https:\/\/manipogo.de\/#\/schema\/person\/991913de0e39267877f234553fd7f58d"},"headline":"Geliebtes deutsches Vaterland","datePublished":"2014-07-03T22:39:43+00:00","mainEntityOfPage":{"@id":"https:\/\/manipogo.de\/?p=6398"},"wordCount":448,"commentCount":0,"image":{"@id":"https:\/\/manipogo.de\/?p=6398#primaryimage"},"thumbnailUrl":"http:\/\/manipogo.de\/wp-content\/uploads\/DSCN5100.jpg","keywords":["Adenauer","Nazis"],"articleSection":["Alte Wege"],"inLanguage":"de","potentialAction":[{"@type":"CommentAction","name":"Comment","target":["https:\/\/manipogo.de\/?p=6398#respond"]}]},{"@type":"WebPage","@id":"https:\/\/manipogo.de\/?p=6398","url":"https:\/\/manipogo.de\/?p=6398","name":"Geliebtes deutsches Vaterland - manipogo","isPartOf":{"@id":"https:\/\/manipogo.de\/#website"},"primaryImageOfPage":{"@id":"https:\/\/manipogo.de\/?p=6398#primaryimage"},"image":{"@id":"https:\/\/manipogo.de\/?p=6398#primaryimage"},"thumbnailUrl":"http:\/\/manipogo.de\/wp-content\/uploads\/DSCN5100.jpg","datePublished":"2014-07-03T22:39:43+00:00","author":{"@id":"https:\/\/manipogo.de\/#\/schema\/person\/991913de0e39267877f234553fd7f58d"},"breadcrumb":{"@id":"https:\/\/manipogo.de\/?p=6398#breadcrumb"},"inLanguage":"de","potentialAction":[{"@type":"ReadAction","target":["https:\/\/manipogo.de\/?p=6398"]}]},{"@type":"ImageObject","inLanguage":"de","@id":"https:\/\/manipogo.de\/?p=6398#primaryimage","url":"http:\/\/manipogo.de\/wp-content\/uploads\/DSCN5100.jpg","contentUrl":"http:\/\/manipogo.de\/wp-content\/uploads\/DSCN5100.jpg"},{"@type":"BreadcrumbList","@id":"https:\/\/manipogo.de\/?p=6398#breadcrumb","itemListElement":[{"@type":"ListItem","position":1,"name":"Startseite","item":"https:\/\/manipogo.de\/"},{"@type":"ListItem","position":2,"name":"Geliebtes deutsches Vaterland"}]},{"@type":"WebSite","@id":"https:\/\/manipogo.de\/#website","url":"https:\/\/manipogo.de\/","name":"manipogo","description":"Gott und die Welt","potentialAction":[{"@type":"SearchAction","target":{"@type":"EntryPoint","urlTemplate":"https:\/\/manipogo.de\/?s={search_term_string}"},"query-input":{"@type":"PropertyValueSpecification","valueRequired":true,"valueName":"search_term_string"}}],"inLanguage":"de"},{"@type":"Person","@id":"https:\/\/manipogo.de\/#\/schema\/person\/991913de0e39267877f234553fd7f58d","name":"web108","url":"https:\/\/manipogo.de\/?author=1"}]}},"_links":{"self":[{"href":"https:\/\/manipogo.de\/index.php?rest_route=\/wp\/v2\/posts\/6398","targetHints":{"allow":["GET"]}}],"collection":[{"href":"https:\/\/manipogo.de\/index.php?rest_route=\/wp\/v2\/posts"}],"about":[{"href":"https:\/\/manipogo.de\/index.php?rest_route=\/wp\/v2\/types\/post"}],"author":[{"embeddable":true,"href":"https:\/\/manipogo.de\/index.php?rest_route=\/wp\/v2\/users\/1"}],"replies":[{"embeddable":true,"href":"https:\/\/manipogo.de\/index.php?rest_route=%2Fwp%2Fv2%2Fcomments&post=6398"}],"version-history":[{"count":4,"href":"https:\/\/manipogo.de\/index.php?rest_route=\/wp\/v2\/posts\/6398\/revisions"}],"predecessor-version":[{"id":6800,"href":"https:\/\/manipogo.de\/index.php?rest_route=\/wp\/v2\/posts\/6398\/revisions\/6800"}],"wp:attachment":[{"href":"https:\/\/manipogo.de\/index.php?rest_route=%2Fwp%2Fv2%2Fmedia&parent=6398"}],"wp:term":[{"taxonomy":"category","embeddable":true,"href":"https:\/\/manipogo.de\/index.php?rest_route=%2Fwp%2Fv2%2Fcategories&post=6398"},{"taxonomy":"post_tag","embeddable":true,"href":"https:\/\/manipogo.de\/index.php?rest_route=%2Fwp%2Fv2%2Ftags&post=6398"}],"curies":[{"name":"wp","href":"https:\/\/api.w.org\/{rel}","templated":true}]}}