{"id":6406,"date":"2014-05-05T00:25:04","date_gmt":"2014-05-04T23:25:04","guid":{"rendered":"http:\/\/manipogo.de\/?p=6406"},"modified":"2017-04-16T18:23:48","modified_gmt":"2017-04-16T17:23:48","slug":"giuseppe-verdi","status":"publish","type":"post","link":"https:\/\/manipogo.de\/?p=6406","title":{"rendered":"Giuseppe Verdi"},"content":{"rendered":"<p>Vor \u00fcber einem Jahr fuhr ich die Tyrrhenische K\u00fcste hoch und beschloss, in Torre del Lago zu \u00fcbernachten, weil da die Villa von Giacomo Puccini lag, dem verehrten Opernkomponisten. Dieses Jahr kam ich auf dem ersten Tag meiner Radreise ganz zuf\u00e4llig durch Villa d&#8217;Ada, in dessen Ortsteil Sant&#8217;Agata die Villa von Giuseppe Verdi lag, Puccinis gro\u00dfem Vorg\u00e4nger. Ich schaute sie mir an.<!--more--><\/p>\n<p><a href=\"https:\/\/manipogo.de\/wp-content\/uploads\/006.jpg\"><img loading=\"lazy\" decoding=\"async\" class=\"alignright size-full wp-image-6438\" title=\"006\" src=\"https:\/\/manipogo.de\/wp-content\/uploads\/006.jpg\" alt=\"\" width=\"540\" height=\"405\" srcset=\"https:\/\/manipogo.de\/wp-content\/uploads\/006.jpg 540w, https:\/\/manipogo.de\/wp-content\/uploads\/006-300x225.jpg 300w\" sizes=\"auto, (max-width: 540px) 100vw, 540px\" \/><\/a>Verdi war der Sohn von Bauern und weder arm noch reich; reich wurde er durch seine Werke, und so baute er sich ein paar Kilometer von seinem Geburtsort Roncole entfernt ein stattliches Anwesen, das er mit seiner Frau und Bediensteten bewohnte. Mit seiner ersten Frau hatte er in Busseto gewohnt, auch in der N\u00e4he, aber das Volk war mit Verdis zweiter Frau unzufrieden, also musste er da weg. In Sant&#8217;Agata lebte er dann 50 Jahre bis zu seinem Tod 1901. Da war er 87 Jahre alt und ein beg\u00fcterter Gro\u00dfgrundbesitzer.<\/p>\n<p><a href=\"https:\/\/manipogo.de\/wp-content\/uploads\/011.jpg\"><img loading=\"lazy\" decoding=\"async\" class=\"alignright size-full wp-image-6440\" title=\"011\" src=\"https:\/\/manipogo.de\/wp-content\/uploads\/011.jpg\" alt=\"\" width=\"540\" height=\"405\" srcset=\"https:\/\/manipogo.de\/wp-content\/uploads\/011.jpg 540w, https:\/\/manipogo.de\/wp-content\/uploads\/011-300x225.jpg 300w\" sizes=\"auto, (max-width: 540px) 100vw, 540px\" \/><\/a><\/p>\n<p>Man kennt Verdi von Bildern mit dem Zylinder auf dem Kopf und dem Seidenschal um den Hals. Wenn er mit seinem Phaeton ausfuhr, einer schnellen Kutsche, war er sicher zweckm\u00e4\u00dfiger gekleidet. Auf seinem Gut hatte er einen gr\u00fcnen, verwunschenen See, der <em>Paddel <\/em>hie\u00df. Er hatte Spazierwege anlegen lassen und ging auch auf die Jagd, was er eigentlich nicht mochte, aber damals war das die g\u00e4ngige Freizeitbesch\u00e4ftigung, wenn G\u00e4ste kamen. Sonst hatte der Maestro oft in Mailand zu tun, an der <em>Scala<\/em>, in dessen N\u00e4he er immer im Hotel Excelsior abstieg und wo er auch starb.<\/p>\n<p><a href=\"https:\/\/manipogo.de\/wp-content\/uploads\/012.jpg\"><img loading=\"lazy\" decoding=\"async\" class=\"alignright size-full wp-image-6441\" title=\"012\" src=\"https:\/\/manipogo.de\/wp-content\/uploads\/012.jpg\" alt=\"\" width=\"540\" height=\"405\" srcset=\"https:\/\/manipogo.de\/wp-content\/uploads\/012.jpg 540w, https:\/\/manipogo.de\/wp-content\/uploads\/012-300x225.jpg 300w\" sizes=\"auto, (max-width: 540px) 100vw, 540px\" \/><\/a><\/p>\n<p>Verdi war l\u00e4rmempfindlich und lie\u00df die Wege oft mit Stroh belegen, damit man die rollenden R\u00e4der der Kutschen nicht so h\u00f6rte, und so taten es dann auch seine Mitb\u00fcrger vor dem Hotel, als es mit ihm zu Ende ging. Ich muss gestehen, dass ich nie eine Verdi-Oper gesehen habe, aber <em>Rigoletto<\/em> und <em>Aida<\/em> sind nat\u00fcrlich Klassiker geworden und <em>La Traviata<\/em> auch. Gut, das kann ich ja beizeiten nachholen. Wie Puccini, der die ersten gro\u00dfen Erfolge hatte, als sein gro\u00dfer Kollege gestorben war, komponierte Giuseppe Verdi gern nachts. Das Ehepaar schlief in getrennten Betten, und so lag er da, und dann fiel ihm eine Melodie ein, er setzte sich gleich ans Klavier gegen\u00fcber und probierte es aus.<\/p>\n<p><a href=\"https:\/\/manipogo.de\/wp-content\/uploads\/014.jpg\"><img loading=\"lazy\" decoding=\"async\" class=\"alignright size-full wp-image-6442\" title=\"014\" src=\"https:\/\/manipogo.de\/wp-content\/uploads\/014.jpg\" alt=\"\" width=\"540\" height=\"405\" srcset=\"https:\/\/manipogo.de\/wp-content\/uploads\/014.jpg 540w, https:\/\/manipogo.de\/wp-content\/uploads\/014-300x225.jpg 300w\" sizes=\"auto, (max-width: 540px) 100vw, 540px\" \/><\/a><\/p>\n","protected":false},"excerpt":{"rendered":"<p>Vor \u00fcber einem Jahr fuhr ich die Tyrrhenische K\u00fcste hoch und beschloss, in Torre del Lago zu \u00fcbernachten, weil da die Villa von Giacomo Puccini lag, dem verehrten Opernkomponisten. Dieses Jahr kam ich auf dem ersten Tag meiner Radreise ganz zuf\u00e4llig durch Villa d&#8217;Ada, in dessen Ortsteil Sant&#8217;Agata die Villa von Giuseppe Verdi lag, Puccinis [&hellip;]<\/p>\n","protected":false},"author":1,"featured_media":0,"comment_status":"open","ping_status":"open","sticky":false,"template":"","format":"standard","meta":{"footnotes":""},"categories":[1348],"tags":[803,802],"class_list":["post-6406","post","type-post","status-publish","format-standard","hentry","category-musik","tag-oper","tag-verdi"],"yoast_head":"<!-- This site is optimized with the Yoast SEO plugin v27.3 - https:\/\/yoast.com\/product\/yoast-seo-wordpress\/ -->\n<title>Giuseppe Verdi - manipogo<\/title>\n<meta name=\"robots\" content=\"index, follow, max-snippet:-1, max-image-preview:large, max-video-preview:-1\" \/>\n<link rel=\"canonical\" href=\"https:\/\/manipogo.de\/?p=6406\" \/>\n<meta property=\"og:locale\" content=\"de_DE\" \/>\n<meta property=\"og:type\" content=\"article\" \/>\n<meta property=\"og:title\" content=\"Giuseppe Verdi - manipogo\" \/>\n<meta property=\"og:description\" content=\"Vor \u00fcber einem Jahr fuhr ich die Tyrrhenische K\u00fcste hoch und beschloss, in Torre del Lago zu \u00fcbernachten, weil da die Villa von Giacomo Puccini lag, dem verehrten Opernkomponisten. Dieses Jahr kam ich auf dem ersten Tag meiner Radreise ganz zuf\u00e4llig durch Villa d&#8217;Ada, in dessen Ortsteil Sant&#8217;Agata die Villa von Giuseppe Verdi lag, Puccinis [&hellip;]\" \/>\n<meta property=\"og:url\" content=\"https:\/\/manipogo.de\/?p=6406\" \/>\n<meta property=\"og:site_name\" content=\"manipogo\" \/>\n<meta property=\"article:published_time\" content=\"2014-05-04T23:25:04+00:00\" \/>\n<meta property=\"article:modified_time\" content=\"2017-04-16T17:23:48+00:00\" \/>\n<meta property=\"og:image\" content=\"http:\/\/manipogo.de\/wp-content\/uploads\/006.jpg\" \/>\n<meta name=\"author\" content=\"web108\" \/>\n<meta name=\"twitter:card\" content=\"summary_large_image\" \/>\n<meta name=\"twitter:label1\" content=\"Verfasst von\" \/>\n\t<meta name=\"twitter:data1\" content=\"web108\" \/>\n\t<meta name=\"twitter:label2\" content=\"Gesch\u00e4tzte Lesezeit\" \/>\n\t<meta name=\"twitter:data2\" content=\"2\u00a0Minuten\" \/>\n<script type=\"application\/ld+json\" class=\"yoast-schema-graph\">{\"@context\":\"https:\\\/\\\/schema.org\",\"@graph\":[{\"@type\":\"Article\",\"@id\":\"https:\\\/\\\/manipogo.de\\\/?p=6406#article\",\"isPartOf\":{\"@id\":\"https:\\\/\\\/manipogo.de\\\/?p=6406\"},\"author\":{\"name\":\"web108\",\"@id\":\"https:\\\/\\\/manipogo.de\\\/#\\\/schema\\\/person\\\/991913de0e39267877f234553fd7f58d\"},\"headline\":\"Giuseppe Verdi\",\"datePublished\":\"2014-05-04T23:25:04+00:00\",\"dateModified\":\"2017-04-16T17:23:48+00:00\",\"mainEntityOfPage\":{\"@id\":\"https:\\\/\\\/manipogo.de\\\/?p=6406\"},\"wordCount\":386,\"commentCount\":0,\"image\":{\"@id\":\"https:\\\/\\\/manipogo.de\\\/?p=6406#primaryimage\"},\"thumbnailUrl\":\"http:\\\/\\\/manipogo.de\\\/wp-content\\\/uploads\\\/006.jpg\",\"keywords\":[\"Oper\",\"Verdi\"],\"articleSection\":[\"Musik\"],\"inLanguage\":\"de\",\"potentialAction\":[{\"@type\":\"CommentAction\",\"name\":\"Comment\",\"target\":[\"https:\\\/\\\/manipogo.de\\\/?p=6406#respond\"]}]},{\"@type\":\"WebPage\",\"@id\":\"https:\\\/\\\/manipogo.de\\\/?p=6406\",\"url\":\"https:\\\/\\\/manipogo.de\\\/?p=6406\",\"name\":\"Giuseppe Verdi - manipogo\",\"isPartOf\":{\"@id\":\"https:\\\/\\\/manipogo.de\\\/#website\"},\"primaryImageOfPage\":{\"@id\":\"https:\\\/\\\/manipogo.de\\\/?p=6406#primaryimage\"},\"image\":{\"@id\":\"https:\\\/\\\/manipogo.de\\\/?p=6406#primaryimage\"},\"thumbnailUrl\":\"http:\\\/\\\/manipogo.de\\\/wp-content\\\/uploads\\\/006.jpg\",\"datePublished\":\"2014-05-04T23:25:04+00:00\",\"dateModified\":\"2017-04-16T17:23:48+00:00\",\"author\":{\"@id\":\"https:\\\/\\\/manipogo.de\\\/#\\\/schema\\\/person\\\/991913de0e39267877f234553fd7f58d\"},\"breadcrumb\":{\"@id\":\"https:\\\/\\\/manipogo.de\\\/?p=6406#breadcrumb\"},\"inLanguage\":\"de\",\"potentialAction\":[{\"@type\":\"ReadAction\",\"target\":[\"https:\\\/\\\/manipogo.de\\\/?p=6406\"]}]},{\"@type\":\"ImageObject\",\"inLanguage\":\"de\",\"@id\":\"https:\\\/\\\/manipogo.de\\\/?p=6406#primaryimage\",\"url\":\"http:\\\/\\\/manipogo.de\\\/wp-content\\\/uploads\\\/006.jpg\",\"contentUrl\":\"http:\\\/\\\/manipogo.de\\\/wp-content\\\/uploads\\\/006.jpg\"},{\"@type\":\"BreadcrumbList\",\"@id\":\"https:\\\/\\\/manipogo.de\\\/?p=6406#breadcrumb\",\"itemListElement\":[{\"@type\":\"ListItem\",\"position\":1,\"name\":\"Startseite\",\"item\":\"https:\\\/\\\/manipogo.de\\\/\"},{\"@type\":\"ListItem\",\"position\":2,\"name\":\"Giuseppe Verdi\"}]},{\"@type\":\"WebSite\",\"@id\":\"https:\\\/\\\/manipogo.de\\\/#website\",\"url\":\"https:\\\/\\\/manipogo.de\\\/\",\"name\":\"manipogo\",\"description\":\"Gott und die Welt\",\"potentialAction\":[{\"@type\":\"SearchAction\",\"target\":{\"@type\":\"EntryPoint\",\"urlTemplate\":\"https:\\\/\\\/manipogo.de\\\/?s={search_term_string}\"},\"query-input\":{\"@type\":\"PropertyValueSpecification\",\"valueRequired\":true,\"valueName\":\"search_term_string\"}}],\"inLanguage\":\"de\"},{\"@type\":\"Person\",\"@id\":\"https:\\\/\\\/manipogo.de\\\/#\\\/schema\\\/person\\\/991913de0e39267877f234553fd7f58d\",\"name\":\"web108\",\"url\":\"https:\\\/\\\/manipogo.de\\\/?author=1\"}]}<\/script>\n<!-- \/ Yoast SEO plugin. -->","yoast_head_json":{"title":"Giuseppe Verdi - manipogo","robots":{"index":"index","follow":"follow","max-snippet":"max-snippet:-1","max-image-preview":"max-image-preview:large","max-video-preview":"max-video-preview:-1"},"canonical":"https:\/\/manipogo.de\/?p=6406","og_locale":"de_DE","og_type":"article","og_title":"Giuseppe Verdi - manipogo","og_description":"Vor \u00fcber einem Jahr fuhr ich die Tyrrhenische K\u00fcste hoch und beschloss, in Torre del Lago zu \u00fcbernachten, weil da die Villa von Giacomo Puccini lag, dem verehrten Opernkomponisten. Dieses Jahr kam ich auf dem ersten Tag meiner Radreise ganz zuf\u00e4llig durch Villa d&#8217;Ada, in dessen Ortsteil Sant&#8217;Agata die Villa von Giuseppe Verdi lag, Puccinis [&hellip;]","og_url":"https:\/\/manipogo.de\/?p=6406","og_site_name":"manipogo","article_published_time":"2014-05-04T23:25:04+00:00","article_modified_time":"2017-04-16T17:23:48+00:00","og_image":[{"url":"http:\/\/manipogo.de\/wp-content\/uploads\/006.jpg","type":"","width":"","height":""}],"author":"web108","twitter_card":"summary_large_image","twitter_misc":{"Verfasst von":"web108","Gesch\u00e4tzte Lesezeit":"2\u00a0Minuten"},"schema":{"@context":"https:\/\/schema.org","@graph":[{"@type":"Article","@id":"https:\/\/manipogo.de\/?p=6406#article","isPartOf":{"@id":"https:\/\/manipogo.de\/?p=6406"},"author":{"name":"web108","@id":"https:\/\/manipogo.de\/#\/schema\/person\/991913de0e39267877f234553fd7f58d"},"headline":"Giuseppe Verdi","datePublished":"2014-05-04T23:25:04+00:00","dateModified":"2017-04-16T17:23:48+00:00","mainEntityOfPage":{"@id":"https:\/\/manipogo.de\/?p=6406"},"wordCount":386,"commentCount":0,"image":{"@id":"https:\/\/manipogo.de\/?p=6406#primaryimage"},"thumbnailUrl":"http:\/\/manipogo.de\/wp-content\/uploads\/006.jpg","keywords":["Oper","Verdi"],"articleSection":["Musik"],"inLanguage":"de","potentialAction":[{"@type":"CommentAction","name":"Comment","target":["https:\/\/manipogo.de\/?p=6406#respond"]}]},{"@type":"WebPage","@id":"https:\/\/manipogo.de\/?p=6406","url":"https:\/\/manipogo.de\/?p=6406","name":"Giuseppe Verdi - manipogo","isPartOf":{"@id":"https:\/\/manipogo.de\/#website"},"primaryImageOfPage":{"@id":"https:\/\/manipogo.de\/?p=6406#primaryimage"},"image":{"@id":"https:\/\/manipogo.de\/?p=6406#primaryimage"},"thumbnailUrl":"http:\/\/manipogo.de\/wp-content\/uploads\/006.jpg","datePublished":"2014-05-04T23:25:04+00:00","dateModified":"2017-04-16T17:23:48+00:00","author":{"@id":"https:\/\/manipogo.de\/#\/schema\/person\/991913de0e39267877f234553fd7f58d"},"breadcrumb":{"@id":"https:\/\/manipogo.de\/?p=6406#breadcrumb"},"inLanguage":"de","potentialAction":[{"@type":"ReadAction","target":["https:\/\/manipogo.de\/?p=6406"]}]},{"@type":"ImageObject","inLanguage":"de","@id":"https:\/\/manipogo.de\/?p=6406#primaryimage","url":"http:\/\/manipogo.de\/wp-content\/uploads\/006.jpg","contentUrl":"http:\/\/manipogo.de\/wp-content\/uploads\/006.jpg"},{"@type":"BreadcrumbList","@id":"https:\/\/manipogo.de\/?p=6406#breadcrumb","itemListElement":[{"@type":"ListItem","position":1,"name":"Startseite","item":"https:\/\/manipogo.de\/"},{"@type":"ListItem","position":2,"name":"Giuseppe Verdi"}]},{"@type":"WebSite","@id":"https:\/\/manipogo.de\/#website","url":"https:\/\/manipogo.de\/","name":"manipogo","description":"Gott und die Welt","potentialAction":[{"@type":"SearchAction","target":{"@type":"EntryPoint","urlTemplate":"https:\/\/manipogo.de\/?s={search_term_string}"},"query-input":{"@type":"PropertyValueSpecification","valueRequired":true,"valueName":"search_term_string"}}],"inLanguage":"de"},{"@type":"Person","@id":"https:\/\/manipogo.de\/#\/schema\/person\/991913de0e39267877f234553fd7f58d","name":"web108","url":"https:\/\/manipogo.de\/?author=1"}]}},"_links":{"self":[{"href":"https:\/\/manipogo.de\/index.php?rest_route=\/wp\/v2\/posts\/6406","targetHints":{"allow":["GET"]}}],"collection":[{"href":"https:\/\/manipogo.de\/index.php?rest_route=\/wp\/v2\/posts"}],"about":[{"href":"https:\/\/manipogo.de\/index.php?rest_route=\/wp\/v2\/types\/post"}],"author":[{"embeddable":true,"href":"https:\/\/manipogo.de\/index.php?rest_route=\/wp\/v2\/users\/1"}],"replies":[{"embeddable":true,"href":"https:\/\/manipogo.de\/index.php?rest_route=%2Fwp%2Fv2%2Fcomments&post=6406"}],"version-history":[{"count":4,"href":"https:\/\/manipogo.de\/index.php?rest_route=\/wp\/v2\/posts\/6406\/revisions"}],"predecessor-version":[{"id":13115,"href":"https:\/\/manipogo.de\/index.php?rest_route=\/wp\/v2\/posts\/6406\/revisions\/13115"}],"wp:attachment":[{"href":"https:\/\/manipogo.de\/index.php?rest_route=%2Fwp%2Fv2%2Fmedia&parent=6406"}],"wp:term":[{"taxonomy":"category","embeddable":true,"href":"https:\/\/manipogo.de\/index.php?rest_route=%2Fwp%2Fv2%2Fcategories&post=6406"},{"taxonomy":"post_tag","embeddable":true,"href":"https:\/\/manipogo.de\/index.php?rest_route=%2Fwp%2Fv2%2Ftags&post=6406"}],"curies":[{"name":"wp","href":"https:\/\/api.w.org\/{rel}","templated":true}]}}