{"id":6418,"date":"2014-05-07T00:30:01","date_gmt":"2014-05-06T23:30:01","guid":{"rendered":"http:\/\/manipogo.de\/?p=6418"},"modified":"2016-03-20T22:41:14","modified_gmt":"2016-03-20T21:41:14","slug":"pedelec-in-italien","status":"publish","type":"post","link":"https:\/\/manipogo.de\/?p=6418","title":{"rendered":"Pedelec in Italien"},"content":{"rendered":"<p>Auch in Norditalien sind eine Menge Leute mit elektrischen Fahrr\u00e4dern unterwegs, den sogenannten Pedelecs. Sollen sie doch. Aber mir fiel ein, wie Mitte April Winnie neben mir herradelte, der in seinem Gesch\u00e4ft viele E-Bikes verkauft. Er konfrontierte mich mit einem Argument, das ich spontan nicht \u00fcberzeugend kontern konnte \u2026<!--more--><\/p>\n<p>Vielleicht war es ja ein Argument cleverer Marketing-Leute, das muss ich Winnie noch fragen. Jedenfalls meinte er, man w\u00fcrde wohl auch nicht Hausfrauen mit der Hand waschen lassen, wenn es die Waschmaschine g\u00e4be; man solle seinen Widerstand gegen\u00fcber dem Pedelec aufgeben. Ist das elektrobetriebene Rad mit der Waschmaschine zu vergleichen, sind wie E-Bike-Hasser engstirnige Fundamentalisten, die die Menschheit in der Steinzeit festhalten wollen?<\/p>\n<p>Bestimmt nicht. Ich sagte: Das Pedelec ist eine Zusatz-Erfindung, niemand hatte es vermisst. Es gab ja schon Autos und Motorr\u00e4der und andere motorbetriebene Fortbewegungsger\u00e4te auch f\u00fcr den Transport schwerer Dinge; die Waschmaschine war also schon da. Das Fahrrad ist einfach eine andere Kategorie, das ist philosophisch zu behandeln. Das Fahrrad ist perfekt auf den menschlichen K\u00f6rper abgestimmt und erf\u00fcllte seinen Zweck: Sportger\u00e4t zu sein und Transportmittel des Menschen \u00fcber k\u00fcrzere Distanzen. Wo es zu Fu\u00df zu lange dauert, ein Motoreneinsatz aber \u00fcbertrieben w\u00e4re, ist es die beste L\u00f6sung. Der Mensch setzt seine Muskeln ein und verbraucht keine Energie.<\/p>\n<p>Das Pedelec mischt sich da ein und verwischt die Trennung zwischen mit Muskelkraft betriebenen Fahrzeugen und mit Motor betriebenen Fahrzeugen. Es ist ein Hybrid. Der weltanschaulich korrekte und strenge, weil keine fossile Energie verbrauchende Radler knickt ein und geht einen Kompromiss ein, wenn er Pedelec f\u00e4hrt. Er ist pl\u00f6tzlich ein unsauberer Radfahrer. F\u00fcr seine Bequemlichkeit begeht er eine Tods\u00fcnde, wie es der echte Radfahrer sieht: Er l\u00e4sst sich helfen. Dahinter stecken die Interessen einer ganzen Industrie. Alles das habe ich schon gesagt.<\/p>\n<p>Der Fahrradh\u00e4ndler in Santa Marinella, der ein bi\u00dfchen aussieht wie Massimo Troisi, brachte einen neuen Gedanken vor: Die, die Pedelecs kauften, seien keine Radfahrer, sondern Leute, de es statt eines Scooters erwerben oder gar ihr Auto abschaffen; die Krise sp\u00fcre man in Italien, meinte er. (Sollen sie doch radfahren k\u00f6nnte man ach sagen, ist ges\u00fcnder und billiger.)<\/p>\n<p>Die Entwicklung geht weiter. Das Fahrrad f\u00e4hrt vislleicht wirklich einem Nischendasein entgegen. Das h\u00e4tte sich vor zehn Jahren keiner vorstellen k\u00f6nnen. Auch nicht, dass Fahrradh\u00e4ndler Motoren einbauen und Software aufspielen. Wie \u00fcberall sind wir mit technischem Kleinkram konfrontiert, statt einfach fahren zu d\u00fcrfen. Die Technik \u00fcberw\u00f6lbt das, was sie erleichtern helfen soll.<\/p>\n<p>Ich merke es bei den Computerprogrammen, die vor einiger Zeit noch so einfach zu bedienen waren, dass man sich auf die Arbeit konzentrieren konnte. Aber nun kostet das Knowhow so viel Energie, weil der Mensch immer mehr Funktionen in seine Ger\u00e4te einpacken will und der Zeitgeist immer mehr Leistung f\u00fcr immer weniger Geld verlangt. Ich schreibe einfach weiter, aber wenn es zu kompliziert wird, steige ich eben aus und auf mein Rad und ciao.<\/p>\n","protected":false},"excerpt":{"rendered":"<p>Auch in Norditalien sind eine Menge Leute mit elektrischen Fahrr\u00e4dern unterwegs, den sogenannten Pedelecs. Sollen sie doch. Aber mir fiel ein, wie Mitte April Winnie neben mir herradelte, der in seinem Gesch\u00e4ft viele E-Bikes verkauft. Er konfrontierte mich mit einem Argument, das ich spontan nicht \u00fcberzeugend kontern konnte \u2026<\/p>\n","protected":false},"author":1,"featured_media":0,"comment_status":"open","ping_status":"open","sticky":false,"template":"","format":"standard","meta":{"footnotes":""},"categories":[1222],"tags":[150,805],"class_list":["post-6418","post","type-post","status-publish","format-standard","hentry","category-fahrrad","tag-italien","tag-pedelec"],"yoast_head":"<!-- This site is optimized with the Yoast SEO plugin v27.3 - https:\/\/yoast.com\/product\/yoast-seo-wordpress\/ -->\n<title>Pedelec in Italien - manipogo<\/title>\n<meta name=\"robots\" content=\"index, follow, max-snippet:-1, max-image-preview:large, max-video-preview:-1\" \/>\n<link rel=\"canonical\" href=\"https:\/\/manipogo.de\/?p=6418\" \/>\n<meta property=\"og:locale\" content=\"de_DE\" \/>\n<meta property=\"og:type\" content=\"article\" \/>\n<meta property=\"og:title\" content=\"Pedelec in Italien - manipogo\" \/>\n<meta property=\"og:description\" content=\"Auch in Norditalien sind eine Menge Leute mit elektrischen Fahrr\u00e4dern unterwegs, den sogenannten Pedelecs. Sollen sie doch. Aber mir fiel ein, wie Mitte April Winnie neben mir herradelte, der in seinem Gesch\u00e4ft viele E-Bikes verkauft. Er konfrontierte mich mit einem Argument, das ich spontan nicht \u00fcberzeugend kontern konnte \u2026\" \/>\n<meta property=\"og:url\" content=\"https:\/\/manipogo.de\/?p=6418\" \/>\n<meta property=\"og:site_name\" content=\"manipogo\" \/>\n<meta property=\"article:published_time\" content=\"2014-05-06T23:30:01+00:00\" \/>\n<meta property=\"article:modified_time\" content=\"2016-03-20T21:41:14+00:00\" \/>\n<meta name=\"author\" content=\"web108\" \/>\n<meta name=\"twitter:card\" content=\"summary_large_image\" \/>\n<meta name=\"twitter:label1\" content=\"Verfasst von\" \/>\n\t<meta name=\"twitter:data1\" content=\"web108\" \/>\n\t<meta name=\"twitter:label2\" content=\"Gesch\u00e4tzte Lesezeit\" \/>\n\t<meta name=\"twitter:data2\" content=\"3\u00a0Minuten\" \/>\n<script type=\"application\/ld+json\" class=\"yoast-schema-graph\">{\"@context\":\"https:\\\/\\\/schema.org\",\"@graph\":[{\"@type\":\"Article\",\"@id\":\"https:\\\/\\\/manipogo.de\\\/?p=6418#article\",\"isPartOf\":{\"@id\":\"https:\\\/\\\/manipogo.de\\\/?p=6418\"},\"author\":{\"name\":\"web108\",\"@id\":\"https:\\\/\\\/manipogo.de\\\/#\\\/schema\\\/person\\\/991913de0e39267877f234553fd7f58d\"},\"headline\":\"Pedelec in Italien\",\"datePublished\":\"2014-05-06T23:30:01+00:00\",\"dateModified\":\"2016-03-20T21:41:14+00:00\",\"mainEntityOfPage\":{\"@id\":\"https:\\\/\\\/manipogo.de\\\/?p=6418\"},\"wordCount\":509,\"commentCount\":0,\"keywords\":[\"Italien\",\"Pedelec\"],\"articleSection\":[\"Fahrrad\"],\"inLanguage\":\"de\",\"potentialAction\":[{\"@type\":\"CommentAction\",\"name\":\"Comment\",\"target\":[\"https:\\\/\\\/manipogo.de\\\/?p=6418#respond\"]}]},{\"@type\":\"WebPage\",\"@id\":\"https:\\\/\\\/manipogo.de\\\/?p=6418\",\"url\":\"https:\\\/\\\/manipogo.de\\\/?p=6418\",\"name\":\"Pedelec in Italien - manipogo\",\"isPartOf\":{\"@id\":\"https:\\\/\\\/manipogo.de\\\/#website\"},\"datePublished\":\"2014-05-06T23:30:01+00:00\",\"dateModified\":\"2016-03-20T21:41:14+00:00\",\"author\":{\"@id\":\"https:\\\/\\\/manipogo.de\\\/#\\\/schema\\\/person\\\/991913de0e39267877f234553fd7f58d\"},\"breadcrumb\":{\"@id\":\"https:\\\/\\\/manipogo.de\\\/?p=6418#breadcrumb\"},\"inLanguage\":\"de\",\"potentialAction\":[{\"@type\":\"ReadAction\",\"target\":[\"https:\\\/\\\/manipogo.de\\\/?p=6418\"]}]},{\"@type\":\"BreadcrumbList\",\"@id\":\"https:\\\/\\\/manipogo.de\\\/?p=6418#breadcrumb\",\"itemListElement\":[{\"@type\":\"ListItem\",\"position\":1,\"name\":\"Startseite\",\"item\":\"https:\\\/\\\/manipogo.de\\\/\"},{\"@type\":\"ListItem\",\"position\":2,\"name\":\"Pedelec in Italien\"}]},{\"@type\":\"WebSite\",\"@id\":\"https:\\\/\\\/manipogo.de\\\/#website\",\"url\":\"https:\\\/\\\/manipogo.de\\\/\",\"name\":\"manipogo\",\"description\":\"Gott und die Welt\",\"potentialAction\":[{\"@type\":\"SearchAction\",\"target\":{\"@type\":\"EntryPoint\",\"urlTemplate\":\"https:\\\/\\\/manipogo.de\\\/?s={search_term_string}\"},\"query-input\":{\"@type\":\"PropertyValueSpecification\",\"valueRequired\":true,\"valueName\":\"search_term_string\"}}],\"inLanguage\":\"de\"},{\"@type\":\"Person\",\"@id\":\"https:\\\/\\\/manipogo.de\\\/#\\\/schema\\\/person\\\/991913de0e39267877f234553fd7f58d\",\"name\":\"web108\",\"url\":\"https:\\\/\\\/manipogo.de\\\/?author=1\"}]}<\/script>\n<!-- \/ Yoast SEO plugin. -->","yoast_head_json":{"title":"Pedelec in Italien - manipogo","robots":{"index":"index","follow":"follow","max-snippet":"max-snippet:-1","max-image-preview":"max-image-preview:large","max-video-preview":"max-video-preview:-1"},"canonical":"https:\/\/manipogo.de\/?p=6418","og_locale":"de_DE","og_type":"article","og_title":"Pedelec in Italien - manipogo","og_description":"Auch in Norditalien sind eine Menge Leute mit elektrischen Fahrr\u00e4dern unterwegs, den sogenannten Pedelecs. Sollen sie doch. Aber mir fiel ein, wie Mitte April Winnie neben mir herradelte, der in seinem Gesch\u00e4ft viele E-Bikes verkauft. Er konfrontierte mich mit einem Argument, das ich spontan nicht \u00fcberzeugend kontern konnte \u2026","og_url":"https:\/\/manipogo.de\/?p=6418","og_site_name":"manipogo","article_published_time":"2014-05-06T23:30:01+00:00","article_modified_time":"2016-03-20T21:41:14+00:00","author":"web108","twitter_card":"summary_large_image","twitter_misc":{"Verfasst von":"web108","Gesch\u00e4tzte Lesezeit":"3\u00a0Minuten"},"schema":{"@context":"https:\/\/schema.org","@graph":[{"@type":"Article","@id":"https:\/\/manipogo.de\/?p=6418#article","isPartOf":{"@id":"https:\/\/manipogo.de\/?p=6418"},"author":{"name":"web108","@id":"https:\/\/manipogo.de\/#\/schema\/person\/991913de0e39267877f234553fd7f58d"},"headline":"Pedelec in Italien","datePublished":"2014-05-06T23:30:01+00:00","dateModified":"2016-03-20T21:41:14+00:00","mainEntityOfPage":{"@id":"https:\/\/manipogo.de\/?p=6418"},"wordCount":509,"commentCount":0,"keywords":["Italien","Pedelec"],"articleSection":["Fahrrad"],"inLanguage":"de","potentialAction":[{"@type":"CommentAction","name":"Comment","target":["https:\/\/manipogo.de\/?p=6418#respond"]}]},{"@type":"WebPage","@id":"https:\/\/manipogo.de\/?p=6418","url":"https:\/\/manipogo.de\/?p=6418","name":"Pedelec in Italien - manipogo","isPartOf":{"@id":"https:\/\/manipogo.de\/#website"},"datePublished":"2014-05-06T23:30:01+00:00","dateModified":"2016-03-20T21:41:14+00:00","author":{"@id":"https:\/\/manipogo.de\/#\/schema\/person\/991913de0e39267877f234553fd7f58d"},"breadcrumb":{"@id":"https:\/\/manipogo.de\/?p=6418#breadcrumb"},"inLanguage":"de","potentialAction":[{"@type":"ReadAction","target":["https:\/\/manipogo.de\/?p=6418"]}]},{"@type":"BreadcrumbList","@id":"https:\/\/manipogo.de\/?p=6418#breadcrumb","itemListElement":[{"@type":"ListItem","position":1,"name":"Startseite","item":"https:\/\/manipogo.de\/"},{"@type":"ListItem","position":2,"name":"Pedelec in Italien"}]},{"@type":"WebSite","@id":"https:\/\/manipogo.de\/#website","url":"https:\/\/manipogo.de\/","name":"manipogo","description":"Gott und die Welt","potentialAction":[{"@type":"SearchAction","target":{"@type":"EntryPoint","urlTemplate":"https:\/\/manipogo.de\/?s={search_term_string}"},"query-input":{"@type":"PropertyValueSpecification","valueRequired":true,"valueName":"search_term_string"}}],"inLanguage":"de"},{"@type":"Person","@id":"https:\/\/manipogo.de\/#\/schema\/person\/991913de0e39267877f234553fd7f58d","name":"web108","url":"https:\/\/manipogo.de\/?author=1"}]}},"_links":{"self":[{"href":"https:\/\/manipogo.de\/index.php?rest_route=\/wp\/v2\/posts\/6418","targetHints":{"allow":["GET"]}}],"collection":[{"href":"https:\/\/manipogo.de\/index.php?rest_route=\/wp\/v2\/posts"}],"about":[{"href":"https:\/\/manipogo.de\/index.php?rest_route=\/wp\/v2\/types\/post"}],"author":[{"embeddable":true,"href":"https:\/\/manipogo.de\/index.php?rest_route=\/wp\/v2\/users\/1"}],"replies":[{"embeddable":true,"href":"https:\/\/manipogo.de\/index.php?rest_route=%2Fwp%2Fv2%2Fcomments&post=6418"}],"version-history":[{"count":3,"href":"https:\/\/manipogo.de\/index.php?rest_route=\/wp\/v2\/posts\/6418\/revisions"}],"predecessor-version":[{"id":6421,"href":"https:\/\/manipogo.de\/index.php?rest_route=\/wp\/v2\/posts\/6418\/revisions\/6421"}],"wp:attachment":[{"href":"https:\/\/manipogo.de\/index.php?rest_route=%2Fwp%2Fv2%2Fmedia&parent=6418"}],"wp:term":[{"taxonomy":"category","embeddable":true,"href":"https:\/\/manipogo.de\/index.php?rest_route=%2Fwp%2Fv2%2Fcategories&post=6418"},{"taxonomy":"post_tag","embeddable":true,"href":"https:\/\/manipogo.de\/index.php?rest_route=%2Fwp%2Fv2%2Ftags&post=6418"}],"curies":[{"name":"wp","href":"https:\/\/api.w.org\/{rel}","templated":true}]}}