{"id":9797,"date":"2015-10-04T00:43:02","date_gmt":"2015-10-03T22:43:02","guid":{"rendered":"http:\/\/manipogo.de\/?p=9797"},"modified":"2016-03-26T20:45:56","modified_gmt":"2016-03-26T19:45:56","slug":"aescher","status":"publish","type":"post","link":"https:\/\/manipogo.de\/?p=9797","title":{"rendered":"Aescher"},"content":{"rendered":"<p>Am zweiten Septemberwochenende unternahmen wir eine Wanderung zum Aeschen, einem Ausflugslokal oben auf dem Berg, oberhalb von Appenzell (dem Ort, der Hauptstadt des Halbkantons Appenzell-Innerrhoden). Viele andere taten es uns gleich (weil die Schweizer Illustrierte die Wanderung vorgestelt hatte).<!--more--><\/p>\n<p>Das versetzt mich immer in Panik. Ich m\u00f6chte ja gerne Individualist sein und nicht das tun, was alle tun. Aber am letzten sch\u00f6nen September-Samstag begaben sich die Schweizer eben mit ihren Autos in die Berge, und es waren fast nur Einheimische.<\/p>\n<p><a href=\"https:\/\/manipogo.de\/wp-content\/uploads\/0236.jpg\"><img loading=\"lazy\" decoding=\"async\" class=\"size-full wp-image-9798\" title=\"023\" src=\"https:\/\/manipogo.de\/wp-content\/uploads\/0236.jpg\" alt=\"\" width=\"540\" height=\"434\" srcset=\"https:\/\/manipogo.de\/wp-content\/uploads\/0236.jpg 540w, https:\/\/manipogo.de\/wp-content\/uploads\/0236-300x241.jpg 300w\" sizes=\"auto, (max-width: 540px) 100vw, 540px\" \/><\/a><\/p>\n<address class=\"wp-caption-dd\">Bergwandern ist Motorsport, sagt Helmut: die Fahrzeuge der Wanderer<\/address>\n<\/div>\n<p>Nach einer einst\u00fcndigen Wanderung ziemlich steil hoch gr\u00fcsste uns schon der Seealpsee.<\/p>\n<p><a href=\"https:\/\/manipogo.de\/wp-content\/uploads\/0097.jpg\"><img loading=\"lazy\" decoding=\"async\" class=\"alignright size-full wp-image-9799\" title=\"009\" src=\"https:\/\/manipogo.de\/wp-content\/uploads\/0097.jpg\" alt=\"\" width=\"540\" height=\"405\" srcset=\"https:\/\/manipogo.de\/wp-content\/uploads\/0097.jpg 540w, https:\/\/manipogo.de\/wp-content\/uploads\/0097-300x225.jpg 300w\" sizes=\"auto, (max-width: 540px) 100vw, 540px\" \/><\/a><\/p>\n<p>Hinten am Ufer sa\u00df ein Mann und spielte Alphorn. Kann man sich dazudenken.<\/p>\n<p><a href=\"https:\/\/manipogo.de\/wp-content\/uploads\/0105.jpg\"><img loading=\"lazy\" decoding=\"async\" class=\"alignright size-full wp-image-9801\" title=\"010\" src=\"https:\/\/manipogo.de\/wp-content\/uploads\/0105.jpg\" alt=\"\" width=\"540\" height=\"405\" \/><\/a><\/p>\n<p><a href=\"https:\/\/manipogo.de\/wp-content\/uploads\/01410.jpg\"><img loading=\"lazy\" decoding=\"async\" class=\"alignright size-full wp-image-9803\" title=\"014\" src=\"https:\/\/manipogo.de\/wp-content\/uploads\/01410.jpg\" alt=\"\" width=\"540\" height=\"287\" srcset=\"https:\/\/manipogo.de\/wp-content\/uploads\/01410.jpg 540w, https:\/\/manipogo.de\/wp-content\/uploads\/01410-300x159.jpg 300w\" sizes=\"auto, (max-width: 540px) 100vw, 540px\" \/><\/a><\/p>\n<p><a href=\"https:\/\/manipogo.de\/wp-content\/uploads\/01612.jpg\"><img loading=\"lazy\" decoding=\"async\" class=\"alignright size-full wp-image-9805\" title=\"016\" src=\"https:\/\/manipogo.de\/wp-content\/uploads\/01612.jpg\" alt=\"\" width=\"540\" height=\"405\" srcset=\"https:\/\/manipogo.de\/wp-content\/uploads\/01612.jpg 540w, https:\/\/manipogo.de\/wp-content\/uploads\/01612-300x225.jpg 300w\" sizes=\"auto, (max-width: 540px) 100vw, 540px\" \/><\/a>Hinter uns ist das Restaurant, der Aescher. Den Bildern sieht man nicht an, dass es innen und au\u00dfen gedr\u00e4ngt zuging. Viele Menschen. Es war voller als auf der Bahnhofstra\u00dfe in Z\u00fcrich. Doch die Lage des Hauses ist unglaublich. L\u00e4ge es in Tibet, w\u00e4re es Sitz eines Lamaklosters. Auch neben den Meteora-Kl\u00f6stern machte es eine gute Figur.<\/p>\n<p><a href=\"https:\/\/manipogo.de\/wp-content\/uploads\/0188.jpg\"><img loading=\"lazy\" decoding=\"async\" class=\"alignright size-full wp-image-9806\" title=\"018\" src=\"https:\/\/manipogo.de\/wp-content\/uploads\/0188.jpg\" alt=\"\" width=\"540\" height=\"405\" srcset=\"https:\/\/manipogo.de\/wp-content\/uploads\/0188.jpg 540w, https:\/\/manipogo.de\/wp-content\/uploads\/0188-300x225.jpg 300w\" sizes=\"auto, (max-width: 540px) 100vw, 540px\" \/><\/a><a href=\"https:\/\/manipogo.de\/wp-content\/uploads\/0206.jpg\"><img loading=\"lazy\" decoding=\"async\" class=\"alignright size-full wp-image-9807\" title=\"020\" src=\"https:\/\/manipogo.de\/wp-content\/uploads\/0206.jpg\" alt=\"\" width=\"540\" height=\"405\" srcset=\"https:\/\/manipogo.de\/wp-content\/uploads\/0206.jpg 540w, https:\/\/manipogo.de\/wp-content\/uploads\/0206-300x225.jpg 300w\" sizes=\"auto, (max-width: 540px) 100vw, 540px\" \/><\/a><\/p>\n<p><a href=\"https:\/\/manipogo.de\/wp-content\/uploads\/0227.jpg\"><img loading=\"lazy\" decoding=\"async\" class=\"size-full wp-image-9809\" title=\"022\" src=\"https:\/\/manipogo.de\/wp-content\/uploads\/0227.jpg\" alt=\"\" width=\"540\" height=\"405\" srcset=\"https:\/\/manipogo.de\/wp-content\/uploads\/0227.jpg 540w, https:\/\/manipogo.de\/wp-content\/uploads\/0227-300x225.jpg 300w\" sizes=\"auto, (max-width: 540px) 100vw, 540px\" \/><\/a><\/p>\n<address class=\"wp-caption-dd\">Die Grotte des Bergkirchlis<\/address>\n<\/div>\n<p><a href=\"https:\/\/manipogo.de\/wp-content\/uploads\/0249.jpg\"><img loading=\"lazy\" decoding=\"async\" class=\"size-full wp-image-9810\" title=\"024\" src=\"https:\/\/manipogo.de\/wp-content\/uploads\/0249.jpg\" alt=\"\" width=\"540\" height=\"405\" srcset=\"https:\/\/manipogo.de\/wp-content\/uploads\/0249.jpg 540w, https:\/\/manipogo.de\/wp-content\/uploads\/0249-300x225.jpg 300w\" sizes=\"auto, (max-width: 540px) 100vw, 540px\" \/><\/a><\/p>\n<div class=\"mceTemp\">\n<address class=\"wp-caption-dd\">Giovanna oben auf 1644 Metern, hart am Wind, der heftig blies<\/address>\n<\/div>\n<p><a href=\"https:\/\/manipogo.de\/wp-content\/uploads\/0256.jpg\"><img loading=\"lazy\" decoding=\"async\" class=\"size-full wp-image-9811\" title=\"025\" src=\"https:\/\/manipogo.de\/wp-content\/uploads\/0256.jpg\" alt=\"\" width=\"540\" height=\"405\" srcset=\"https:\/\/manipogo.de\/wp-content\/uploads\/0256.jpg 540w, https:\/\/manipogo.de\/wp-content\/uploads\/0256-300x225.jpg 300w\" sizes=\"auto, (max-width: 540px) 100vw, 540px\" \/><\/a><\/p>\n<address class=\"wp-caption-dd\">Ganz hinten liegt der Bodensee<\/address>\n<\/div>\n<p>&nbsp;<\/p>\n","protected":false},"excerpt":{"rendered":"<p>Am zweiten Septemberwochenende unternahmen wir eine Wanderung zum Aeschen, einem Ausflugslokal oben auf dem Berg, oberhalb von Appenzell (dem Ort, der Hauptstadt des Halbkantons Appenzell-Innerrhoden). Viele andere taten es uns gleich (weil die Schweizer Illustrierte die Wanderung vorgestelt hatte).<\/p>\n","protected":false},"author":1,"featured_media":0,"comment_status":"open","ping_status":"open","sticky":false,"template":"","format":"standard","meta":{"footnotes":""},"categories":[1227],"tags":[362,960],"class_list":["post-9797","post","type-post","status-publish","format-standard","hentry","category-reisen","tag-appenzell","tag-wandern"],"yoast_head":"<!-- This site is optimized with the Yoast SEO plugin v27.3 - https:\/\/yoast.com\/product\/yoast-seo-wordpress\/ -->\n<title>Aescher - manipogo<\/title>\n<meta name=\"robots\" content=\"index, follow, max-snippet:-1, max-image-preview:large, max-video-preview:-1\" \/>\n<link rel=\"canonical\" href=\"https:\/\/manipogo.de\/?p=9797\" \/>\n<meta property=\"og:locale\" content=\"de_DE\" \/>\n<meta property=\"og:type\" content=\"article\" \/>\n<meta property=\"og:title\" content=\"Aescher - manipogo\" \/>\n<meta property=\"og:description\" content=\"Am zweiten Septemberwochenende unternahmen wir eine Wanderung zum Aeschen, einem Ausflugslokal oben auf dem Berg, oberhalb von Appenzell (dem Ort, der Hauptstadt des Halbkantons Appenzell-Innerrhoden). Viele andere taten es uns gleich (weil die Schweizer Illustrierte die Wanderung vorgestelt hatte).\" \/>\n<meta property=\"og:url\" content=\"https:\/\/manipogo.de\/?p=9797\" \/>\n<meta property=\"og:site_name\" content=\"manipogo\" \/>\n<meta property=\"article:published_time\" content=\"2015-10-03T22:43:02+00:00\" \/>\n<meta property=\"article:modified_time\" content=\"2016-03-26T19:45:56+00:00\" \/>\n<meta property=\"og:image\" content=\"http:\/\/manipogo.de\/wp-content\/uploads\/0236.jpg\" \/>\n<meta name=\"author\" content=\"web108\" \/>\n<meta name=\"twitter:card\" content=\"summary_large_image\" \/>\n<meta name=\"twitter:label1\" content=\"Verfasst von\" \/>\n\t<meta name=\"twitter:data1\" content=\"web108\" \/>\n\t<meta name=\"twitter:label2\" content=\"Gesch\u00e4tzte Lesezeit\" \/>\n\t<meta name=\"twitter:data2\" content=\"1\u00a0Minute\" \/>\n<script type=\"application\/ld+json\" class=\"yoast-schema-graph\">{\"@context\":\"https:\\\/\\\/schema.org\",\"@graph\":[{\"@type\":\"Article\",\"@id\":\"https:\\\/\\\/manipogo.de\\\/?p=9797#article\",\"isPartOf\":{\"@id\":\"https:\\\/\\\/manipogo.de\\\/?p=9797\"},\"author\":{\"name\":\"web108\",\"@id\":\"https:\\\/\\\/manipogo.de\\\/#\\\/schema\\\/person\\\/991913de0e39267877f234553fd7f58d\"},\"headline\":\"Aescher\",\"datePublished\":\"2015-10-03T22:43:02+00:00\",\"dateModified\":\"2016-03-26T19:45:56+00:00\",\"mainEntityOfPage\":{\"@id\":\"https:\\\/\\\/manipogo.de\\\/?p=9797\"},\"wordCount\":202,\"commentCount\":0,\"image\":{\"@id\":\"https:\\\/\\\/manipogo.de\\\/?p=9797#primaryimage\"},\"thumbnailUrl\":\"http:\\\/\\\/manipogo.de\\\/wp-content\\\/uploads\\\/0236.jpg\",\"keywords\":[\"Appenzell\",\"Wandern\"],\"articleSection\":[\"Reisen\"],\"inLanguage\":\"de\",\"potentialAction\":[{\"@type\":\"CommentAction\",\"name\":\"Comment\",\"target\":[\"https:\\\/\\\/manipogo.de\\\/?p=9797#respond\"]}]},{\"@type\":\"WebPage\",\"@id\":\"https:\\\/\\\/manipogo.de\\\/?p=9797\",\"url\":\"https:\\\/\\\/manipogo.de\\\/?p=9797\",\"name\":\"Aescher - manipogo\",\"isPartOf\":{\"@id\":\"https:\\\/\\\/manipogo.de\\\/#website\"},\"primaryImageOfPage\":{\"@id\":\"https:\\\/\\\/manipogo.de\\\/?p=9797#primaryimage\"},\"image\":{\"@id\":\"https:\\\/\\\/manipogo.de\\\/?p=9797#primaryimage\"},\"thumbnailUrl\":\"http:\\\/\\\/manipogo.de\\\/wp-content\\\/uploads\\\/0236.jpg\",\"datePublished\":\"2015-10-03T22:43:02+00:00\",\"dateModified\":\"2016-03-26T19:45:56+00:00\",\"author\":{\"@id\":\"https:\\\/\\\/manipogo.de\\\/#\\\/schema\\\/person\\\/991913de0e39267877f234553fd7f58d\"},\"breadcrumb\":{\"@id\":\"https:\\\/\\\/manipogo.de\\\/?p=9797#breadcrumb\"},\"inLanguage\":\"de\",\"potentialAction\":[{\"@type\":\"ReadAction\",\"target\":[\"https:\\\/\\\/manipogo.de\\\/?p=9797\"]}]},{\"@type\":\"ImageObject\",\"inLanguage\":\"de\",\"@id\":\"https:\\\/\\\/manipogo.de\\\/?p=9797#primaryimage\",\"url\":\"http:\\\/\\\/manipogo.de\\\/wp-content\\\/uploads\\\/0236.jpg\",\"contentUrl\":\"http:\\\/\\\/manipogo.de\\\/wp-content\\\/uploads\\\/0236.jpg\"},{\"@type\":\"BreadcrumbList\",\"@id\":\"https:\\\/\\\/manipogo.de\\\/?p=9797#breadcrumb\",\"itemListElement\":[{\"@type\":\"ListItem\",\"position\":1,\"name\":\"Startseite\",\"item\":\"https:\\\/\\\/manipogo.de\\\/\"},{\"@type\":\"ListItem\",\"position\":2,\"name\":\"Aescher\"}]},{\"@type\":\"WebSite\",\"@id\":\"https:\\\/\\\/manipogo.de\\\/#website\",\"url\":\"https:\\\/\\\/manipogo.de\\\/\",\"name\":\"manipogo\",\"description\":\"Gott und die Welt\",\"potentialAction\":[{\"@type\":\"SearchAction\",\"target\":{\"@type\":\"EntryPoint\",\"urlTemplate\":\"https:\\\/\\\/manipogo.de\\\/?s={search_term_string}\"},\"query-input\":{\"@type\":\"PropertyValueSpecification\",\"valueRequired\":true,\"valueName\":\"search_term_string\"}}],\"inLanguage\":\"de\"},{\"@type\":\"Person\",\"@id\":\"https:\\\/\\\/manipogo.de\\\/#\\\/schema\\\/person\\\/991913de0e39267877f234553fd7f58d\",\"name\":\"web108\",\"url\":\"https:\\\/\\\/manipogo.de\\\/?author=1\"}]}<\/script>\n<!-- \/ Yoast SEO plugin. -->","yoast_head_json":{"title":"Aescher - manipogo","robots":{"index":"index","follow":"follow","max-snippet":"max-snippet:-1","max-image-preview":"max-image-preview:large","max-video-preview":"max-video-preview:-1"},"canonical":"https:\/\/manipogo.de\/?p=9797","og_locale":"de_DE","og_type":"article","og_title":"Aescher - manipogo","og_description":"Am zweiten Septemberwochenende unternahmen wir eine Wanderung zum Aeschen, einem Ausflugslokal oben auf dem Berg, oberhalb von Appenzell (dem Ort, der Hauptstadt des Halbkantons Appenzell-Innerrhoden). Viele andere taten es uns gleich (weil die Schweizer Illustrierte die Wanderung vorgestelt hatte).","og_url":"https:\/\/manipogo.de\/?p=9797","og_site_name":"manipogo","article_published_time":"2015-10-03T22:43:02+00:00","article_modified_time":"2016-03-26T19:45:56+00:00","og_image":[{"url":"http:\/\/manipogo.de\/wp-content\/uploads\/0236.jpg","type":"","width":"","height":""}],"author":"web108","twitter_card":"summary_large_image","twitter_misc":{"Verfasst von":"web108","Gesch\u00e4tzte Lesezeit":"1\u00a0Minute"},"schema":{"@context":"https:\/\/schema.org","@graph":[{"@type":"Article","@id":"https:\/\/manipogo.de\/?p=9797#article","isPartOf":{"@id":"https:\/\/manipogo.de\/?p=9797"},"author":{"name":"web108","@id":"https:\/\/manipogo.de\/#\/schema\/person\/991913de0e39267877f234553fd7f58d"},"headline":"Aescher","datePublished":"2015-10-03T22:43:02+00:00","dateModified":"2016-03-26T19:45:56+00:00","mainEntityOfPage":{"@id":"https:\/\/manipogo.de\/?p=9797"},"wordCount":202,"commentCount":0,"image":{"@id":"https:\/\/manipogo.de\/?p=9797#primaryimage"},"thumbnailUrl":"http:\/\/manipogo.de\/wp-content\/uploads\/0236.jpg","keywords":["Appenzell","Wandern"],"articleSection":["Reisen"],"inLanguage":"de","potentialAction":[{"@type":"CommentAction","name":"Comment","target":["https:\/\/manipogo.de\/?p=9797#respond"]}]},{"@type":"WebPage","@id":"https:\/\/manipogo.de\/?p=9797","url":"https:\/\/manipogo.de\/?p=9797","name":"Aescher - manipogo","isPartOf":{"@id":"https:\/\/manipogo.de\/#website"},"primaryImageOfPage":{"@id":"https:\/\/manipogo.de\/?p=9797#primaryimage"},"image":{"@id":"https:\/\/manipogo.de\/?p=9797#primaryimage"},"thumbnailUrl":"http:\/\/manipogo.de\/wp-content\/uploads\/0236.jpg","datePublished":"2015-10-03T22:43:02+00:00","dateModified":"2016-03-26T19:45:56+00:00","author":{"@id":"https:\/\/manipogo.de\/#\/schema\/person\/991913de0e39267877f234553fd7f58d"},"breadcrumb":{"@id":"https:\/\/manipogo.de\/?p=9797#breadcrumb"},"inLanguage":"de","potentialAction":[{"@type":"ReadAction","target":["https:\/\/manipogo.de\/?p=9797"]}]},{"@type":"ImageObject","inLanguage":"de","@id":"https:\/\/manipogo.de\/?p=9797#primaryimage","url":"http:\/\/manipogo.de\/wp-content\/uploads\/0236.jpg","contentUrl":"http:\/\/manipogo.de\/wp-content\/uploads\/0236.jpg"},{"@type":"BreadcrumbList","@id":"https:\/\/manipogo.de\/?p=9797#breadcrumb","itemListElement":[{"@type":"ListItem","position":1,"name":"Startseite","item":"https:\/\/manipogo.de\/"},{"@type":"ListItem","position":2,"name":"Aescher"}]},{"@type":"WebSite","@id":"https:\/\/manipogo.de\/#website","url":"https:\/\/manipogo.de\/","name":"manipogo","description":"Gott und die Welt","potentialAction":[{"@type":"SearchAction","target":{"@type":"EntryPoint","urlTemplate":"https:\/\/manipogo.de\/?s={search_term_string}"},"query-input":{"@type":"PropertyValueSpecification","valueRequired":true,"valueName":"search_term_string"}}],"inLanguage":"de"},{"@type":"Person","@id":"https:\/\/manipogo.de\/#\/schema\/person\/991913de0e39267877f234553fd7f58d","name":"web108","url":"https:\/\/manipogo.de\/?author=1"}]}},"_links":{"self":[{"href":"https:\/\/manipogo.de\/index.php?rest_route=\/wp\/v2\/posts\/9797","targetHints":{"allow":["GET"]}}],"collection":[{"href":"https:\/\/manipogo.de\/index.php?rest_route=\/wp\/v2\/posts"}],"about":[{"href":"https:\/\/manipogo.de\/index.php?rest_route=\/wp\/v2\/types\/post"}],"author":[{"embeddable":true,"href":"https:\/\/manipogo.de\/index.php?rest_route=\/wp\/v2\/users\/1"}],"replies":[{"embeddable":true,"href":"https:\/\/manipogo.de\/index.php?rest_route=%2Fwp%2Fv2%2Fcomments&post=9797"}],"version-history":[{"count":8,"href":"https:\/\/manipogo.de\/index.php?rest_route=\/wp\/v2\/posts\/9797\/revisions"}],"predecessor-version":[{"id":11199,"href":"https:\/\/manipogo.de\/index.php?rest_route=\/wp\/v2\/posts\/9797\/revisions\/11199"}],"wp:attachment":[{"href":"https:\/\/manipogo.de\/index.php?rest_route=%2Fwp%2Fv2%2Fmedia&parent=9797"}],"wp:term":[{"taxonomy":"category","embeddable":true,"href":"https:\/\/manipogo.de\/index.php?rest_route=%2Fwp%2Fv2%2Fcategories&post=9797"},{"taxonomy":"post_tag","embeddable":true,"href":"https:\/\/manipogo.de\/index.php?rest_route=%2Fwp%2Fv2%2Ftags&post=9797"}],"curies":[{"name":"wp","href":"https:\/\/api.w.org\/{rel}","templated":true}]}}