{"id":9819,"date":"2015-10-12T00:43:54","date_gmt":"2015-10-11T22:43:54","guid":{"rendered":"http:\/\/manipogo.de\/?p=9819"},"modified":"2016-03-26T20:49:43","modified_gmt":"2016-03-26T19:49:43","slug":"der-aetna","status":"publish","type":"post","link":"https:\/\/manipogo.de\/?p=9819","title":{"rendered":"Der \u00c4tna"},"content":{"rendered":"<p><span style=\"font-family: Georgia, serif;\">Der \u00c4tna ist mit 3323 Metern der h\u00f6chste Vulkan Europas und ein mythischer Berg, dessen Verwandte <a href=\"https:\/\/manipogo.de\/?p=8493\" target=\"_blank\">der Teide <\/a>auf Teneriffa und <a href=\"https:\/\/manipogo.de\/?p=8722\" target=\"_blank\">der Fuji<\/a> auf Japan sind. Auf unserer Sizilien-Reise nahmen wir uns einen Leihwagen und fuhren auch hoch zum \u00c4tna, aber er zeigte sich uns nicht richtig. <!--more--><\/span><\/p>\n<p><span style=\"font-family: Georgia, serif;\">Der Blick nach unten auf das Land und die K\u00fcste war begeisternd, aber der Berg selbst h\u00fcllte sich in Wolken, und obzwar wir mit der Gondel bis auf 2500 Meter hochgefahren waren, wussten wir nicht, wie und wo der \u00c4tna war; nur dichte Wolken trieben umher, immerhin schien die Sonne durch.\u00a0<\/span><\/p>\n<p><a href=\"https:\/\/manipogo.de\/wp-content\/uploads\/0362.jpg\"><img loading=\"lazy\" decoding=\"async\" class=\"size-full wp-image-9847\" title=\"036\" src=\"https:\/\/manipogo.de\/wp-content\/uploads\/0362.jpg\" alt=\"\" width=\"540\" height=\"322\" srcset=\"https:\/\/manipogo.de\/wp-content\/uploads\/0362.jpg 540w, https:\/\/manipogo.de\/wp-content\/uploads\/0362-300x178.jpg 300w\" sizes=\"auto, (max-width: 540px) 100vw, 540px\" \/><\/a><\/p>\n<address class=\"wp-caption-dd\">Die M\u00fctter, gefasst bei der Auffahrt<\/address>\n<\/div>\n<p><span style=\"font-family: Georgia, serif;\">Wenn man den \u00c4tna erw\u00e4hnt oder Taormina, erinnern sich manche an ein Bild: das antike griechische Theater, dahinter der schneebedeckte \u00c4tna, diese <em>Mutter aller sikulischen Berge<\/em> bei den Griechen, und im Vordergrund das blaue Meer.\u00a0Diese Komposition ist \u00fcberw\u00e4ltigend (wenn man sie sieht). \u00a0<\/span><\/p>\n<p><span style=\"font-family: Georgia, serif;\">Ich hatte zuf\u00e4llig den <em>Heinrich von Ofterdingen<\/em> von Novalis dabei gehabt, ein Romanfragment, das der junge Dichter bei seinem Tod 1800 hinterlie\u00df. Erst jetzt, nach der R\u00fcckkehr, las ich staunend die letzten beiden Seiten. Der Arzt Sylvester erz\u00e4hlt Heinrich, dem jungen Helden des Buches:\u00a0<\/span><\/p>\n<p><span style=\"font-family: Georgia, serif;\"><em>Mich hat die Besch\u00e4ftigung mit der Natur dahin gef\u00fchrt, wohin Euch die Lust und Begeisterung der Sprache gebracht hat. Kunst und Geschichte hat mich die Natur kennen gelehrt. Meine Eltern wohnten in Sizilien unweit dem weltber\u00fchmten Berge Aetna. Ein bequemes Haus von vormaliger Bauart, welches verdeckt von uralten Kastanienb\u00e4umen dicht an den felsigen Ufern des Meers, die Zierde eines mit mannigfaltigen Gew\u00e4chen besetzten Gartens ausmachte, war ihre Wohnung. (\u2026) Der Ruf meines Vaters, den er sich als ein geschickter Sterndeuter zuwege brachte, zog ihm zahlreiche Anfragen, und Besuche, selbst aus entlegenern L\u00e4ndern, zu, und da das Vorwissen der Zukunft den Menschen eine sehr seltne und k\u00f6stliche Gabe d\u00fcnkt, so glaubten sie ihre Mitteilungen gut belohnen zu m\u00fcssen, so dass mein Vater durch die erhaltnen Geschenke in den Stand gesetzt wurde, die Kosten seiner bequemen und genussreichen Lebensart hinreichend bestreiten zu k\u00f6nnen.<\/em><\/span><\/p>\n<p><span style=\"font-family: Georgia, serif;\">So endet das Fragment. Ein Traum, freilich: mit ein bisschen Zukunftsdeutung bequem in einer himmlischen Landschaft leben zu k\u00f6nnen. Die Deutschen waren immer auf der Suche nach ihrer Traumwelt, ob es Rom war, Athen, Capri oder Taormina. Novalis kam ja nicht aus Deutschland heraus, aber Goethe hatte vom \u00c4tna berichtet, und ein paar Gem\u00e4lde gab es. Die Pilgerz\u00fcge zum \u00c4tna setzten erst sp\u00e4ter ein. <\/span><\/p>\n<p><a href=\"https:\/\/manipogo.de\/wp-content\/uploads\/0414.jpg\"><img loading=\"lazy\" decoding=\"async\" class=\"size-full wp-image-9848\" title=\"041\" src=\"https:\/\/manipogo.de\/wp-content\/uploads\/0414.jpg\" alt=\"\" width=\"540\" height=\"405\" srcset=\"https:\/\/manipogo.de\/wp-content\/uploads\/0414.jpg 540w, https:\/\/manipogo.de\/wp-content\/uploads\/0414-300x225.jpg 300w\" sizes=\"auto, (max-width: 540px) 100vw, 540px\" \/><\/a><\/p>\n<address class=\"wp-caption-dd\">Tourismus am \u00c4tna<\/address>\n<\/div>\n<p><span style=\"font-family: Georgia, serif;\">Otto Friedrich Geleng, ein deutscher Maler, der von 1843 bis 1939 lebte, also ein biblisches Alter erreichte, machte mit seinen Bildern in Paris Taormina bekannt und legte den Grundstein zum Tourismus. Von 1772 bis 1782 war Geleng sogar B\u00fcrgermeister von Taormina, durch das sich heute von Mai bis Ende September wahre Heerscharen dr\u00e4ngen.\u00a0<\/span><\/p>\n<p><span style=\"font-family: Georgia, serif;\">Bei <em>La Repubblica<\/em> war zu lesen, dass sich die Bewohner von Genua und umliegenden D\u00f6rfern beklagen, weil dort t\u00e4glich 30 Busse 1500 Passagiere von Kreuzfahrtschiffen dort abladen, die sich in die Gassen und auf die Pl\u00e4tze der malerischen Orte ergie\u00dfen. Gleiches war \u00fcber Bamberg zu h\u00f6ren, das von Bussen mit amerikanischen Flusskreuzfahrttouristen heimgesucht wird. Dieser Tourismus ist eine Vorh\u00f6lle. <\/span><\/p>\n<p><span style=\"font-family: Georgia, serif;\">Pl\u00f6tzlich steht man eingekeilt von Menschen in der Abflughalle von Catania, dann wird in gro\u00dfer Hektik das Handgep\u00e4ck kontrolliert, und weiter geht es durch G\u00e4nge zum Gate, wieder warten, dann rein in die Maschine und sp\u00e4ter wieder raus aus der Maschine, in Rom (man muss glauben, in Rom zu sein, nichts erinnert daran, es k\u00f6nnte auch eine Fiktion sein, eine Kulisse, ein Flughafen sieht aus wie der andere, aber ist dieses Leben nicht ein seltsamer Traum?), und wieder kilometerweit durch G\u00e4nge zum n\u00e4chsten Schalter, und so verpassten wir unser Flugzeug und sa\u00dfen ein paar Stunden sp\u00e4ter, fast zu eigenen \u00dcberraschung, auf dem Flughafen Charles de Gaulle, Paris, herum (wo auch nichts an Paris erinnerte, ein Nicht-Ort, ein Umsteigebahnhof nach Nirgendwo).\u00a0<\/span><\/p>\n<p><a href=\"https:\/\/manipogo.de\/wp-content\/uploads\/0374.jpg\"><img loading=\"lazy\" decoding=\"async\" class=\"alignright size-thumbnail wp-image-9934\" title=\"037\" src=\"https:\/\/manipogo.de\/wp-content\/uploads\/0374-150x150.jpg\" alt=\"\" width=\"150\" height=\"150\" \/><\/a>Poetisch war&#8217;s schon, als die Maschine hinausrollte zur Landbahn und wir die Markierungen sahen, Schn\u00fcre aus gr\u00fcn leuchtenden Perlen hin zum Horizont. Meine Mutter schimpfte: Wenn er (der Pilot) endlich starten w\u00fcrde, k\u00e4me sie endlich ins Bett; wir mussten lachen, so grotesk war das, meine Mutter (<em>im Bild: ver\u00e4rgert<\/em>) im Flugzeug in Paris vor dem f\u00fcnften Flug ihres Lebens, und diese Bemerkung, als s\u00e4\u00dfe sie in der Bahn von Staufen nach Bad Krozingen.<\/p>\n<p>&nbsp;<\/p>\n<p>&nbsp;<\/p>\n","protected":false},"excerpt":{"rendered":"<p>Der \u00c4tna ist mit 3323 Metern der h\u00f6chste Vulkan Europas und ein mythischer Berg, dessen Verwandte der Teide auf Teneriffa und der Fuji auf Japan sind. Auf unserer Sizilien-Reise nahmen wir uns einen Leihwagen und fuhren auch hoch zum \u00c4tna, aber er zeigte sich uns nicht richtig.<\/p>\n","protected":false},"author":1,"featured_media":0,"comment_status":"open","ping_status":"open","sticky":false,"template":"","format":"standard","meta":{"footnotes":""},"categories":[1227],"tags":[1147,184],"class_list":["post-9819","post","type-post","status-publish","format-standard","hentry","category-reisen","tag-aetna","tag-sizilien"],"yoast_head":"<!-- This site is optimized with the Yoast SEO plugin v27.3 - https:\/\/yoast.com\/product\/yoast-seo-wordpress\/ -->\n<title>Der \u00c4tna - manipogo<\/title>\n<meta name=\"robots\" content=\"index, follow, max-snippet:-1, max-image-preview:large, max-video-preview:-1\" \/>\n<link rel=\"canonical\" href=\"https:\/\/manipogo.de\/?p=9819\" \/>\n<meta property=\"og:locale\" content=\"de_DE\" \/>\n<meta property=\"og:type\" content=\"article\" \/>\n<meta property=\"og:title\" content=\"Der \u00c4tna - manipogo\" \/>\n<meta property=\"og:description\" content=\"Der \u00c4tna ist mit 3323 Metern der h\u00f6chste Vulkan Europas und ein mythischer Berg, dessen Verwandte der Teide auf Teneriffa und der Fuji auf Japan sind. Auf unserer Sizilien-Reise nahmen wir uns einen Leihwagen und fuhren auch hoch zum \u00c4tna, aber er zeigte sich uns nicht richtig.\" \/>\n<meta property=\"og:url\" content=\"https:\/\/manipogo.de\/?p=9819\" \/>\n<meta property=\"og:site_name\" content=\"manipogo\" \/>\n<meta property=\"article:published_time\" content=\"2015-10-11T22:43:54+00:00\" \/>\n<meta property=\"article:modified_time\" content=\"2016-03-26T19:49:43+00:00\" \/>\n<meta property=\"og:image\" content=\"http:\/\/manipogo.de\/wp-content\/uploads\/0362.jpg\" \/>\n<meta name=\"author\" content=\"web108\" \/>\n<meta name=\"twitter:card\" content=\"summary_large_image\" \/>\n<meta name=\"twitter:label1\" content=\"Verfasst von\" \/>\n\t<meta name=\"twitter:data1\" content=\"web108\" \/>\n\t<meta name=\"twitter:label2\" content=\"Gesch\u00e4tzte Lesezeit\" \/>\n\t<meta name=\"twitter:data2\" content=\"4\u00a0Minuten\" \/>\n<script type=\"application\/ld+json\" class=\"yoast-schema-graph\">{\"@context\":\"https:\\\/\\\/schema.org\",\"@graph\":[{\"@type\":\"Article\",\"@id\":\"https:\\\/\\\/manipogo.de\\\/?p=9819#article\",\"isPartOf\":{\"@id\":\"https:\\\/\\\/manipogo.de\\\/?p=9819\"},\"author\":{\"name\":\"web108\",\"@id\":\"https:\\\/\\\/manipogo.de\\\/#\\\/schema\\\/person\\\/991913de0e39267877f234553fd7f58d\"},\"headline\":\"Der \u00c4tna\",\"datePublished\":\"2015-10-11T22:43:54+00:00\",\"dateModified\":\"2016-03-26T19:49:43+00:00\",\"mainEntityOfPage\":{\"@id\":\"https:\\\/\\\/manipogo.de\\\/?p=9819\"},\"wordCount\":747,\"commentCount\":0,\"image\":{\"@id\":\"https:\\\/\\\/manipogo.de\\\/?p=9819#primaryimage\"},\"thumbnailUrl\":\"http:\\\/\\\/manipogo.de\\\/wp-content\\\/uploads\\\/0362.jpg\",\"keywords\":[\"\u00c4tna\",\"Sizilien\"],\"articleSection\":[\"Reisen\"],\"inLanguage\":\"de\",\"potentialAction\":[{\"@type\":\"CommentAction\",\"name\":\"Comment\",\"target\":[\"https:\\\/\\\/manipogo.de\\\/?p=9819#respond\"]}]},{\"@type\":\"WebPage\",\"@id\":\"https:\\\/\\\/manipogo.de\\\/?p=9819\",\"url\":\"https:\\\/\\\/manipogo.de\\\/?p=9819\",\"name\":\"Der \u00c4tna - manipogo\",\"isPartOf\":{\"@id\":\"https:\\\/\\\/manipogo.de\\\/#website\"},\"primaryImageOfPage\":{\"@id\":\"https:\\\/\\\/manipogo.de\\\/?p=9819#primaryimage\"},\"image\":{\"@id\":\"https:\\\/\\\/manipogo.de\\\/?p=9819#primaryimage\"},\"thumbnailUrl\":\"http:\\\/\\\/manipogo.de\\\/wp-content\\\/uploads\\\/0362.jpg\",\"datePublished\":\"2015-10-11T22:43:54+00:00\",\"dateModified\":\"2016-03-26T19:49:43+00:00\",\"author\":{\"@id\":\"https:\\\/\\\/manipogo.de\\\/#\\\/schema\\\/person\\\/991913de0e39267877f234553fd7f58d\"},\"breadcrumb\":{\"@id\":\"https:\\\/\\\/manipogo.de\\\/?p=9819#breadcrumb\"},\"inLanguage\":\"de\",\"potentialAction\":[{\"@type\":\"ReadAction\",\"target\":[\"https:\\\/\\\/manipogo.de\\\/?p=9819\"]}]},{\"@type\":\"ImageObject\",\"inLanguage\":\"de\",\"@id\":\"https:\\\/\\\/manipogo.de\\\/?p=9819#primaryimage\",\"url\":\"http:\\\/\\\/manipogo.de\\\/wp-content\\\/uploads\\\/0362.jpg\",\"contentUrl\":\"http:\\\/\\\/manipogo.de\\\/wp-content\\\/uploads\\\/0362.jpg\"},{\"@type\":\"BreadcrumbList\",\"@id\":\"https:\\\/\\\/manipogo.de\\\/?p=9819#breadcrumb\",\"itemListElement\":[{\"@type\":\"ListItem\",\"position\":1,\"name\":\"Startseite\",\"item\":\"https:\\\/\\\/manipogo.de\\\/\"},{\"@type\":\"ListItem\",\"position\":2,\"name\":\"Der \u00c4tna\"}]},{\"@type\":\"WebSite\",\"@id\":\"https:\\\/\\\/manipogo.de\\\/#website\",\"url\":\"https:\\\/\\\/manipogo.de\\\/\",\"name\":\"manipogo\",\"description\":\"Gott und die Welt\",\"potentialAction\":[{\"@type\":\"SearchAction\",\"target\":{\"@type\":\"EntryPoint\",\"urlTemplate\":\"https:\\\/\\\/manipogo.de\\\/?s={search_term_string}\"},\"query-input\":{\"@type\":\"PropertyValueSpecification\",\"valueRequired\":true,\"valueName\":\"search_term_string\"}}],\"inLanguage\":\"de\"},{\"@type\":\"Person\",\"@id\":\"https:\\\/\\\/manipogo.de\\\/#\\\/schema\\\/person\\\/991913de0e39267877f234553fd7f58d\",\"name\":\"web108\",\"url\":\"https:\\\/\\\/manipogo.de\\\/?author=1\"}]}<\/script>\n<!-- \/ Yoast SEO plugin. -->","yoast_head_json":{"title":"Der \u00c4tna - manipogo","robots":{"index":"index","follow":"follow","max-snippet":"max-snippet:-1","max-image-preview":"max-image-preview:large","max-video-preview":"max-video-preview:-1"},"canonical":"https:\/\/manipogo.de\/?p=9819","og_locale":"de_DE","og_type":"article","og_title":"Der \u00c4tna - manipogo","og_description":"Der \u00c4tna ist mit 3323 Metern der h\u00f6chste Vulkan Europas und ein mythischer Berg, dessen Verwandte der Teide auf Teneriffa und der Fuji auf Japan sind. Auf unserer Sizilien-Reise nahmen wir uns einen Leihwagen und fuhren auch hoch zum \u00c4tna, aber er zeigte sich uns nicht richtig.","og_url":"https:\/\/manipogo.de\/?p=9819","og_site_name":"manipogo","article_published_time":"2015-10-11T22:43:54+00:00","article_modified_time":"2016-03-26T19:49:43+00:00","og_image":[{"url":"http:\/\/manipogo.de\/wp-content\/uploads\/0362.jpg","type":"","width":"","height":""}],"author":"web108","twitter_card":"summary_large_image","twitter_misc":{"Verfasst von":"web108","Gesch\u00e4tzte Lesezeit":"4\u00a0Minuten"},"schema":{"@context":"https:\/\/schema.org","@graph":[{"@type":"Article","@id":"https:\/\/manipogo.de\/?p=9819#article","isPartOf":{"@id":"https:\/\/manipogo.de\/?p=9819"},"author":{"name":"web108","@id":"https:\/\/manipogo.de\/#\/schema\/person\/991913de0e39267877f234553fd7f58d"},"headline":"Der \u00c4tna","datePublished":"2015-10-11T22:43:54+00:00","dateModified":"2016-03-26T19:49:43+00:00","mainEntityOfPage":{"@id":"https:\/\/manipogo.de\/?p=9819"},"wordCount":747,"commentCount":0,"image":{"@id":"https:\/\/manipogo.de\/?p=9819#primaryimage"},"thumbnailUrl":"http:\/\/manipogo.de\/wp-content\/uploads\/0362.jpg","keywords":["\u00c4tna","Sizilien"],"articleSection":["Reisen"],"inLanguage":"de","potentialAction":[{"@type":"CommentAction","name":"Comment","target":["https:\/\/manipogo.de\/?p=9819#respond"]}]},{"@type":"WebPage","@id":"https:\/\/manipogo.de\/?p=9819","url":"https:\/\/manipogo.de\/?p=9819","name":"Der \u00c4tna - manipogo","isPartOf":{"@id":"https:\/\/manipogo.de\/#website"},"primaryImageOfPage":{"@id":"https:\/\/manipogo.de\/?p=9819#primaryimage"},"image":{"@id":"https:\/\/manipogo.de\/?p=9819#primaryimage"},"thumbnailUrl":"http:\/\/manipogo.de\/wp-content\/uploads\/0362.jpg","datePublished":"2015-10-11T22:43:54+00:00","dateModified":"2016-03-26T19:49:43+00:00","author":{"@id":"https:\/\/manipogo.de\/#\/schema\/person\/991913de0e39267877f234553fd7f58d"},"breadcrumb":{"@id":"https:\/\/manipogo.de\/?p=9819#breadcrumb"},"inLanguage":"de","potentialAction":[{"@type":"ReadAction","target":["https:\/\/manipogo.de\/?p=9819"]}]},{"@type":"ImageObject","inLanguage":"de","@id":"https:\/\/manipogo.de\/?p=9819#primaryimage","url":"http:\/\/manipogo.de\/wp-content\/uploads\/0362.jpg","contentUrl":"http:\/\/manipogo.de\/wp-content\/uploads\/0362.jpg"},{"@type":"BreadcrumbList","@id":"https:\/\/manipogo.de\/?p=9819#breadcrumb","itemListElement":[{"@type":"ListItem","position":1,"name":"Startseite","item":"https:\/\/manipogo.de\/"},{"@type":"ListItem","position":2,"name":"Der \u00c4tna"}]},{"@type":"WebSite","@id":"https:\/\/manipogo.de\/#website","url":"https:\/\/manipogo.de\/","name":"manipogo","description":"Gott und die Welt","potentialAction":[{"@type":"SearchAction","target":{"@type":"EntryPoint","urlTemplate":"https:\/\/manipogo.de\/?s={search_term_string}"},"query-input":{"@type":"PropertyValueSpecification","valueRequired":true,"valueName":"search_term_string"}}],"inLanguage":"de"},{"@type":"Person","@id":"https:\/\/manipogo.de\/#\/schema\/person\/991913de0e39267877f234553fd7f58d","name":"web108","url":"https:\/\/manipogo.de\/?author=1"}]}},"_links":{"self":[{"href":"https:\/\/manipogo.de\/index.php?rest_route=\/wp\/v2\/posts\/9819","targetHints":{"allow":["GET"]}}],"collection":[{"href":"https:\/\/manipogo.de\/index.php?rest_route=\/wp\/v2\/posts"}],"about":[{"href":"https:\/\/manipogo.de\/index.php?rest_route=\/wp\/v2\/types\/post"}],"author":[{"embeddable":true,"href":"https:\/\/manipogo.de\/index.php?rest_route=\/wp\/v2\/users\/1"}],"replies":[{"embeddable":true,"href":"https:\/\/manipogo.de\/index.php?rest_route=%2Fwp%2Fv2%2Fcomments&post=9819"}],"version-history":[{"count":12,"href":"https:\/\/manipogo.de\/index.php?rest_route=\/wp\/v2\/posts\/9819\/revisions"}],"predecessor-version":[{"id":11209,"href":"https:\/\/manipogo.de\/index.php?rest_route=\/wp\/v2\/posts\/9819\/revisions\/11209"}],"wp:attachment":[{"href":"https:\/\/manipogo.de\/index.php?rest_route=%2Fwp%2Fv2%2Fmedia&parent=9819"}],"wp:term":[{"taxonomy":"category","embeddable":true,"href":"https:\/\/manipogo.de\/index.php?rest_route=%2Fwp%2Fv2%2Fcategories&post=9819"},{"taxonomy":"post_tag","embeddable":true,"href":"https:\/\/manipogo.de\/index.php?rest_route=%2Fwp%2Fv2%2Ftags&post=9819"}],"curies":[{"name":"wp","href":"https:\/\/api.w.org\/{rel}","templated":true}]}}