{"id":9912,"date":"2015-10-26T01:25:18","date_gmt":"2015-10-25T23:25:18","guid":{"rendered":"http:\/\/manipogo.de\/?p=9912"},"modified":"2016-03-21T17:03:50","modified_gmt":"2016-03-21T16:03:50","slug":"die-gladiatoren-sind-muede","status":"publish","type":"post","link":"https:\/\/manipogo.de\/?p=9912","title":{"rendered":"Die Gladiatoren sind m\u00fcde"},"content":{"rendered":"<p>\u00bbDer GRAB ist geboren!\u00abfreuten sich am 8. Mai dieses Jahres r\u00f6mische Fahrrad-Aktivisten. Die Planungsphase eines 44 Kilometer langen Radwegsystems durch die Ewige Stadt war abgeschlossen. Vier Monate sp\u00e4ter die kalte Dusche. <a href=\"http:\/\/www.rotafixa.it\/2015\/09\/08\/niente-bike-lanes-blocco-il-grab-bici-per-strada-a-loro-rischio-parla-lassessore-esposito\/\" target=\"_blank\">Am 9. September sagte der neue Assessor f\u00fcr Mobilit\u00e4t, Stefano Esposito<\/a>, die Planung sei erst einmal gestoppt. Radfahrer in Rom sein, das w\u00fcnscht man keinem. <!--more--><\/p>\n<p>Der GRAB (<em>Grande Raccordo Anulate delle Bici)<\/em>, so genannt in Anlehnung an den r\u00f6mischen Autobahnring GRA, bleibt also vorerst ein Planungsgrab. Es werde ein paar gute Radwege geben, aber damit sei es genug. Fu\u00dfg\u00e4ngerzonen seien unm\u00f6glich, und Radwege auf der Stra\u00dfe, durch Linien markiert, auch: \u00bbKeinen Zentimeter\u00ab werde er bewilligen, sagte Assessor Esposito, der frank und frei zugab: \u00bbDie Mobilit\u00e4t in Rom ist au\u00dfer Kontrolle.\u00ab<\/p>\n<p>Als ich von Rom wegging, vor elf Jahren, war es schon \u00fcbel, aber nun scheint es, so das geht, noch \u00fcbler geworden zu sein. Marco Pierfranceschi schreibt in seinem Blog <em>Mammifero Bipede<\/em>, die Zahl der Radfahrer sei j\u00e4hrlich gestiegen, erfreulich, aber dann sei die Zahl der Automobile noch st\u00e4rker gewachsen, \u00bbwas alle unsere Bem\u00fchungen zunichte machte und eine Lage schuf, die weit schlimmer war als die anf\u00e4ngliche\u00ab.<\/p>\n<p><a href=\"https:\/\/manipogo.de\/wp-content\/uploads\/DSCN4053.jpg\"><img loading=\"lazy\" decoding=\"async\" class=\"size-full wp-image-9913\" title=\"DSCN4053\" src=\"https:\/\/manipogo.de\/wp-content\/uploads\/DSCN4053.jpg\" alt=\"\" width=\"540\" height=\"405\" srcset=\"https:\/\/manipogo.de\/wp-content\/uploads\/DSCN4053.jpg 540w, https:\/\/manipogo.de\/wp-content\/uploads\/DSCN4053-300x225.jpg 300w\" sizes=\"auto, (max-width: 540px) 100vw, 540px\" \/><\/a><\/p>\n<address class=\"wp-caption-dd\">Der Autor und die Autos<\/address>\n<\/div>\n<p>In meinen Romanen <em>M\u00f6rderisches Rom<\/em> und <em>Tod am Tiber<\/em> habe ich das ja auch thematisiert \u2013 diese automobilen Horden \u2013 und Marco unter dem Namen Mario B. als Pr\u00e4sidenten des Fahrradvereins <em>Tuttimbici<\/em> portr\u00e4tiert. Der Verein hie\u00df im Leben <em>Ruotalibera<\/em> , und wie in meinem Buch zog sich Marco von ihm zur\u00fcck. Er hatte sich 1988 in den Kampf f\u00fcr den Radverkehr gest\u00fcrzt, und Romano Puglisi war schon einige Jahre vorher aktiv geworden. Aber die Gladiatoren\u00a0 sind m\u00fcde.<\/p>\n<p>Marco zog <a href=\"https:\/\/mammiferobipede.wordpress.com\/2015\/10\/05\/il-cambiamento\/\" target=\"_blank\">in einem Beitrag Anfang Oktober <\/a>Bilanz: \u00bbWas mich die vergangenen siebenundzwanzig Jahre der Pilgerreise in der geistigen W\u00fcste dieser Stadt \u2013 oder besser: dieser Nation \u2013 gelehrt haben, ist, dass wir, wenn wir den eingeschlagenen Weg fortsetzen, wir nie mehr davon wegkommen. Eine kollektive Gewissenserforschung ist n\u00f6tig.\u00ab Die Versuchung, das Handtuch zu werfen, sei \u00fcberm\u00e4chtig.<\/p>\n<p>Man habe sich an die unkontrollierte Zunahme der Autos gew\u00f6hnt, an die Zunahme der Unf\u00e4lle, der Verkehrs\u00fcbertretungen, an die Staus. Die Radwege seien schlecht geplant und w\u00fcrden nicht gepflegt, was auch die letzten Radfahrer abschrecke, weil es zu gef\u00e4hrlich geworden sei. B\u00fcrger z\u00f6gen weg, um Ruhe zu finden, f\u00fchren aber mit dem Auto zur Arbeit in die Stadt, was den Verkehr vermehre.<\/p>\n<p>Eine kulturelle Revolution sei n\u00f6tig. Das Fahrrad habe seinen Platz in einer Gesamtstrategie mit Car Sharing und mehr \u00f6ffentlichem Nahverkehr mit Transport vor allem auf der Schiene. Marco bleibt ein Romantiker, aber wir brauchen die K\u00e4mpfer in aussichtlosen Lagen. Damals schon dachte ich, dass eines Tages nichts mehr sich bewegen w\u00fcrde auf den Stra\u00dfen der Ewigen Stadt, ein einziger Auto-Stau, und anscheinend sind wir nicht mehr weit davon entfernt.<\/p>\n","protected":false},"excerpt":{"rendered":"<p>\u00bbDer GRAB ist geboren!\u00abfreuten sich am 8. Mai dieses Jahres r\u00f6mische Fahrrad-Aktivisten. Die Planungsphase eines 44 Kilometer langen Radwegsystems durch die Ewige Stadt war abgeschlossen. Vier Monate sp\u00e4ter die kalte Dusche. Am 9. September sagte der neue Assessor f\u00fcr Mobilit\u00e4t, Stefano Esposito, die Planung sei erst einmal gestoppt. Radfahrer in Rom sein, das w\u00fcnscht man [&hellip;]<\/p>\n","protected":false},"author":1,"featured_media":0,"comment_status":"open","ping_status":"open","sticky":false,"template":"","format":"standard","meta":{"footnotes":""},"categories":[1222],"tags":[365,16],"class_list":["post-9912","post","type-post","status-publish","format-standard","hentry","category-fahrrad","tag-autos","tag-rom"],"yoast_head":"<!-- This site is optimized with the Yoast SEO plugin v27.3 - https:\/\/yoast.com\/product\/yoast-seo-wordpress\/ -->\n<title>Die Gladiatoren sind m\u00fcde - manipogo<\/title>\n<meta name=\"robots\" content=\"index, follow, max-snippet:-1, max-image-preview:large, max-video-preview:-1\" \/>\n<link rel=\"canonical\" href=\"https:\/\/manipogo.de\/?p=9912\" \/>\n<meta property=\"og:locale\" content=\"de_DE\" \/>\n<meta property=\"og:type\" content=\"article\" \/>\n<meta property=\"og:title\" content=\"Die Gladiatoren sind m\u00fcde - manipogo\" \/>\n<meta property=\"og:description\" content=\"\u00bbDer GRAB ist geboren!\u00abfreuten sich am 8. Mai dieses Jahres r\u00f6mische Fahrrad-Aktivisten. Die Planungsphase eines 44 Kilometer langen Radwegsystems durch die Ewige Stadt war abgeschlossen. Vier Monate sp\u00e4ter die kalte Dusche. Am 9. September sagte der neue Assessor f\u00fcr Mobilit\u00e4t, Stefano Esposito, die Planung sei erst einmal gestoppt. Radfahrer in Rom sein, das w\u00fcnscht man [&hellip;]\" \/>\n<meta property=\"og:url\" content=\"https:\/\/manipogo.de\/?p=9912\" \/>\n<meta property=\"og:site_name\" content=\"manipogo\" \/>\n<meta property=\"article:published_time\" content=\"2015-10-25T23:25:18+00:00\" \/>\n<meta property=\"article:modified_time\" content=\"2016-03-21T16:03:50+00:00\" \/>\n<meta property=\"og:image\" content=\"http:\/\/manipogo.de\/wp-content\/uploads\/DSCN4053.jpg\" \/>\n<meta name=\"author\" content=\"web108\" \/>\n<meta name=\"twitter:card\" content=\"summary_large_image\" \/>\n<meta name=\"twitter:label1\" content=\"Verfasst von\" \/>\n\t<meta name=\"twitter:data1\" content=\"web108\" \/>\n\t<meta name=\"twitter:label2\" content=\"Gesch\u00e4tzte Lesezeit\" \/>\n\t<meta name=\"twitter:data2\" content=\"2\u00a0Minuten\" \/>\n<script type=\"application\/ld+json\" class=\"yoast-schema-graph\">{\"@context\":\"https:\\\/\\\/schema.org\",\"@graph\":[{\"@type\":\"Article\",\"@id\":\"https:\\\/\\\/manipogo.de\\\/?p=9912#article\",\"isPartOf\":{\"@id\":\"https:\\\/\\\/manipogo.de\\\/?p=9912\"},\"author\":{\"name\":\"web108\",\"@id\":\"https:\\\/\\\/manipogo.de\\\/#\\\/schema\\\/person\\\/991913de0e39267877f234553fd7f58d\"},\"headline\":\"Die Gladiatoren sind m\u00fcde\",\"datePublished\":\"2015-10-25T23:25:18+00:00\",\"dateModified\":\"2016-03-21T16:03:50+00:00\",\"mainEntityOfPage\":{\"@id\":\"https:\\\/\\\/manipogo.de\\\/?p=9912\"},\"wordCount\":493,\"commentCount\":0,\"image\":{\"@id\":\"https:\\\/\\\/manipogo.de\\\/?p=9912#primaryimage\"},\"thumbnailUrl\":\"http:\\\/\\\/manipogo.de\\\/wp-content\\\/uploads\\\/DSCN4053.jpg\",\"keywords\":[\"Autos.\",\"Rom\"],\"articleSection\":[\"Fahrrad\"],\"inLanguage\":\"de\",\"potentialAction\":[{\"@type\":\"CommentAction\",\"name\":\"Comment\",\"target\":[\"https:\\\/\\\/manipogo.de\\\/?p=9912#respond\"]}]},{\"@type\":\"WebPage\",\"@id\":\"https:\\\/\\\/manipogo.de\\\/?p=9912\",\"url\":\"https:\\\/\\\/manipogo.de\\\/?p=9912\",\"name\":\"Die Gladiatoren sind m\u00fcde - manipogo\",\"isPartOf\":{\"@id\":\"https:\\\/\\\/manipogo.de\\\/#website\"},\"primaryImageOfPage\":{\"@id\":\"https:\\\/\\\/manipogo.de\\\/?p=9912#primaryimage\"},\"image\":{\"@id\":\"https:\\\/\\\/manipogo.de\\\/?p=9912#primaryimage\"},\"thumbnailUrl\":\"http:\\\/\\\/manipogo.de\\\/wp-content\\\/uploads\\\/DSCN4053.jpg\",\"datePublished\":\"2015-10-25T23:25:18+00:00\",\"dateModified\":\"2016-03-21T16:03:50+00:00\",\"author\":{\"@id\":\"https:\\\/\\\/manipogo.de\\\/#\\\/schema\\\/person\\\/991913de0e39267877f234553fd7f58d\"},\"breadcrumb\":{\"@id\":\"https:\\\/\\\/manipogo.de\\\/?p=9912#breadcrumb\"},\"inLanguage\":\"de\",\"potentialAction\":[{\"@type\":\"ReadAction\",\"target\":[\"https:\\\/\\\/manipogo.de\\\/?p=9912\"]}]},{\"@type\":\"ImageObject\",\"inLanguage\":\"de\",\"@id\":\"https:\\\/\\\/manipogo.de\\\/?p=9912#primaryimage\",\"url\":\"http:\\\/\\\/manipogo.de\\\/wp-content\\\/uploads\\\/DSCN4053.jpg\",\"contentUrl\":\"http:\\\/\\\/manipogo.de\\\/wp-content\\\/uploads\\\/DSCN4053.jpg\"},{\"@type\":\"BreadcrumbList\",\"@id\":\"https:\\\/\\\/manipogo.de\\\/?p=9912#breadcrumb\",\"itemListElement\":[{\"@type\":\"ListItem\",\"position\":1,\"name\":\"Startseite\",\"item\":\"https:\\\/\\\/manipogo.de\\\/\"},{\"@type\":\"ListItem\",\"position\":2,\"name\":\"Die Gladiatoren sind m\u00fcde\"}]},{\"@type\":\"WebSite\",\"@id\":\"https:\\\/\\\/manipogo.de\\\/#website\",\"url\":\"https:\\\/\\\/manipogo.de\\\/\",\"name\":\"manipogo\",\"description\":\"Gott und die Welt\",\"potentialAction\":[{\"@type\":\"SearchAction\",\"target\":{\"@type\":\"EntryPoint\",\"urlTemplate\":\"https:\\\/\\\/manipogo.de\\\/?s={search_term_string}\"},\"query-input\":{\"@type\":\"PropertyValueSpecification\",\"valueRequired\":true,\"valueName\":\"search_term_string\"}}],\"inLanguage\":\"de\"},{\"@type\":\"Person\",\"@id\":\"https:\\\/\\\/manipogo.de\\\/#\\\/schema\\\/person\\\/991913de0e39267877f234553fd7f58d\",\"name\":\"web108\",\"url\":\"https:\\\/\\\/manipogo.de\\\/?author=1\"}]}<\/script>\n<!-- \/ Yoast SEO plugin. -->","yoast_head_json":{"title":"Die Gladiatoren sind m\u00fcde - manipogo","robots":{"index":"index","follow":"follow","max-snippet":"max-snippet:-1","max-image-preview":"max-image-preview:large","max-video-preview":"max-video-preview:-1"},"canonical":"https:\/\/manipogo.de\/?p=9912","og_locale":"de_DE","og_type":"article","og_title":"Die Gladiatoren sind m\u00fcde - manipogo","og_description":"\u00bbDer GRAB ist geboren!\u00abfreuten sich am 8. Mai dieses Jahres r\u00f6mische Fahrrad-Aktivisten. Die Planungsphase eines 44 Kilometer langen Radwegsystems durch die Ewige Stadt war abgeschlossen. Vier Monate sp\u00e4ter die kalte Dusche. Am 9. September sagte der neue Assessor f\u00fcr Mobilit\u00e4t, Stefano Esposito, die Planung sei erst einmal gestoppt. Radfahrer in Rom sein, das w\u00fcnscht man [&hellip;]","og_url":"https:\/\/manipogo.de\/?p=9912","og_site_name":"manipogo","article_published_time":"2015-10-25T23:25:18+00:00","article_modified_time":"2016-03-21T16:03:50+00:00","og_image":[{"url":"http:\/\/manipogo.de\/wp-content\/uploads\/DSCN4053.jpg","type":"","width":"","height":""}],"author":"web108","twitter_card":"summary_large_image","twitter_misc":{"Verfasst von":"web108","Gesch\u00e4tzte Lesezeit":"2\u00a0Minuten"},"schema":{"@context":"https:\/\/schema.org","@graph":[{"@type":"Article","@id":"https:\/\/manipogo.de\/?p=9912#article","isPartOf":{"@id":"https:\/\/manipogo.de\/?p=9912"},"author":{"name":"web108","@id":"https:\/\/manipogo.de\/#\/schema\/person\/991913de0e39267877f234553fd7f58d"},"headline":"Die Gladiatoren sind m\u00fcde","datePublished":"2015-10-25T23:25:18+00:00","dateModified":"2016-03-21T16:03:50+00:00","mainEntityOfPage":{"@id":"https:\/\/manipogo.de\/?p=9912"},"wordCount":493,"commentCount":0,"image":{"@id":"https:\/\/manipogo.de\/?p=9912#primaryimage"},"thumbnailUrl":"http:\/\/manipogo.de\/wp-content\/uploads\/DSCN4053.jpg","keywords":["Autos.","Rom"],"articleSection":["Fahrrad"],"inLanguage":"de","potentialAction":[{"@type":"CommentAction","name":"Comment","target":["https:\/\/manipogo.de\/?p=9912#respond"]}]},{"@type":"WebPage","@id":"https:\/\/manipogo.de\/?p=9912","url":"https:\/\/manipogo.de\/?p=9912","name":"Die Gladiatoren sind m\u00fcde - manipogo","isPartOf":{"@id":"https:\/\/manipogo.de\/#website"},"primaryImageOfPage":{"@id":"https:\/\/manipogo.de\/?p=9912#primaryimage"},"image":{"@id":"https:\/\/manipogo.de\/?p=9912#primaryimage"},"thumbnailUrl":"http:\/\/manipogo.de\/wp-content\/uploads\/DSCN4053.jpg","datePublished":"2015-10-25T23:25:18+00:00","dateModified":"2016-03-21T16:03:50+00:00","author":{"@id":"https:\/\/manipogo.de\/#\/schema\/person\/991913de0e39267877f234553fd7f58d"},"breadcrumb":{"@id":"https:\/\/manipogo.de\/?p=9912#breadcrumb"},"inLanguage":"de","potentialAction":[{"@type":"ReadAction","target":["https:\/\/manipogo.de\/?p=9912"]}]},{"@type":"ImageObject","inLanguage":"de","@id":"https:\/\/manipogo.de\/?p=9912#primaryimage","url":"http:\/\/manipogo.de\/wp-content\/uploads\/DSCN4053.jpg","contentUrl":"http:\/\/manipogo.de\/wp-content\/uploads\/DSCN4053.jpg"},{"@type":"BreadcrumbList","@id":"https:\/\/manipogo.de\/?p=9912#breadcrumb","itemListElement":[{"@type":"ListItem","position":1,"name":"Startseite","item":"https:\/\/manipogo.de\/"},{"@type":"ListItem","position":2,"name":"Die Gladiatoren sind m\u00fcde"}]},{"@type":"WebSite","@id":"https:\/\/manipogo.de\/#website","url":"https:\/\/manipogo.de\/","name":"manipogo","description":"Gott und die Welt","potentialAction":[{"@type":"SearchAction","target":{"@type":"EntryPoint","urlTemplate":"https:\/\/manipogo.de\/?s={search_term_string}"},"query-input":{"@type":"PropertyValueSpecification","valueRequired":true,"valueName":"search_term_string"}}],"inLanguage":"de"},{"@type":"Person","@id":"https:\/\/manipogo.de\/#\/schema\/person\/991913de0e39267877f234553fd7f58d","name":"web108","url":"https:\/\/manipogo.de\/?author=1"}]}},"_links":{"self":[{"href":"https:\/\/manipogo.de\/index.php?rest_route=\/wp\/v2\/posts\/9912","targetHints":{"allow":["GET"]}}],"collection":[{"href":"https:\/\/manipogo.de\/index.php?rest_route=\/wp\/v2\/posts"}],"about":[{"href":"https:\/\/manipogo.de\/index.php?rest_route=\/wp\/v2\/types\/post"}],"author":[{"embeddable":true,"href":"https:\/\/manipogo.de\/index.php?rest_route=\/wp\/v2\/users\/1"}],"replies":[{"embeddable":true,"href":"https:\/\/manipogo.de\/index.php?rest_route=%2Fwp%2Fv2%2Fcomments&post=9912"}],"version-history":[{"count":7,"href":"https:\/\/manipogo.de\/index.php?rest_route=\/wp\/v2\/posts\/9912\/revisions"}],"predecessor-version":[{"id":10765,"href":"https:\/\/manipogo.de\/index.php?rest_route=\/wp\/v2\/posts\/9912\/revisions\/10765"}],"wp:attachment":[{"href":"https:\/\/manipogo.de\/index.php?rest_route=%2Fwp%2Fv2%2Fmedia&parent=9912"}],"wp:term":[{"taxonomy":"category","embeddable":true,"href":"https:\/\/manipogo.de\/index.php?rest_route=%2Fwp%2Fv2%2Fcategories&post=9912"},{"taxonomy":"post_tag","embeddable":true,"href":"https:\/\/manipogo.de\/index.php?rest_route=%2Fwp%2Fv2%2Ftags&post=9912"}],"curies":[{"name":"wp","href":"https:\/\/api.w.org\/{rel}","templated":true}]}}